{"id":11785,"date":"2023-01-09T16:27:20","date_gmt":"2023-01-09T15:27:20","guid":{"rendered":"https:\/\/serveiseducatius.xtec.cat\/vallesoccidental7\/?p=11785"},"modified":"2023-01-09T16:27:20","modified_gmt":"2023-01-09T15:27:20","slug":"jornada-de-promocio-del-poble-gitano-2022-2023","status":"publish","type":"post","link":"https:\/\/serveiseducatius.xtec.cat\/vallesoccidental7\/general\/jornada-de-promocio-del-poble-gitano-2022-2023\/","title":{"rendered":"Jornada de promoci\u00f3 del poble gitano 2022-2023."},"content":{"rendered":"<p>Dimecres, 14 de desembre, es va celebrar al Departament d\u2019Educaci\u00f3 de la Generalitat de Catalunya la Jornada de promoci\u00f3 del poble gitano 2022-2023.<br \/>\nHi assistiren, entre molts d\u2019altres, l\u2019inspector de zona, el Sr Carles Torres, la promotora de Badia del Vall\u00e8s, Sra. Damiana Singla, i, en nom del Servei Educatiu, la Sra.\u00a0Lou Cair\u00f3. Despr\u00e9s de la presentaci\u00f3 a c\u00e0rrec de la Directora General d\u2019Atenci\u00f3 a la Fam\u00edlia i la Comunitat Educativa, el Sr Miguel \u00c1ngel Franconetti (Cap d\u2019\u00e0rea de la Fundaci\u00f3 Pare Closa) i la Sra Carme M\u00e9ndez (directora de la Fundaci\u00f3 Secretariado Gitano), varen parlar sobre la figura del promotor\/a escolar, les seves funcions, les tasques que duu a terme, les fites aconseguides i els reptes de futur.<br \/>\nA continuaci\u00f3, es presentaren diverses pr\u00e0ctiques de refer\u00e8ncia, entre les quals la del treball que es porta a terme als centres de Badia del Vall\u00e8s, per part de la nostra promotora<\/p>\n<p>.<img loading=\"lazy\" decoding=\"async\" class=\"alignnone size-large wp-image-11788\" src=\"https:\/\/serveiseducatius.xtec.cat\/vallesoccidental7\/wp-content\/uploads\/usu1104\/2023\/01\/Captura-2.jpg\" alt=\"\" width=\"596\" height=\"494\" srcset=\"https:\/\/serveiseducatius.xtec.cat\/vallesoccidental7\/wp-content\/uploads\/usu1104\/2023\/01\/Captura-2.jpg 596w, https:\/\/serveiseducatius.xtec.cat\/vallesoccidental7\/wp-content\/uploads\/usu1104\/2023\/01\/Captura-2-300x250.jpg 300w\" sizes=\"auto, (max-width: 596px) 100vw, 596px\" \/><\/p>\n","protected":false},"excerpt":{"rendered":"<p>Dimecres, 14 de desembre, es va celebrar al Departament d\u2019Educaci\u00f3 de la Generalitat de Catalunya la Jornada de promoci\u00f3 del poble gitano 2022-2023. Hi assistiren, entre molts d\u2019altres, l\u2019inspector de zona, el Sr Carles Torres, la promotora de Badia del Vall\u00e8s, Sra. Damiana Singla, i, en nom del Servei Educatiu, la Sra.\u00a0Lou Cair\u00f3. Despr\u00e9s de [&hellip;]<\/p>\n","protected":false},"author":5,"featured_media":11787,"comment_status":"open","ping_status":"closed","sticky":false,"template":"","format":"standard","meta":{"_bbp_topic_count":0,"_bbp_reply_count":0,"_bbp_total_topic_count":0,"_bbp_total_reply_count":0,"_bbp_voice_count":0,"_bbp_anonymous_reply_count":0,"_bbp_topic_count_hidden":0,"_bbp_reply_count_hidden":0,"_bbp_forum_subforum_count":0,"site-sidebar-layout":"default","site-content-layout":"","ast-site-content-layout":"","site-content-style":"default","site-sidebar-style":"default","ast-global-header-display":"","ast-banner-title-visibility":"","ast-main-header-display":"","ast-hfb-above-header-display":"","ast-hfb-below-header-display":"","ast-hfb-mobile-header-display":"","site-post-title":"","ast-breadcrumbs-content":"","ast-featured-img":"","footer-sml-layout":"","theme-transparent-header-meta":"","adv-header-id-meta":"","stick-header-meta":"","header-above-stick-meta":"","header-main-stick-meta":"","header-below-stick-meta":"","astra-migrate-meta-layouts":"default","ast-page-background-enabled":"default","ast-page-background-meta":{"desktop":{"background-color":"var(--ast-global-color-4)","background-image":"","background-repeat":"repeat","background-position":"center center","background-size":"auto","background-attachment":"scroll","background-type":"","background-media":"","overlay-type":"","overlay-color":"","overlay-opacity":"","overlay-gradient":""},"tablet":{"background-color":"","background-image":"","background-repeat":"repeat","background-position":"center center","background-size":"auto","background-attachment":"scroll","background-type":"","background-media":"","overlay-type":"","overlay-color":"","overlay-opacity":"","overlay-gradient":""},"mobile":{"background-color":"","background-image":"","background-repeat":"repeat","background-position":"center center","background-size":"auto","background-attachment":"scroll","background-type":"","background-media":"","overlay-type":"","overlay-color":"","overlay-opacity":"","overlay-gradient":""}},"ast-content-background-meta":{"desktop":{"background-color":"var(--ast-global-color-5)","background-image":"","background-repeat":"repeat","background-position":"center center","background-size":"auto","background-attachment":"scroll","background-type":"","background-media":"","overlay-type":"","overlay-color":"","overlay-opacity":"","overlay-gradient":""},"tablet":{"background-color":"var(--ast-global-color-5)","background-image":"","background-repeat":"repeat","background-position":"center center","background-size":"auto","background-attachment":"scroll","background-type":"","background-media":"","overlay-type":"","overlay-color":"","overlay-opacity":"","overlay-gradient":""},"mobile":{"background-color":"var(--ast-global-color-5)","background-image":"","background-repeat":"repeat","background-position":"center center","background-size":"auto","background-attachment":"scroll","background-type":"","background-media":"","overlay-type":"","overlay-color":"","overlay-opacity":"","overlay-gradient":""}},"footnotes":""},"categories":[68,1,29],"tags":[],"class_list":["post-11785","post","type-post","status-publish","format-standard","has-post-thumbnail","hentry","category-elic","category-general","category-portada"],"post_mailing_queue_ids":[],"_links":{"self":[{"href":"https:\/\/serveiseducatius.xtec.cat\/vallesoccidental7\/wp-json\/wp\/v2\/posts\/11785","targetHints":{"allow":["GET"]}}],"collection":[{"href":"https:\/\/serveiseducatius.xtec.cat\/vallesoccidental7\/wp-json\/wp\/v2\/posts"}],"about":[{"href":"https:\/\/serveiseducatius.xtec.cat\/vallesoccidental7\/wp-json\/wp\/v2\/types\/post"}],"author":[{"embeddable":true,"href":"https:\/\/serveiseducatius.xtec.cat\/vallesoccidental7\/wp-json\/wp\/v2\/users\/5"}],"replies":[{"embeddable":true,"href":"https:\/\/serveiseducatius.xtec.cat\/vallesoccidental7\/wp-json\/wp\/v2\/comments?post=11785"}],"version-history":[{"count":1,"href":"https:\/\/serveiseducatius.xtec.cat\/vallesoccidental7\/wp-json\/wp\/v2\/posts\/11785\/revisions"}],"predecessor-version":[{"id":11789,"href":"https:\/\/serveiseducatius.xtec.cat\/vallesoccidental7\/wp-json\/wp\/v2\/posts\/11785\/revisions\/11789"}],"wp:featuredmedia":[{"embeddable":true,"href":"https:\/\/serveiseducatius.xtec.cat\/vallesoccidental7\/wp-json\/wp\/v2\/media\/11787"}],"wp:attachment":[{"href":"https:\/\/serveiseducatius.xtec.cat\/vallesoccidental7\/wp-json\/wp\/v2\/media?parent=11785"}],"wp:term":[{"taxonomy":"category","embeddable":true,"href":"https:\/\/serveiseducatius.xtec.cat\/vallesoccidental7\/wp-json\/wp\/v2\/categories?post=11785"},{"taxonomy":"post_tag","embeddable":true,"href":"https:\/\/serveiseducatius.xtec.cat\/vallesoccidental7\/wp-json\/wp\/v2\/tags?post=11785"}],"curies":[{"name":"wp","href":"https:\/\/api.w.org\/{rel}","templated":true}]}}