{"id":11628,"date":"2022-07-06T14:36:18","date_gmt":"2022-07-06T12:36:18","guid":{"rendered":"https:\/\/serveiseducatius.xtec.cat\/vallesoccidental7\/?p=11628"},"modified":"2022-07-06T14:37:46","modified_gmt":"2022-07-06T12:37:46","slug":"un-estiu-per-llegir-revistes","status":"publish","type":"post","link":"https:\/\/serveiseducatius.xtec.cat\/vallesoccidental7\/general\/un-estiu-per-llegir-revistes\/","title":{"rendered":"Un estiu per llegir&#8230;revistes"},"content":{"rendered":"<p>Segur que molts de vosaltres esteu planificant quines seran les vostres lectures d&#8217;estiu.<\/p>\n<p>Des del Servei Educatiu us recordem que la Biblioteca del Departament d\u2019Educaci\u00f3 posa a la vostra disposici\u00f3 un extens cat\u00e0leg de revistes que podeu consultar a la p\u00e0gina de <a title=\"https:\/\/espai.educacio.gencat.cat\/Recursos\/Biblioteca\/Biblioteca-virtual\/Revistes-electroniques\/Pagines\/default.aspx\" href=\"https:\/\/espai.educacio.gencat.cat\/Recursos\/Biblioteca\/Biblioteca-virtual\/Revistes-electroniques\/Pagines\/default.aspx\" target=\"_blank\" rel=\"noopener noreferrer\" data-saferedirecturl=\"https:\/\/www.google.com\/url?q=https:\/\/espai.educacio.gencat.cat\/Recursos\/Biblioteca\/Biblioteca-virtual\/Revistes-electroniques\/Pagines\/default.aspx&amp;source=gmail&amp;ust=1589270452798000&amp;usg=AFQjCNGKNIHpkKSKfbmeTarDxDFk4Nu8dQ\">Revistes electr\u00f2niques<\/a> de la Intranet. \u00a0S\u00f3n totes accessibles en l\u00ednia, algunes gratu\u00eftes i d&#8217;altres que requereixen\u00a0claus d&#8217;acc\u00e9s.<\/p>\n<p><img loading=\"lazy\" decoding=\"async\" class=\"alignnone size-large wp-image-11630\" src=\"https:\/\/serveiseducatius.xtec.cat\/vallesoccidental7\/wp-content\/uploads\/usu1104\/2022\/07\/revistes-1024x287.jpg\" alt=\"\" width=\"1024\" height=\"287\" srcset=\"https:\/\/serveiseducatius.xtec.cat\/vallesoccidental7\/wp-content\/uploads\/usu1104\/2022\/07\/revistes-1024x287.jpg 1024w, https:\/\/serveiseducatius.xtec.cat\/vallesoccidental7\/wp-content\/uploads\/usu1104\/2022\/07\/revistes-300x84.jpg 300w, https:\/\/serveiseducatius.xtec.cat\/vallesoccidental7\/wp-content\/uploads\/usu1104\/2022\/07\/revistes-768x215.jpg 768w, https:\/\/serveiseducatius.xtec.cat\/vallesoccidental7\/wp-content\/uploads\/usu1104\/2022\/07\/revistes.jpg 1099w\" sizes=\"auto, (max-width: 1024px) 100vw, 1024px\" \/><\/p>\n<p>Perqu\u00e8 aneu fent boca, aquestes s\u00f3n algunes de les revistes que hi trobareu:<\/p>\n<p><strong><a href=\"http:\/\/alambique.grao.com\/\">Alambique<br \/>\n<\/a><\/strong>Did\u00e0ctica de les Ci\u00e8ncies Experimentals. Reflexions, recursos i experi\u00e8ncies per a l\u2019educaci\u00f3 prim\u00e0ria i secund\u00e0ria (ESO i Batxillerat). T\u00e9 com a objectiu proporcionar informaci\u00f3 \u00fatil per a la pr\u00e0ctica docent i per a l\u2019autoformaci\u00f3 del professorat.<\/p>\n<p><strong><a href=\"http:\/\/ambitsaaf.cat\/issue\/view\/154\">\u00c0mbits de psicopedagogia<br \/>\n<\/a><\/strong>Psicopedagogia i educaci\u00f3. S\u2019adre\u00e7a a professionals de la psicologia educativa, psicopedagogs, mestres i professionals vinculats al m\u00f3n educatiu.<\/p>\n<p><strong><a href=\"https:\/\/cat.grao.com\/ca\/tandem\">T\u00e0ndem: Did\u00e0ctica de l\u2019educaci\u00f3 f\u00edsica<\/a>\u00a0\u00a0<\/strong><br \/>\nRevista per al professorat d\u2019educaci\u00f3 f\u00edsica. Did\u00e0ctica de l\u2019educaci\u00f3 f\u00edsica i l\u2019esport a l\u2019escola. Ofereix unitats did\u00e0ctiques d\u2019educaci\u00f3 f\u00edsica.<\/p>\n<p><strong><a href=\"https:\/\/cat.grao.com\/ca\/guix\">Guix<\/a><br \/>\n<\/strong>Des de 1997, Guix es mant\u00e9 fidel a la tradici\u00f3 educativa i donant suport a la renovaci\u00f3 educativa pedag\u00f2gica a trav\u00e9s de la reflexi\u00f3 i la pr\u00e0ctica.<\/p>\n<p><strong><a href=\"https:\/\/cat.grao.com\/ca\/iber\">\u00cdber<\/a><\/strong><br \/>\nReflexions, recursos i experi\u00e8ncies de les Ci\u00e8ncies Socials per a educaci\u00f3 prim\u00e0ria i secund\u00e0ria (ESO i Batxillerat).<\/p>\n<p><strong><a href=\"https:\/\/www.rosasensat.org\/revistes\/in-fan-ci-a\/\">Inf\u00e0ncia<\/a><br \/>\n<\/strong>Revista de l\u2019Associaci\u00f3 de Mestres Rosa Sensat que contribueix a difondre diverses maneres d\u2019atendre i educar els infants, des del naixement fins als 6 anys, amb articles te\u00f2rics i pr\u00e0ctics.<\/p>\n<p><strong><a href=\"http:\/\/articles.grao.com\/\">Articles<br \/>\n<\/a><\/strong>Articles de Did\u00e0ctica de la Llengua i de la Literatura. T\u00e9 com a objectiu ser un instrument de formaci\u00f3 permanent dels professionals de l\u2019ensenyament de la llengua, un espai d\u2019intercanvi i de coneixements, opinions, recerques i experi\u00e8ncies.<\/p>\n<p>I moltes m\u00e9s&#8230;<\/p>\n<p>Esperem que us resulti interessant i entretingut.<\/p>\n<p>Bon estiu!!!<\/p>\n","protected":false},"excerpt":{"rendered":"<p>Segur que molts de vosaltres esteu planificant quines seran les vostres lectures d&#8217;estiu. Des del Servei Educatiu us recordem que la Biblioteca del Departament d\u2019Educaci\u00f3 posa a la vostra disposici\u00f3 un extens cat\u00e0leg de revistes que podeu consultar a la p\u00e0gina de Revistes electr\u00f2niques de la Intranet. \u00a0S\u00f3n totes accessibles en l\u00ednia, algunes gratu\u00eftes i [&hellip;]<\/p>\n","protected":false},"author":5,"featured_media":11630,"comment_status":"open","ping_status":"closed","sticky":false,"template":"","format":"standard","meta":{"_bbp_topic_count":0,"_bbp_reply_count":0,"_bbp_total_topic_count":0,"_bbp_total_reply_count":0,"_bbp_voice_count":0,"_bbp_anonymous_reply_count":0,"_bbp_topic_count_hidden":0,"_bbp_reply_count_hidden":0,"_bbp_forum_subforum_count":0,"site-sidebar-layout":"default","site-content-layout":"","ast-site-content-layout":"","site-content-style":"default","site-sidebar-style":"default","ast-global-header-display":"","ast-banner-title-visibility":"","ast-main-header-display":"","ast-hfb-above-header-display":"","ast-hfb-below-header-display":"","ast-hfb-mobile-header-display":"","site-post-title":"","ast-breadcrumbs-content":"","ast-featured-img":"","footer-sml-layout":"","theme-transparent-header-meta":"","adv-header-id-meta":"","stick-header-meta":"","header-above-stick-meta":"","header-main-stick-meta":"","header-below-stick-meta":"","astra-migrate-meta-layouts":"default","ast-page-background-enabled":"default","ast-page-background-meta":{"desktop":{"background-color":"var(--ast-global-color-4)","background-image":"","background-repeat":"repeat","background-position":"center center","background-size":"auto","background-attachment":"scroll","background-type":"","background-media":"","overlay-type":"","overlay-color":"","overlay-opacity":"","overlay-gradient":""},"tablet":{"background-color":"","background-image":"","background-repeat":"repeat","background-position":"center center","background-size":"auto","background-attachment":"scroll","background-type":"","background-media":"","overlay-type":"","overlay-color":"","overlay-opacity":"","overlay-gradient":""},"mobile":{"background-color":"","background-image":"","background-repeat":"repeat","background-position":"center center","background-size":"auto","background-attachment":"scroll","background-type":"","background-media":"","overlay-type":"","overlay-color":"","overlay-opacity":"","overlay-gradient":""}},"ast-content-background-meta":{"desktop":{"background-color":"var(--ast-global-color-5)","background-image":"","background-repeat":"repeat","background-position":"center center","background-size":"auto","background-attachment":"scroll","background-type":"","background-media":"","overlay-type":"","overlay-color":"","overlay-opacity":"","overlay-gradient":""},"tablet":{"background-color":"var(--ast-global-color-5)","background-image":"","background-repeat":"repeat","background-position":"center center","background-size":"auto","background-attachment":"scroll","background-type":"","background-media":"","overlay-type":"","overlay-color":"","overlay-opacity":"","overlay-gradient":""},"mobile":{"background-color":"var(--ast-global-color-5)","background-image":"","background-repeat":"repeat","background-position":"center center","background-size":"auto","background-attachment":"scroll","background-type":"","background-media":"","overlay-type":"","overlay-color":"","overlay-opacity":"","overlay-gradient":""}},"footnotes":""},"categories":[1,29,76],"tags":[147,367],"class_list":["post-11628","post","type-post","status-publish","format-standard","has-post-thumbnail","hentry","category-general","category-portada","category-recursos","tag-el-gust-per-la-lectura","tag-recursos"],"post_mailing_queue_ids":[],"_links":{"self":[{"href":"https:\/\/serveiseducatius.xtec.cat\/vallesoccidental7\/wp-json\/wp\/v2\/posts\/11628","targetHints":{"allow":["GET"]}}],"collection":[{"href":"https:\/\/serveiseducatius.xtec.cat\/vallesoccidental7\/wp-json\/wp\/v2\/posts"}],"about":[{"href":"https:\/\/serveiseducatius.xtec.cat\/vallesoccidental7\/wp-json\/wp\/v2\/types\/post"}],"author":[{"embeddable":true,"href":"https:\/\/serveiseducatius.xtec.cat\/vallesoccidental7\/wp-json\/wp\/v2\/users\/5"}],"replies":[{"embeddable":true,"href":"https:\/\/serveiseducatius.xtec.cat\/vallesoccidental7\/wp-json\/wp\/v2\/comments?post=11628"}],"version-history":[{"count":3,"href":"https:\/\/serveiseducatius.xtec.cat\/vallesoccidental7\/wp-json\/wp\/v2\/posts\/11628\/revisions"}],"predecessor-version":[{"id":11632,"href":"https:\/\/serveiseducatius.xtec.cat\/vallesoccidental7\/wp-json\/wp\/v2\/posts\/11628\/revisions\/11632"}],"wp:featuredmedia":[{"embeddable":true,"href":"https:\/\/serveiseducatius.xtec.cat\/vallesoccidental7\/wp-json\/wp\/v2\/media\/11630"}],"wp:attachment":[{"href":"https:\/\/serveiseducatius.xtec.cat\/vallesoccidental7\/wp-json\/wp\/v2\/media?parent=11628"}],"wp:term":[{"taxonomy":"category","embeddable":true,"href":"https:\/\/serveiseducatius.xtec.cat\/vallesoccidental7\/wp-json\/wp\/v2\/categories?post=11628"},{"taxonomy":"post_tag","embeddable":true,"href":"https:\/\/serveiseducatius.xtec.cat\/vallesoccidental7\/wp-json\/wp\/v2\/tags?post=11628"}],"curies":[{"name":"wp","href":"https:\/\/api.w.org\/{rel}","templated":true}]}}