{"id":11572,"date":"2022-05-27T12:34:31","date_gmt":"2022-05-27T10:34:31","guid":{"rendered":"https:\/\/serveiseducatius.xtec.cat\/vallesoccidental7\/?p=11572"},"modified":"2022-05-27T12:34:59","modified_gmt":"2022-05-27T10:34:59","slug":"capsules-audiovisuals-pedagogiques-de-lescola-de-cultura-de-pau-de-la-uab","status":"publish","type":"post","link":"https:\/\/serveiseducatius.xtec.cat\/vallesoccidental7\/general\/capsules-audiovisuals-pedagogiques-de-lescola-de-cultura-de-pau-de-la-uab\/","title":{"rendered":"C\u00e0psules audiovisuals pedag\u00f2giques de l&#8217;Escola de Cultura de Pau de la UAB."},"content":{"rendered":"<p>Des de l&#8217;<a title=\"https:\/\/escolapau.uab.cat\/ca\/inicio\/\" href=\"https:\/\/escolapau.uab.cat\/ca\/inicio\/\" target=\"_blank\" rel=\"noopener noreferrer\" data-saferedirecturl=\"https:\/\/www.google.com\/url?q=https:\/\/escolapau.uab.cat\/ca\/inicio\/&amp;source=gmail&amp;ust=1653732714407000&amp;usg=AOvVaw1cZRpemNf1kpA499vV2wUk\">Escola de Cultura de Pau de la UAB<\/a> han elaborat nous recursos de suport per a activitats d&#8217;educaci\u00f3 per la pau i la just\u00edcia global a l&#8217;aula. Es tracta de c\u00e0psules audiovisuals, d&#8217;una durada d&#8217;uns 9 minuts, per treballar 3 aspectes dels conflictes armats en temps de pand\u00e8mia: la dimensi\u00f3 de g\u00e8nere, el canvi clim\u00e0tic i els despla\u00e7aments for\u00e7ats.<\/p>\n<table style=\"height: 335px; width: 63.963%; border-collapse: collapse; border-style: none;\">\n<tbody>\n<tr>\n<td style=\"width: 33.3333%;\"><iframe loading=\"lazy\" src=\"\/\/www.youtube.com\/embed\/FTy1quwMZ0A\" width=\"560\" height=\"314\" allowfullscreen=\"allowfullscreen\"><\/iframe><\/td>\n<\/tr>\n<tr>\n<td style=\"width: 33.3333%;\"><iframe loading=\"lazy\" src=\"\/\/www.youtube.com\/embed\/jc8LOh0cb9M\" width=\"560\" height=\"314\" allowfullscreen=\"allowfullscreen\"><\/iframe><\/td>\n<\/tr>\n<tr>\n<td style=\"width: 33.3333%;\"><iframe loading=\"lazy\" src=\"\/\/www.youtube.com\/embed\/cAwm-6Lmwgc\" width=\"560\" height=\"314\" allowfullscreen=\"allowfullscreen\"><\/iframe><\/td>\n<\/tr>\n<\/tbody>\n<\/table>\n<div>\n<div><\/div>\n<div>Centres educatius de Sabadell, Palafrugell i Castellar del Vall\u00e8s ja les estan utilitzant.<\/div>\n<div><\/div>\n<div>\n<ul>\n<li><b><a title=\"https:\/\/www.youtube.com\/watch?v=FTy1quwMZ0A\" href=\"https:\/\/www.youtube.com\/watch?v=FTy1quwMZ0A\" target=\"_blank\" rel=\"noopener noreferrer\" data-saferedirecturl=\"https:\/\/www.google.com\/url?q=https:\/\/www.youtube.com\/watch?v%3DFTy1quwMZ0A&amp;source=gmail&amp;ust=1653732714408000&amp;usg=AOvVaw3ajABRnczpCPIwmg5GsD8N\">Conflictes armats i dimensi\u00f3 de g\u00e8nere en temps de pand\u00e8mia\u00a0<\/a><\/b><br \/>\nC\u00e0psula audiovisual educativa per abordar a l\u2019aula els impactes de g\u00e8nere dels conflictes armats i el paper de les dones i joves en la construcci\u00f3 de pau, aix\u00ed com per abordar propostes de preguntes per a l\u2019acci\u00f3. Aquesta c\u00e0psula incorpora tamb\u00e9 el context global de pand\u00e8mia de la COVID-19. Ha sigut ja utilitzat en el marc del projecte per tractar la 1a Guerra Mundial a hist\u00f2ria de 4t d\u2019ESO de l\u2019Institut Ca n\u2019Oriac (Sabadell, febrer-mar\u00e7 de 2022). Es pot veure aqu\u00ed:\u00a0<a href=\"https:\/\/youtu.be\/FTy1quwMZ0A\" target=\"_blank\" rel=\"noopener noreferrer\" data-saferedirecturl=\"https:\/\/www.google.com\/url?q=https:\/\/youtu.be\/FTy1quwMZ0A&amp;source=gmail&amp;ust=1653732714408000&amp;usg=AOvVaw31L2xeQ2Tgf6rO5sIupgZL\">https:\/\/youtu.be\/<wbr \/>FTy1quwMZ0A<\/a><\/li>\n<\/ul>\n<ul>\n<li><b><a title=\"https:\/\/www.youtube.com\/watch?v=jc8LOh0cb9M\" href=\"https:\/\/www.youtube.com\/watch?v=jc8LOh0cb9M\" target=\"_blank\" rel=\"noopener noreferrer\" data-saferedirecturl=\"https:\/\/www.google.com\/url?q=https:\/\/www.youtube.com\/watch?v%3Djc8LOh0cb9M&amp;source=gmail&amp;ust=1653732714408000&amp;usg=AOvVaw1Tet2oel9ysFdaIFYJ__Z7\">Conflictes armats i canvi clim\u00e0tic en temps de pand\u00e8mia\u00a0\u00a0<\/a><\/b><br \/>\nC\u00e0psula audiovisual educativa per abordar a l\u2019aula les interrelacions entre canvi clim\u00e0tic i conflictes armats al m\u00f3n, amb el context global de pand\u00e8mia de la COVID-19 de fons. L&#8217;escola Torres Jonama de Palafrugell ja l&#8217;ha fet servir en el projecte \u201cEcofeminisme, conflictes armatsi pand\u00e8mia\u201d amb els tres grups de sis\u00e8 (mar\u00e7-juny de 2022). Es pot veure aqu\u00ed:\u00a0<a href=\"https:\/\/youtu.be\/jc8LOh0cb9M\" target=\"_blank\" rel=\"noopener noreferrer\" data-saferedirecturl=\"https:\/\/www.google.com\/url?q=https:\/\/youtu.be\/jc8LOh0cb9M&amp;source=gmail&amp;ust=1653732714408000&amp;usg=AOvVaw3T77ZIm3TAXbVZyC_UO6_U\">https:\/\/youtu.be\/<wbr \/>jc8LOh0cb9M<\/a><\/p>\n<div><\/div>\n<\/li>\n<li>\n<div><b><a title=\"https:\/\/www.youtube.com\/watch?v=cAwm-6Lmwgc\" href=\"https:\/\/www.youtube.com\/watch?v=cAwm-6Lmwgc\" target=\"_blank\" rel=\"noopener noreferrer\" data-saferedirecturl=\"https:\/\/www.google.com\/url?q=https:\/\/www.youtube.com\/watch?v%3DcAwm-6Lmwgc&amp;source=gmail&amp;ust=1653732714408000&amp;usg=AOvVaw3o4o2hXLzyqiJ2aDL81YKq\">Conflictes armats i despla\u00e7ament for\u00e7at en temps de pand\u00e8mia\u00a0\u00a0<\/a><br \/>\n<\/b><\/div>\n<div>C\u00e0psula audiovisual educativa per abordar a l\u2019aula les interrelacions entre els conflictes armats, el despla\u00e7ament for\u00e7at de poblaci\u00f3 civil i el refugi, aix\u00ed com abordar propostes d\u2019acci\u00f3. Ha sigut utilitzat en el marc del projecte transversal \u201cRefugi\u201d de 2n d&#8217;ESO de l\u2019IE Sant Esteve (Castellar del Vall\u00e8s, maig de 2022). Es pot veure aqu\u00ed:\u00a0<a href=\"https:\/\/youtu.be\/cAwm-6Lmwgc\" target=\"_blank\" rel=\"noopener noreferrer\" data-saferedirecturl=\"https:\/\/www.google.com\/url?q=https:\/\/youtu.be\/cAwm-6Lmwgc&amp;source=gmail&amp;ust=1653732714408000&amp;usg=AOvVaw0Z5t3MXlC9VaIg8kiOTGu9\">https:\/\/youtu.be\/cAwm-<wbr \/>6Lmwgc<\/a><\/div>\n<\/li>\n<\/ul>\n<\/div>\n<\/div>\n<p>&nbsp;<\/p>\n","protected":false},"excerpt":{"rendered":"<p>Des de l&#8217;Escola de Cultura de Pau de la UAB han elaborat nous recursos de suport per a activitats d&#8217;educaci\u00f3 per la pau i la just\u00edcia global a l&#8217;aula. Es tracta de c\u00e0psules audiovisuals, d&#8217;una durada d&#8217;uns 9 minuts, per treballar 3 aspectes dels conflictes armats en temps de pand\u00e8mia: la dimensi\u00f3 de g\u00e8nere, el [&hellip;]<\/p>\n","protected":false},"author":5,"featured_media":11577,"comment_status":"open","ping_status":"closed","sticky":false,"template":"","format":"standard","meta":{"_bbp_topic_count":0,"_bbp_reply_count":0,"_bbp_total_topic_count":0,"_bbp_total_reply_count":0,"_bbp_voice_count":0,"_bbp_anonymous_reply_count":0,"_bbp_topic_count_hidden":0,"_bbp_reply_count_hidden":0,"_bbp_forum_subforum_count":0,"site-sidebar-layout":"default","site-content-layout":"","ast-site-content-layout":"","site-content-style":"default","site-sidebar-style":"default","ast-global-header-display":"","ast-banner-title-visibility":"","ast-main-header-display":"","ast-hfb-above-header-display":"","ast-hfb-below-header-display":"","ast-hfb-mobile-header-display":"","site-post-title":"","ast-breadcrumbs-content":"","ast-featured-img":"","footer-sml-layout":"","theme-transparent-header-meta":"","adv-header-id-meta":"","stick-header-meta":"","header-above-stick-meta":"","header-main-stick-meta":"","header-below-stick-meta":"","astra-migrate-meta-layouts":"default","ast-page-background-enabled":"default","ast-page-background-meta":{"desktop":{"background-color":"var(--ast-global-color-4)","background-image":"","background-repeat":"repeat","background-position":"center center","background-size":"auto","background-attachment":"scroll","background-type":"","background-media":"","overlay-type":"","overlay-color":"","overlay-opacity":"","overlay-gradient":""},"tablet":{"background-color":"","background-image":"","background-repeat":"repeat","background-position":"center center","background-size":"auto","background-attachment":"scroll","background-type":"","background-media":"","overlay-type":"","overlay-color":"","overlay-opacity":"","overlay-gradient":""},"mobile":{"background-color":"","background-image":"","background-repeat":"repeat","background-position":"center center","background-size":"auto","background-attachment":"scroll","background-type":"","background-media":"","overlay-type":"","overlay-color":"","overlay-opacity":"","overlay-gradient":""}},"ast-content-background-meta":{"desktop":{"background-color":"var(--ast-global-color-5)","background-image":"","background-repeat":"repeat","background-position":"center center","background-size":"auto","background-attachment":"scroll","background-type":"","background-media":"","overlay-type":"","overlay-color":"","overlay-opacity":"","overlay-gradient":""},"tablet":{"background-color":"var(--ast-global-color-5)","background-image":"","background-repeat":"repeat","background-position":"center center","background-size":"auto","background-attachment":"scroll","background-type":"","background-media":"","overlay-type":"","overlay-color":"","overlay-opacity":"","overlay-gradient":""},"mobile":{"background-color":"var(--ast-global-color-5)","background-image":"","background-repeat":"repeat","background-position":"center center","background-size":"auto","background-attachment":"scroll","background-type":"","background-media":"","overlay-type":"","overlay-color":"","overlay-opacity":"","overlay-gradient":""}},"footnotes":""},"categories":[1,29,76,65],"tags":[480,292,367],"class_list":["post-11572","post","type-post","status-publish","format-standard","has-post-thumbnail","hentry","category-general","category-portada","category-recursos","category-crp","tag-educacio-per-la-pau","tag-eso","tag-recursos"],"post_mailing_queue_ids":[],"_links":{"self":[{"href":"https:\/\/serveiseducatius.xtec.cat\/vallesoccidental7\/wp-json\/wp\/v2\/posts\/11572","targetHints":{"allow":["GET"]}}],"collection":[{"href":"https:\/\/serveiseducatius.xtec.cat\/vallesoccidental7\/wp-json\/wp\/v2\/posts"}],"about":[{"href":"https:\/\/serveiseducatius.xtec.cat\/vallesoccidental7\/wp-json\/wp\/v2\/types\/post"}],"author":[{"embeddable":true,"href":"https:\/\/serveiseducatius.xtec.cat\/vallesoccidental7\/wp-json\/wp\/v2\/users\/5"}],"replies":[{"embeddable":true,"href":"https:\/\/serveiseducatius.xtec.cat\/vallesoccidental7\/wp-json\/wp\/v2\/comments?post=11572"}],"version-history":[{"count":2,"href":"https:\/\/serveiseducatius.xtec.cat\/vallesoccidental7\/wp-json\/wp\/v2\/posts\/11572\/revisions"}],"predecessor-version":[{"id":11579,"href":"https:\/\/serveiseducatius.xtec.cat\/vallesoccidental7\/wp-json\/wp\/v2\/posts\/11572\/revisions\/11579"}],"wp:featuredmedia":[{"embeddable":true,"href":"https:\/\/serveiseducatius.xtec.cat\/vallesoccidental7\/wp-json\/wp\/v2\/media\/11577"}],"wp:attachment":[{"href":"https:\/\/serveiseducatius.xtec.cat\/vallesoccidental7\/wp-json\/wp\/v2\/media?parent=11572"}],"wp:term":[{"taxonomy":"category","embeddable":true,"href":"https:\/\/serveiseducatius.xtec.cat\/vallesoccidental7\/wp-json\/wp\/v2\/categories?post=11572"},{"taxonomy":"post_tag","embeddable":true,"href":"https:\/\/serveiseducatius.xtec.cat\/vallesoccidental7\/wp-json\/wp\/v2\/tags?post=11572"}],"curies":[{"name":"wp","href":"https:\/\/api.w.org\/{rel}","templated":true}]}}