{"id":11406,"date":"2022-04-01T11:12:11","date_gmt":"2022-04-01T09:12:11","guid":{"rendered":"https:\/\/serveiseducatius.xtec.cat\/vallesoccidental7\/?p=11406"},"modified":"2022-04-01T11:12:11","modified_gmt":"2022-04-01T09:12:11","slug":"20e-certamen-minerva","status":"publish","type":"post","link":"https:\/\/serveiseducatius.xtec.cat\/vallesoccidental7\/general\/20e-certamen-minerva\/","title":{"rendered":"20\u00e8 Certamen Minerva"},"content":{"rendered":"<p>El proper 20 d&#8217;abril tindr\u00e0 lloc l&#8217;acte de lliurament de premis del Certamen Minerva. Ens fa molta il\u00b7lusi\u00f3 poder-ho fer presencialment, despr\u00e9s de dos anys telem\u00e0tic.<\/p>\n<p>El Certamen Minerva, organitzat des del Servei Educatiu del Vall\u00e8s Occidental VII, reconeix cada curs els millors Treballs de Recerca de l&#8217;alumnat de Batxillerat dels instituts de la zona educativa de Badia del Vall\u00e8s i Barber\u00e0 del Vall\u00e8s<br \/>\nL&#8217;acte \u00e9s un reconeixement a la bona feina, tant de l&#8217;alumnat com del professorat dels nostres instituts. A m\u00e9s, esdev\u00e9 un mitj\u00e0 per difondre exemples entre els companys i les companyes que, en el futur, hauran de fer els seus propis treballs.<\/p>\n<p>L&#8217;alumnat premiat podr\u00e0 comptar amb la companyia de familiars i amics en un moment tan significatiu. A m\u00e9s, hi participaran alumnes de l&#8217;Escola de M\u00fasica de Barber\u00e0 i el Combo Jove de Badia.<\/p>\n<p>Aqu\u00ed teniu el recull d&#8217;alumnes i treballs premiats.<\/p>\n<p><a href=\"https:\/\/serveiseducatius.xtec.cat\/vallesoccidental7\/wp-content\/uploads\/usu1104\/2022\/04\/Cartell.png\">\u00a0 \u00a0 \u00a0 \u00a0 \u00a0 \u00a0 \u00a0 \u00a0 \u00a0<img loading=\"lazy\" decoding=\"async\" class=\"alignnone size-full wp-image-11408\" src=\"https:\/\/serveiseducatius.xtec.cat\/vallesoccidental7\/wp-content\/uploads\/usu1104\/2022\/04\/Cartell.png\" alt=\"\" width=\"343\" height=\"609\" srcset=\"https:\/\/serveiseducatius.xtec.cat\/vallesoccidental7\/wp-content\/uploads\/usu1104\/2022\/04\/Cartell.png 343w, https:\/\/serveiseducatius.xtec.cat\/vallesoccidental7\/wp-content\/uploads\/usu1104\/2022\/04\/Cartell-169x300.png 169w\" sizes=\"auto, (max-width: 343px) 100vw, 343px\" \/>\u00a0 \u00a0 \u00a0 \u00a0 \u00a0 \u00a0 \u00a0 \u00a0 \u00a0 \u00a0 \u00a0 \u00a0 \u00a0 \u00a0 \u00a0 \u00a0 \u00a0<\/a><a href=\"https:\/\/serveiseducatius.xtec.cat\/vallesoccidental7\/wp-content\/uploads\/usu1104\/2022\/04\/Treballs.png\"><img loading=\"lazy\" decoding=\"async\" class=\"alignnone size-full wp-image-11409\" src=\"https:\/\/serveiseducatius.xtec.cat\/vallesoccidental7\/wp-content\/uploads\/usu1104\/2022\/04\/Treballs.png\" alt=\"\" width=\"343\" height=\"613\" srcset=\"https:\/\/serveiseducatius.xtec.cat\/vallesoccidental7\/wp-content\/uploads\/usu1104\/2022\/04\/Treballs.png 343w, https:\/\/serveiseducatius.xtec.cat\/vallesoccidental7\/wp-content\/uploads\/usu1104\/2022\/04\/Treballs-168x300.png 168w\" sizes=\"auto, (max-width: 343px) 100vw, 343px\" \/><\/a><\/p>\n","protected":false},"excerpt":{"rendered":"<p>El proper 20 d&#8217;abril tindr\u00e0 lloc l&#8217;acte de lliurament de premis del Certamen Minerva. Ens fa molta il\u00b7lusi\u00f3 poder-ho fer presencialment, despr\u00e9s de dos anys telem\u00e0tic. El Certamen Minerva, organitzat des del Servei Educatiu del Vall\u00e8s Occidental VII, reconeix cada curs els millors Treballs de Recerca de l&#8217;alumnat de Batxillerat dels instituts de la zona [&hellip;]<\/p>\n","protected":false},"author":5,"featured_media":11408,"comment_status":"open","ping_status":"closed","sticky":false,"template":"","format":"standard","meta":{"_bbp_topic_count":0,"_bbp_reply_count":0,"_bbp_total_topic_count":0,"_bbp_total_reply_count":0,"_bbp_voice_count":0,"_bbp_anonymous_reply_count":0,"_bbp_topic_count_hidden":0,"_bbp_reply_count_hidden":0,"_bbp_forum_subforum_count":0,"site-sidebar-layout":"default","site-content-layout":"","ast-site-content-layout":"","site-content-style":"default","site-sidebar-style":"default","ast-global-header-display":"","ast-banner-title-visibility":"","ast-main-header-display":"","ast-hfb-above-header-display":"","ast-hfb-below-header-display":"","ast-hfb-mobile-header-display":"","site-post-title":"","ast-breadcrumbs-content":"","ast-featured-img":"","footer-sml-layout":"","theme-transparent-header-meta":"","adv-header-id-meta":"","stick-header-meta":"","header-above-stick-meta":"","header-main-stick-meta":"","header-below-stick-meta":"","astra-migrate-meta-layouts":"default","ast-page-background-enabled":"default","ast-page-background-meta":{"desktop":{"background-color":"var(--ast-global-color-4)","background-image":"","background-repeat":"repeat","background-position":"center center","background-size":"auto","background-attachment":"scroll","background-type":"","background-media":"","overlay-type":"","overlay-color":"","overlay-opacity":"","overlay-gradient":""},"tablet":{"background-color":"","background-image":"","background-repeat":"repeat","background-position":"center center","background-size":"auto","background-attachment":"scroll","background-type":"","background-media":"","overlay-type":"","overlay-color":"","overlay-opacity":"","overlay-gradient":""},"mobile":{"background-color":"","background-image":"","background-repeat":"repeat","background-position":"center center","background-size":"auto","background-attachment":"scroll","background-type":"","background-media":"","overlay-type":"","overlay-color":"","overlay-opacity":"","overlay-gradient":""}},"ast-content-background-meta":{"desktop":{"background-color":"var(--ast-global-color-5)","background-image":"","background-repeat":"repeat","background-position":"center center","background-size":"auto","background-attachment":"scroll","background-type":"","background-media":"","overlay-type":"","overlay-color":"","overlay-opacity":"","overlay-gradient":""},"tablet":{"background-color":"var(--ast-global-color-5)","background-image":"","background-repeat":"repeat","background-position":"center center","background-size":"auto","background-attachment":"scroll","background-type":"","background-media":"","overlay-type":"","overlay-color":"","overlay-opacity":"","overlay-gradient":""},"mobile":{"background-color":"var(--ast-global-color-5)","background-image":"","background-repeat":"repeat","background-position":"center center","background-size":"auto","background-attachment":"scroll","background-type":"","background-media":"","overlay-type":"","overlay-color":"","overlay-opacity":"","overlay-gradient":""}},"footnotes":""},"categories":[70,1,29],"tags":[249,463],"class_list":["post-11406","post","type-post","status-publish","format-standard","has-post-thumbnail","hentry","category-certamen-minerva","category-general","category-portada","tag-batxillerat","tag-premis"],"post_mailing_queue_ids":[],"_links":{"self":[{"href":"https:\/\/serveiseducatius.xtec.cat\/vallesoccidental7\/wp-json\/wp\/v2\/posts\/11406","targetHints":{"allow":["GET"]}}],"collection":[{"href":"https:\/\/serveiseducatius.xtec.cat\/vallesoccidental7\/wp-json\/wp\/v2\/posts"}],"about":[{"href":"https:\/\/serveiseducatius.xtec.cat\/vallesoccidental7\/wp-json\/wp\/v2\/types\/post"}],"author":[{"embeddable":true,"href":"https:\/\/serveiseducatius.xtec.cat\/vallesoccidental7\/wp-json\/wp\/v2\/users\/5"}],"replies":[{"embeddable":true,"href":"https:\/\/serveiseducatius.xtec.cat\/vallesoccidental7\/wp-json\/wp\/v2\/comments?post=11406"}],"version-history":[{"count":1,"href":"https:\/\/serveiseducatius.xtec.cat\/vallesoccidental7\/wp-json\/wp\/v2\/posts\/11406\/revisions"}],"predecessor-version":[{"id":11410,"href":"https:\/\/serveiseducatius.xtec.cat\/vallesoccidental7\/wp-json\/wp\/v2\/posts\/11406\/revisions\/11410"}],"wp:featuredmedia":[{"embeddable":true,"href":"https:\/\/serveiseducatius.xtec.cat\/vallesoccidental7\/wp-json\/wp\/v2\/media\/11408"}],"wp:attachment":[{"href":"https:\/\/serveiseducatius.xtec.cat\/vallesoccidental7\/wp-json\/wp\/v2\/media?parent=11406"}],"wp:term":[{"taxonomy":"category","embeddable":true,"href":"https:\/\/serveiseducatius.xtec.cat\/vallesoccidental7\/wp-json\/wp\/v2\/categories?post=11406"},{"taxonomy":"post_tag","embeddable":true,"href":"https:\/\/serveiseducatius.xtec.cat\/vallesoccidental7\/wp-json\/wp\/v2\/tags?post=11406"}],"curies":[{"name":"wp","href":"https:\/\/api.w.org\/{rel}","templated":true}]}}