{"id":11364,"date":"2022-03-22T13:41:27","date_gmt":"2022-03-22T12:41:27","guid":{"rendered":"https:\/\/serveiseducatius.xtec.cat\/vallesoccidental7\/?p=11364"},"modified":"2022-03-22T13:47:27","modified_gmt":"2022-03-22T12:47:27","slug":"dia-mundial-de-laigua","status":"publish","type":"post","link":"https:\/\/serveiseducatius.xtec.cat\/vallesoccidental7\/general\/dia-mundial-de-laigua\/","title":{"rendered":"Dia Mundial de l&#8217;Aigua"},"content":{"rendered":"<p>El 22 de mar\u00e7 es celebra el Dia Mundial de l&#8217;Aigua <strong><a href=\"https:\/\/www.worldwaterday.org\/\" target=\"_blank\" rel=\"noopener\">(World Water Day)<\/a><\/strong> Aquesta celebraci\u00f3 t\u00e9 l&#8217;objectiu de conscienciar sobre la crisi mundial de l&#8217;aigua i la necessitat de buscar-hi solucions de manera que puguem assolir<strong>\u00a0<a href=\"https:\/\/www.un.org\/sustainabledevelopment\/es\/water-and-sanitation\/\" target=\"_blank\" rel=\"noopener\">l&#8217;Objectiu de Desenvolupament Sostenible No 6: Aigua i sanejament per tothom abans del 2030<\/a>.<\/strong><\/p>\n<p>Enguany el tema de la Dia son les aig\u00fces subterr\u00e0nies: fer visible all\u00f2 que \u00e9s invisible. Les aig\u00fces subterr\u00e0nies s\u00f3n invisibles, per\u00f2 el seu impacte \u00e9s visible a tot arreu.\u00a0Fora de la vista, sota els nostres peus,\u00a0les aig\u00fces subterr\u00e0nies s\u00f3n un tresor amagat que enriqueix la nostra vida. Gaireb\u00e9 tota l&#8217;aigua dol\u00e7a l\u00edquida del m\u00f3n \u00e9s aigua subterr\u00e0nia. A mesura que el canvi clim\u00e0tic empitjora, les aig\u00fces subterr\u00e0nies seran cada cop m\u00e9s cr\u00edtiques. Hem de treballar junts per gestionar de manera sostenible aquest valu\u00f3s recurs. L&#8217;aigua subterr\u00e0nia pot estar fora de la vista, per\u00f2 no ha d&#8217;estar fora de la nostra ment. En el nostre context local de sequeres i emerg\u00e8ncia clim\u00e0tica, l&#8217;\u00fas eficient de l&#8217;aigua i l&#8217;\u00fas de recursos alternatius son accions claus a impulsar. (<a href=\"https:\/\/www.sostenible.cat\/article\/laigua-per-mi-0\" target=\"_blank\" rel=\"noopener\">https:\/\/www.sostenible.cat\/article\/laigua-per-mi-0<\/a>)<\/p>\n<p><a href=\"https:\/\/serveiseducatius.xtec.cat\/vallesoccidental7\/wp-content\/uploads\/usu1104\/2022\/03\/aigua-1.png\"><img loading=\"lazy\" decoding=\"async\" class=\"size-full wp-image-11366 aligncenter\" src=\"https:\/\/serveiseducatius.xtec.cat\/vallesoccidental7\/wp-content\/uploads\/usu1104\/2022\/03\/aigua-1.png\" alt=\"\" width=\"889\" height=\"501\" srcset=\"https:\/\/serveiseducatius.xtec.cat\/vallesoccidental7\/wp-content\/uploads\/usu1104\/2022\/03\/aigua-1.png 889w, https:\/\/serveiseducatius.xtec.cat\/vallesoccidental7\/wp-content\/uploads\/usu1104\/2022\/03\/aigua-1-300x169.png 300w, https:\/\/serveiseducatius.xtec.cat\/vallesoccidental7\/wp-content\/uploads\/usu1104\/2022\/03\/aigua-1-768x433.png 768w\" sizes=\"auto, (max-width: 889px) 100vw, 889px\" \/><\/a><\/p>\n<p>A la revista <strong><a href=\"http:\/\/www.sostenible.cat\/\" target=\"_blank\" rel=\"noopener\">Sostenible.cat<\/a><\/strong>\u00a0 portaveu de la <a href=\"http:\/\/www.diba.cat\/xarxasost\" target=\"_blank\" rel=\"noopener\">Xarxa <\/a>\u00a0i impulsada per la Diputaci\u00f3 de Barcelona ens ofereixen aquest portal <strong>interactiu de recursos virtuals (<a href=\"https:\/\/view.genial.ly\/620a1afd348e4b001945f9a5\/presentation-laigua-per-mi-2022\" target=\"_blank\" rel=\"noopener\"><em>L&#8217;Aigua per a mi<\/em><\/a>)\u00a0<\/strong>on podeu consultar v\u00eddeos, materials interactius, jocs&#8230; per aprendre m\u00e9s.<\/p>\n<p>&nbsp;<\/p>\n","protected":false},"excerpt":{"rendered":"<p>El 22 de mar\u00e7 es celebra el Dia Mundial de l&#8217;Aigua (World Water Day) Aquesta celebraci\u00f3 t\u00e9 l&#8217;objectiu de conscienciar sobre la crisi mundial de l&#8217;aigua i la necessitat de buscar-hi solucions de manera que puguem assolir\u00a0l&#8217;Objectiu de Desenvolupament Sostenible No 6: Aigua i sanejament per tothom abans del 2030. Enguany el tema de la [&hellip;]<\/p>\n","protected":false},"author":5,"featured_media":11366,"comment_status":"open","ping_status":"closed","sticky":false,"template":"","format":"standard","meta":{"_bbp_topic_count":0,"_bbp_reply_count":0,"_bbp_total_topic_count":0,"_bbp_total_reply_count":0,"_bbp_voice_count":0,"_bbp_anonymous_reply_count":0,"_bbp_topic_count_hidden":0,"_bbp_reply_count_hidden":0,"_bbp_forum_subforum_count":0,"site-sidebar-layout":"default","site-content-layout":"","ast-site-content-layout":"","site-content-style":"default","site-sidebar-style":"default","ast-global-header-display":"","ast-banner-title-visibility":"","ast-main-header-display":"","ast-hfb-above-header-display":"","ast-hfb-below-header-display":"","ast-hfb-mobile-header-display":"","site-post-title":"","ast-breadcrumbs-content":"","ast-featured-img":"","footer-sml-layout":"","theme-transparent-header-meta":"","adv-header-id-meta":"","stick-header-meta":"","header-above-stick-meta":"","header-main-stick-meta":"","header-below-stick-meta":"","astra-migrate-meta-layouts":"default","ast-page-background-enabled":"default","ast-page-background-meta":{"desktop":{"background-color":"var(--ast-global-color-4)","background-image":"","background-repeat":"repeat","background-position":"center center","background-size":"auto","background-attachment":"scroll","background-type":"","background-media":"","overlay-type":"","overlay-color":"","overlay-opacity":"","overlay-gradient":""},"tablet":{"background-color":"","background-image":"","background-repeat":"repeat","background-position":"center center","background-size":"auto","background-attachment":"scroll","background-type":"","background-media":"","overlay-type":"","overlay-color":"","overlay-opacity":"","overlay-gradient":""},"mobile":{"background-color":"","background-image":"","background-repeat":"repeat","background-position":"center center","background-size":"auto","background-attachment":"scroll","background-type":"","background-media":"","overlay-type":"","overlay-color":"","overlay-opacity":"","overlay-gradient":""}},"ast-content-background-meta":{"desktop":{"background-color":"var(--ast-global-color-5)","background-image":"","background-repeat":"repeat","background-position":"center center","background-size":"auto","background-attachment":"scroll","background-type":"","background-media":"","overlay-type":"","overlay-color":"","overlay-opacity":"","overlay-gradient":""},"tablet":{"background-color":"var(--ast-global-color-5)","background-image":"","background-repeat":"repeat","background-position":"center center","background-size":"auto","background-attachment":"scroll","background-type":"","background-media":"","overlay-type":"","overlay-color":"","overlay-opacity":"","overlay-gradient":""},"mobile":{"background-color":"var(--ast-global-color-5)","background-image":"","background-repeat":"repeat","background-position":"center center","background-size":"auto","background-attachment":"scroll","background-type":"","background-media":"","overlay-type":"","overlay-color":"","overlay-opacity":"","overlay-gradient":""}},"footnotes":""},"categories":[1,29,76],"tags":[86,340],"class_list":["post-11364","post","type-post","status-publish","format-standard","has-post-thumbnail","hentry","category-general","category-portada","category-recursos","tag-ciencies","tag-educacio-medioambiental"],"post_mailing_queue_ids":[],"_links":{"self":[{"href":"https:\/\/serveiseducatius.xtec.cat\/vallesoccidental7\/wp-json\/wp\/v2\/posts\/11364","targetHints":{"allow":["GET"]}}],"collection":[{"href":"https:\/\/serveiseducatius.xtec.cat\/vallesoccidental7\/wp-json\/wp\/v2\/posts"}],"about":[{"href":"https:\/\/serveiseducatius.xtec.cat\/vallesoccidental7\/wp-json\/wp\/v2\/types\/post"}],"author":[{"embeddable":true,"href":"https:\/\/serveiseducatius.xtec.cat\/vallesoccidental7\/wp-json\/wp\/v2\/users\/5"}],"replies":[{"embeddable":true,"href":"https:\/\/serveiseducatius.xtec.cat\/vallesoccidental7\/wp-json\/wp\/v2\/comments?post=11364"}],"version-history":[{"count":3,"href":"https:\/\/serveiseducatius.xtec.cat\/vallesoccidental7\/wp-json\/wp\/v2\/posts\/11364\/revisions"}],"predecessor-version":[{"id":11372,"href":"https:\/\/serveiseducatius.xtec.cat\/vallesoccidental7\/wp-json\/wp\/v2\/posts\/11364\/revisions\/11372"}],"wp:featuredmedia":[{"embeddable":true,"href":"https:\/\/serveiseducatius.xtec.cat\/vallesoccidental7\/wp-json\/wp\/v2\/media\/11366"}],"wp:attachment":[{"href":"https:\/\/serveiseducatius.xtec.cat\/vallesoccidental7\/wp-json\/wp\/v2\/media?parent=11364"}],"wp:term":[{"taxonomy":"category","embeddable":true,"href":"https:\/\/serveiseducatius.xtec.cat\/vallesoccidental7\/wp-json\/wp\/v2\/categories?post=11364"},{"taxonomy":"post_tag","embeddable":true,"href":"https:\/\/serveiseducatius.xtec.cat\/vallesoccidental7\/wp-json\/wp\/v2\/tags?post=11364"}],"curies":[{"name":"wp","href":"https:\/\/api.w.org\/{rel}","templated":true}]}}