{"id":11351,"date":"2022-03-11T12:08:31","date_gmt":"2022-03-11T11:08:31","guid":{"rendered":"https:\/\/serveiseducatius.xtec.cat\/vallesoccidental7\/?p=11351"},"modified":"2022-03-11T12:08:31","modified_gmt":"2022-03-11T11:08:31","slug":"ix-jocs-florals-de-catalunya","status":"publish","type":"post","link":"https:\/\/serveiseducatius.xtec.cat\/vallesoccidental7\/general\/ix-jocs-florals-de-catalunya\/","title":{"rendered":"IX JOCS FLORALS DE CATALUNYA"},"content":{"rendered":"<p><a href=\"https:\/\/serveiseducatius.xtec.cat\/vallesoccidental7\/wp-content\/uploads\/usu1104\/2022\/03\/jocs.png\"><img loading=\"lazy\" decoding=\"async\" class=\"size-full wp-image-11352 alignleft\" src=\"https:\/\/serveiseducatius.xtec.cat\/vallesoccidental7\/wp-content\/uploads\/usu1104\/2022\/03\/jocs.png\" alt=\"\" width=\"259\" height=\"121\" \/><\/a><\/p>\n<p>S&#8217;ha obert la novena convocat\u00f2ria dels <b>Jocs\u00a0Florals\u00a0Escolars de Catalunya<\/b>\u00a0que t\u00e9 l&#8217;objectiu\u00a0de promoure l&#8217;escriptura i la creaci\u00f3 liter\u00e0ria, tant en prosa com en poesia, en infants i joves de sis a divuit anys.<\/p>\n<p><span style=\"color: #000000;\">Per participar-hi, heu d&#8217;omplir el<span style=\"color: #0000ff;\"><b>\u00a0<\/b><\/span><\/span><b><a href=\"https:\/\/docs.google.com\/forms\/d\/e\/1FAIpQLSf6yrDZmGh8gcNsD-nF099jsS281IYMGGxZ4P9MsTIW7YkcbQ\/viewform\" target=\"_blank\" rel=\"noopener\" data-saferedirecturl=\"https:\/\/www.google.com\/url?q=https:\/\/docs.google.com\/forms\/d\/e\/1FAIpQLSf6yrDZmGh8gcNsD-nF099jsS281IYMGGxZ4P9MsTIW7YkcbQ\/viewform&amp;source=gmail&amp;ust=1647014982662000&amp;usg=AOvVaw3YcWmDD6aMAtwqCjBnPfRe\"><span style=\"color: #0000ff;\">formulari d&#8217;inscripci\u00f3<\/span><\/a><\/b><b>\u00a0<\/b>indicant en quines categories ho fareu.\u00a0<b>El per\u00edode d&#8217;inscripci\u00f3 \u00e9s fins el 24 de mar\u00e7.<\/b><\/p>\n<p>Al web dels\u00a0<b><a href=\"http:\/\/xtec.gencat.cat\/ca\/centres\/alscentres\/premis\/jocsflorals\/2122\/\" target=\"_blank\" rel=\"noopener\" data-saferedirecturl=\"https:\/\/www.google.com\/url?q=http:\/\/xtec.gencat.cat\/ca\/centres\/alscentres\/premis\/jocsflorals\/2122\/&amp;source=gmail&amp;ust=1647014982662000&amp;usg=AOvVaw2Qojja5ZiLIj3ukbFLmwlA\">IX\u00a0Jocs\u00a0Florals\u00a0Escolars de Catalunya<\/a><\/b>\u00a0trobareu\u00a0<b><a href=\"http:\/\/xtec.gencat.cat\/web\/.content\/centres\/alscentres\/premis\/jocsflorals\/2122\/Bases-IX-Jocs-Florals.pdf\" target=\"_blank\" rel=\"noopener\" data-saferedirecturl=\"https:\/\/www.google.com\/url?q=http:\/\/xtec.gencat.cat\/web\/.content\/centres\/alscentres\/premis\/jocsflorals\/2122\/Bases-IX-Jocs-Florals.pdf&amp;source=gmail&amp;ust=1647014982662000&amp;usg=AOvVaw3l2_nQv5WOTVhe5UN2CgMN\"><span style=\"color: #0000ff;\">les bases<\/span><\/a><\/b>\u00a0de l&#8217;edici\u00f3 d&#8217;enguany aix\u00ed com tamb\u00e9 les de la categoria de\u00a0<b><a href=\"http:\/\/xtec.gencat.cat\/web\/.content\/centres\/alscentres\/premis\/jocsflorals\/2122\/Bases-categoria-H-conte-audiovisual-2122.pdf\" target=\"_blank\" rel=\"noopener\" data-saferedirecturl=\"https:\/\/www.google.com\/url?q=http:\/\/xtec.gencat.cat\/web\/.content\/centres\/alscentres\/premis\/jocsflorals\/2122\/Bases-categoria-H-conte-audiovisual-2122.pdf&amp;source=gmail&amp;ust=1647014982662000&amp;usg=AOvVaw2ZAqJMoLc3ry-IjB5phB21\"><span style=\"color: #0000ff;\">conte audiovisual<\/span><\/a><\/b>.<\/p>\n<p>Recordeu que els treballs presentats, un per categoria, han de ser col\u00b7lectius, excepte les categories F1, F2, G1 i G2, que han de ser individuals. En el cas de ser col\u00b7lectius, hi han de participar, com a m\u00ednim, tres alumnes; a partir d\u2019aquest nombre, cada centre pot decidir el total d\u2019alumnes que hi participar\u00e0. Es mant\u00e9 el conte digital nom\u00e9s per a la categoria H, que disposa d\u2019unes bases. El tema \u00e9s lliure i els treballs han de ser escrits en llengua catalana o en aran\u00e8s.<br \/>\nLa data l\u00edmit de <b>recepci\u00f3 dels treballs ser\u00e0 el 26 d&#8217;abril<\/b>.<\/p>\n<p>Per a qualsevol aclariment podeu adre\u00e7ar-vos al vostre CRP.<\/p>\n","protected":false},"excerpt":{"rendered":"<p>S&#8217;ha obert la novena convocat\u00f2ria dels Jocs\u00a0Florals\u00a0Escolars de Catalunya\u00a0que t\u00e9 l&#8217;objectiu\u00a0de promoure l&#8217;escriptura i la creaci\u00f3 liter\u00e0ria, tant en prosa com en poesia, en infants i joves de sis a divuit anys. Per participar-hi, heu d&#8217;omplir el\u00a0formulari d&#8217;inscripci\u00f3\u00a0indicant en quines categories ho fareu.\u00a0El per\u00edode d&#8217;inscripci\u00f3 \u00e9s fins el 24 de mar\u00e7. Al web dels\u00a0IX\u00a0Jocs\u00a0Florals\u00a0Escolars de [&hellip;]<\/p>\n","protected":false},"author":5,"featured_media":11352,"comment_status":"open","ping_status":"closed","sticky":false,"template":"","format":"standard","meta":{"_bbp_topic_count":0,"_bbp_reply_count":0,"_bbp_total_topic_count":0,"_bbp_total_reply_count":0,"_bbp_voice_count":0,"_bbp_anonymous_reply_count":0,"_bbp_topic_count_hidden":0,"_bbp_reply_count_hidden":0,"_bbp_forum_subforum_count":0,"site-sidebar-layout":"default","site-content-layout":"","ast-site-content-layout":"","site-content-style":"default","site-sidebar-style":"default","ast-global-header-display":"","ast-banner-title-visibility":"","ast-main-header-display":"","ast-hfb-above-header-display":"","ast-hfb-below-header-display":"","ast-hfb-mobile-header-display":"","site-post-title":"","ast-breadcrumbs-content":"","ast-featured-img":"","footer-sml-layout":"","theme-transparent-header-meta":"","adv-header-id-meta":"","stick-header-meta":"","header-above-stick-meta":"","header-main-stick-meta":"","header-below-stick-meta":"","astra-migrate-meta-layouts":"default","ast-page-background-enabled":"default","ast-page-background-meta":{"desktop":{"background-color":"var(--ast-global-color-4)","background-image":"","background-repeat":"repeat","background-position":"center center","background-size":"auto","background-attachment":"scroll","background-type":"","background-media":"","overlay-type":"","overlay-color":"","overlay-opacity":"","overlay-gradient":""},"tablet":{"background-color":"","background-image":"","background-repeat":"repeat","background-position":"center center","background-size":"auto","background-attachment":"scroll","background-type":"","background-media":"","overlay-type":"","overlay-color":"","overlay-opacity":"","overlay-gradient":""},"mobile":{"background-color":"","background-image":"","background-repeat":"repeat","background-position":"center center","background-size":"auto","background-attachment":"scroll","background-type":"","background-media":"","overlay-type":"","overlay-color":"","overlay-opacity":"","overlay-gradient":""}},"ast-content-background-meta":{"desktop":{"background-color":"var(--ast-global-color-5)","background-image":"","background-repeat":"repeat","background-position":"center center","background-size":"auto","background-attachment":"scroll","background-type":"","background-media":"","overlay-type":"","overlay-color":"","overlay-opacity":"","overlay-gradient":""},"tablet":{"background-color":"var(--ast-global-color-5)","background-image":"","background-repeat":"repeat","background-position":"center center","background-size":"auto","background-attachment":"scroll","background-type":"","background-media":"","overlay-type":"","overlay-color":"","overlay-opacity":"","overlay-gradient":""},"mobile":{"background-color":"var(--ast-global-color-5)","background-image":"","background-repeat":"repeat","background-position":"center center","background-size":"auto","background-attachment":"scroll","background-type":"","background-media":"","overlay-type":"","overlay-color":"","overlay-opacity":"","overlay-gradient":""}},"footnotes":""},"categories":[1,71,29],"tags":[172,179,169],"class_list":["post-11351","post","type-post","status-publish","format-standard","has-post-thumbnail","hentry","category-general","category-jocs-florals","category-portada","tag-educacio-primaria","tag-educacio-secundaria","tag-llengua"],"post_mailing_queue_ids":[],"_links":{"self":[{"href":"https:\/\/serveiseducatius.xtec.cat\/vallesoccidental7\/wp-json\/wp\/v2\/posts\/11351","targetHints":{"allow":["GET"]}}],"collection":[{"href":"https:\/\/serveiseducatius.xtec.cat\/vallesoccidental7\/wp-json\/wp\/v2\/posts"}],"about":[{"href":"https:\/\/serveiseducatius.xtec.cat\/vallesoccidental7\/wp-json\/wp\/v2\/types\/post"}],"author":[{"embeddable":true,"href":"https:\/\/serveiseducatius.xtec.cat\/vallesoccidental7\/wp-json\/wp\/v2\/users\/5"}],"replies":[{"embeddable":true,"href":"https:\/\/serveiseducatius.xtec.cat\/vallesoccidental7\/wp-json\/wp\/v2\/comments?post=11351"}],"version-history":[{"count":2,"href":"https:\/\/serveiseducatius.xtec.cat\/vallesoccidental7\/wp-json\/wp\/v2\/posts\/11351\/revisions"}],"predecessor-version":[{"id":11354,"href":"https:\/\/serveiseducatius.xtec.cat\/vallesoccidental7\/wp-json\/wp\/v2\/posts\/11351\/revisions\/11354"}],"wp:featuredmedia":[{"embeddable":true,"href":"https:\/\/serveiseducatius.xtec.cat\/vallesoccidental7\/wp-json\/wp\/v2\/media\/11352"}],"wp:attachment":[{"href":"https:\/\/serveiseducatius.xtec.cat\/vallesoccidental7\/wp-json\/wp\/v2\/media?parent=11351"}],"wp:term":[{"taxonomy":"category","embeddable":true,"href":"https:\/\/serveiseducatius.xtec.cat\/vallesoccidental7\/wp-json\/wp\/v2\/categories?post=11351"},{"taxonomy":"post_tag","embeddable":true,"href":"https:\/\/serveiseducatius.xtec.cat\/vallesoccidental7\/wp-json\/wp\/v2\/tags?post=11351"}],"curies":[{"name":"wp","href":"https:\/\/api.w.org\/{rel}","templated":true}]}}