{"id":11339,"date":"2022-03-09T12:16:03","date_gmt":"2022-03-09T11:16:03","guid":{"rendered":"https:\/\/serveiseducatius.xtec.cat\/vallesoccidental7\/?p=11339"},"modified":"2022-03-21T11:24:40","modified_gmt":"2022-03-21T10:24:40","slug":"pla-les-escoles-lliures-de-violencies","status":"publish","type":"post","link":"https:\/\/serveiseducatius.xtec.cat\/vallesoccidental7\/general\/pla-les-escoles-lliures-de-violencies\/","title":{"rendered":"Pla les escoles lliures de viol\u00e8ncies"},"content":{"rendered":"<p>**S&#8217;amplia l&#8217;oferta de cursos i el termini d&#8217;inscripci\u00f3.<\/p>\n<p>Des del\u00a0Pla les escoles lliures de viol\u00e8ncies, s&#8217;inicia una nova c\u00e0psula formativa de sensibilitzaci\u00f3 <strong>\u201cQu\u00e8 fem amb qui exerceix la viol\u00e8ncia masclista?\u201d .<\/strong><\/p>\n<p dir=\"ltr\">\u00c9s una activitat destinada a tot el personal docent que estigui interessat en aprendre eines i recursos per a l\u2019abordatge amb nens, nois i homes que exerceixen la viol\u00e8ncia masclista en l&#8217;\u00e0mbit educatiu.<\/p>\n<p dir=\"ltr\">La formaci\u00f3 s\u2019impartir\u00e0 en format virtual en una sessi\u00f3 sincr\u00f2nica de 3h de durada, en horari de 16 a 19h, i de 2 hores de lectures complement\u00e0ries, certificant, per tant un total de 5 hores lectives. Les adjudicacions es realitzaran per ordre d&#8217;inscripci\u00f3. En cas d\u2019emplenar-se un grup, distribuirem els \u00faltims docents inscrits en els altres grups. Cada persona es pot inscriure nom\u00e9s a una c\u00e0psula.<\/p>\n<p dir=\"ltr\">Per formalitzar la inscripci\u00f3 cal entrar en aquest <a href=\"https:\/\/eur03.safelinks.protection.outlook.com\/?url=https%3A%2F%2Faplicacions.ensenyament.gencat.cat%2Fpls%2Fsoloas%2Fpk_for_mod_ins.p_for_form_cons_act%3Fp_excloure_crp_rec%3DT&amp;data=04%7C01%7Cjbiayna%40gencat.cat%7Cbd31bf6556554dfecbfa08da0103adff%7C3b9427dcd30e43bc8c06ff7253676fec%7C1%7C0%7C637823412554888031%7CUnknown%7CTWFpbGZsb3d8eyJWIjoiMC4wLjAwMDAiLCJQIjoiV2luMzIiLCJBTiI6Ik1haWwiLCJXVCI6Mn0%3D%7C3000&amp;sdata=Rp3xkjL0%2BXa5uVMj8M4C1nUF9IxppDeo9UDEUH9s9m0%3D&amp;reserved=0\" target=\"_blank\" rel=\"noopener\" data-saferedirecturl=\"https:\/\/www.google.com\/url?q=https:\/\/eur03.safelinks.protection.outlook.com\/?url%3Dhttps%253A%252F%252Faplicacions.ensenyament.gencat.cat%252Fpls%252Fsoloas%252Fpk_for_mod_ins.p_for_form_cons_act%253Fp_excloure_crp_rec%253DT%26data%3D04%257C01%257Cjbiayna%2540gencat.cat%257Cbd31bf6556554dfecbfa08da0103adff%257C3b9427dcd30e43bc8c06ff7253676fec%257C1%257C0%257C637823412554888031%257CUnknown%257CTWFpbGZsb3d8eyJWIjoiMC4wLjAwMDAiLCJQIjoiV2luMzIiLCJBTiI6Ik1haWwiLCJXVCI6Mn0%253D%257C3000%26sdata%3DRp3xkjL0%252BXa5uVMj8M4C1nUF9IxppDeo9UDEUH9s9m0%253D%26reserved%3D0&amp;source=gmail&amp;ust=1646899043497000&amp;usg=AOvVaw0flySHYpEB9GuusbUgxHK1\">enlla\u00e7<\/a> i introduir el codi del curs escollit. La data l\u00edmit per a formalitzar les inscripcions \u00e9s el dia 22\/03\/2022<\/p>\n<p dir=\"ltr\">T\u00edtol formaci\u00f3: <strong>Qu\u00e8 fem amb qui exerceix la viol\u00e8ncia masclista?<\/strong><\/p>\n<p dir=\"ltr\">Horari de 16 a 19h<\/p>\n<div dir=\"ltr\" align=\"left\">\n<table>\n<colgroup>\n<col width=\"123\" \/>\n<col width=\"141\" \/>\n<col width=\"182\" \/>\n<col width=\"150\" \/><\/colgroup>\n<tbody>\n<tr>\n<td>\n<p dir=\"ltr\">\u00a0 CODI<\/p>\n<\/td>\n<td>\n<p dir=\"ltr\">DATES<\/p>\n<\/td>\n<td>\n<p dir=\"ltr\">CODI<\/p>\n<\/td>\n<td>\n<p dir=\"ltr\">DATES<\/p>\n<\/td>\n<\/tr>\n<tr>\n<td>\n<p dir=\"ltr\">9000170517<\/p>\n<\/td>\n<td>\n<p dir=\"ltr\">5\/4\/2022<\/p>\n<\/td>\n<td>\n<p dir=\"ltr\">9000260517<\/p>\n<\/td>\n<td>\n<p dir=\"ltr\">31\/5\/2022<\/p>\n<\/td>\n<\/tr>\n<tr>\n<td>\n<p dir=\"ltr\">9000180517<\/p>\n<\/td>\n<td>\n<p dir=\"ltr\">7\/4\/2022<\/p>\n<\/td>\n<td>\n<p dir=\"ltr\">9000270517<\/p>\n<\/td>\n<td>\n<p dir=\"ltr\">2\/6\/2022<\/p>\n<\/td>\n<\/tr>\n<tr>\n<td>\n<p dir=\"ltr\">9000190517<\/p>\n<\/td>\n<td>\n<p dir=\"ltr\">19\/4\/2022<\/p>\n<\/td>\n<td>\n<p dir=\"ltr\">9000280517<\/p>\n<\/td>\n<td>\n<p dir=\"ltr\">7\/6\/2022<\/p>\n<\/td>\n<\/tr>\n<tr>\n<td>\n<p dir=\"ltr\">9000200517<\/p>\n<\/td>\n<td>\n<p dir=\"ltr\">21\/4\/2022<\/p>\n<\/td>\n<td>\n<p dir=\"ltr\">9000290517<\/p>\n<\/td>\n<td>\n<p dir=\"ltr\">9\/6\/2022<\/p>\n<\/td>\n<\/tr>\n<tr>\n<td>\n<p dir=\"ltr\">9000210517<\/p>\n<\/td>\n<td>\n<p dir=\"ltr\">26\/4\/2022<\/p>\n<\/td>\n<td>\n<p dir=\"ltr\">9000300517<\/p>\n<\/td>\n<td>\n<p dir=\"ltr\">14\/6\/2022<\/p>\n<\/td>\n<\/tr>\n<tr>\n<td>\n<p dir=\"ltr\">9000220517<\/p>\n<\/td>\n<td>\n<p dir=\"ltr\">3\/5\/2022<\/p>\n<\/td>\n<td>\n<p dir=\"ltr\">9000310517<\/p>\n<\/td>\n<td>\n<p dir=\"ltr\">16\/6\/2022<\/p>\n<\/td>\n<\/tr>\n<tr>\n<td>\n<p dir=\"ltr\">9000230517<\/p>\n<\/td>\n<td>\n<p dir=\"ltr\">10\/5\/2022<\/p>\n<\/td>\n<td>\n<p dir=\"ltr\">9000320517<\/p>\n<\/td>\n<td>\n<p dir=\"ltr\">28\/6\/2022<\/p>\n<\/td>\n<\/tr>\n<tr>\n<td>\n<p dir=\"ltr\">A9000240517<\/p>\n<\/td>\n<td>\n<p dir=\"ltr\">17\/5\/2022<\/p>\n<\/td>\n<td>\n<p dir=\"ltr\">9000330517<\/p>\n<\/td>\n<td>\n<p dir=\"ltr\">30\/6\/2022<\/p>\n<\/td>\n<\/tr>\n<tr>\n<td>\n<p dir=\"ltr\">9000250517<\/p>\n<\/td>\n<td>\n<p dir=\"ltr\">24\/5\/2022<\/p>\n<\/td>\n<td>\n<p dir=\"ltr\">\n<\/td>\n<td>\n<p dir=\"ltr\">\n<\/td>\n<\/tr>\n<\/tbody>\n<\/table>\n<p>Al juliol es podr\u00e0 fer aquesta formaci\u00f3 tamb\u00e9 en horari de mat\u00ed<\/p>\n<table>\n<tbody>\n<tr>\n<td>\n<p dir=\"ltr\">9000340517<\/p>\n<\/td>\n<td>\n<p dir=\"ltr\">6\/7\/2022<\/p>\n<\/td>\n<td>\n<p dir=\"ltr\">9h a 12h<\/p>\n<\/td>\n<\/tr>\n<tr>\n<td>\n<p dir=\"ltr\">9000350517<\/p>\n<\/td>\n<td>\n<p dir=\"ltr\">13\/7\/2022<\/p>\n<\/td>\n<td>\n<p dir=\"ltr\">9h a 12h<\/p>\n<\/td>\n<\/tr>\n<tr>\n<td>\n<p dir=\"ltr\">9000360517<\/p>\n<\/td>\n<td>\n<p dir=\"ltr\">20\/7\/2022<\/p>\n<\/td>\n<td>\n<p dir=\"ltr\">9h a 12h<\/p>\n<\/td>\n<\/tr>\n<tr>\n<td>\n<p dir=\"ltr\">9000370517<\/p>\n<\/td>\n<td>\n<p dir=\"ltr\">27\/7\/2022<\/p>\n<\/td>\n<td>\n<p dir=\"ltr\">9h a 12h<\/p>\n<\/td>\n<\/tr>\n<\/tbody>\n<\/table>\n<p dir=\"ltr\">Per poder formalitzar la inscripci\u00f3 cal accedir a:<\/p>\n<p dir=\"ltr\"><a href=\"http:\/\/xtec.gencat.cat\/ca\/formacio\/formaciogeneralprofessorat\/coeducacio-i-violencies-masclistes\/abordatge-de-les-violencies-masclistes\/\" target=\"_blank\" rel=\"noopener\" data-saferedirecturl=\"https:\/\/www.google.com\/url?q=http:\/\/xtec.gencat.cat\/ca\/formacio\/formaciogeneralprofessorat\/coeducacio-i-violencies-masclistes\/abordatge-de-les-violencies-masclistes\/&amp;source=gmail&amp;ust=1647940533274000&amp;usg=AOvVaw0jQ2l8kQn_ASMSSurRxu4F\">http:\/\/xtec.gencat.cat\/ca\/<wbr \/>formacio\/<wbr \/>formaciogeneralprofessorat\/<wbr \/>coeducacio-i-violencies-<wbr \/>masclistes\/abordatge-de-les-<wbr \/>violencies-masclistes\/<\/a><\/p>\n<\/div>\n","protected":false},"excerpt":{"rendered":"<p>**S&#8217;amplia l&#8217;oferta de cursos i el termini d&#8217;inscripci\u00f3. Des del\u00a0Pla les escoles lliures de viol\u00e8ncies, s&#8217;inicia una nova c\u00e0psula formativa de sensibilitzaci\u00f3 \u201cQu\u00e8 fem amb qui exerceix la viol\u00e8ncia masclista?\u201d . \u00c9s una activitat destinada a tot el personal docent que estigui interessat en aprendre eines i recursos per a l\u2019abordatge amb nens, nois i [&hellip;]<\/p>\n","protected":false},"author":5,"featured_media":0,"comment_status":"open","ping_status":"closed","sticky":false,"template":"","format":"standard","meta":{"_bbp_topic_count":0,"_bbp_reply_count":0,"_bbp_total_topic_count":0,"_bbp_total_reply_count":0,"_bbp_voice_count":0,"_bbp_anonymous_reply_count":0,"_bbp_topic_count_hidden":0,"_bbp_reply_count_hidden":0,"_bbp_forum_subforum_count":0,"site-sidebar-layout":"default","site-content-layout":"","ast-site-content-layout":"","site-content-style":"default","site-sidebar-style":"default","ast-global-header-display":"","ast-banner-title-visibility":"","ast-main-header-display":"","ast-hfb-above-header-display":"","ast-hfb-below-header-display":"","ast-hfb-mobile-header-display":"","site-post-title":"","ast-breadcrumbs-content":"","ast-featured-img":"","footer-sml-layout":"","theme-transparent-header-meta":"","adv-header-id-meta":"","stick-header-meta":"","header-above-stick-meta":"","header-main-stick-meta":"","header-below-stick-meta":"","astra-migrate-meta-layouts":"default","ast-page-background-enabled":"default","ast-page-background-meta":{"desktop":{"background-color":"var(--ast-global-color-4)","background-image":"","background-repeat":"repeat","background-position":"center center","background-size":"auto","background-attachment":"scroll","background-type":"","background-media":"","overlay-type":"","overlay-color":"","overlay-opacity":"","overlay-gradient":""},"tablet":{"background-color":"","background-image":"","background-repeat":"repeat","background-position":"center center","background-size":"auto","background-attachment":"scroll","background-type":"","background-media":"","overlay-type":"","overlay-color":"","overlay-opacity":"","overlay-gradient":""},"mobile":{"background-color":"","background-image":"","background-repeat":"repeat","background-position":"center center","background-size":"auto","background-attachment":"scroll","background-type":"","background-media":"","overlay-type":"","overlay-color":"","overlay-opacity":"","overlay-gradient":""}},"ast-content-background-meta":{"desktop":{"background-color":"var(--ast-global-color-5)","background-image":"","background-repeat":"repeat","background-position":"center center","background-size":"auto","background-attachment":"scroll","background-type":"","background-media":"","overlay-type":"","overlay-color":"","overlay-opacity":"","overlay-gradient":""},"tablet":{"background-color":"var(--ast-global-color-5)","background-image":"","background-repeat":"repeat","background-position":"center center","background-size":"auto","background-attachment":"scroll","background-type":"","background-media":"","overlay-type":"","overlay-color":"","overlay-opacity":"","overlay-gradient":""},"mobile":{"background-color":"var(--ast-global-color-5)","background-image":"","background-repeat":"repeat","background-position":"center center","background-size":"auto","background-attachment":"scroll","background-type":"","background-media":"","overlay-type":"","overlay-color":"","overlay-opacity":"","overlay-gradient":""}},"footnotes":""},"categories":[154,1,29],"tags":[471,226],"class_list":["post-11339","post","type-post","status-publish","format-standard","hentry","category-informacio-general","category-general","category-portada","tag-coeducacio","tag-formacio"],"post_mailing_queue_ids":[],"_links":{"self":[{"href":"https:\/\/serveiseducatius.xtec.cat\/vallesoccidental7\/wp-json\/wp\/v2\/posts\/11339","targetHints":{"allow":["GET"]}}],"collection":[{"href":"https:\/\/serveiseducatius.xtec.cat\/vallesoccidental7\/wp-json\/wp\/v2\/posts"}],"about":[{"href":"https:\/\/serveiseducatius.xtec.cat\/vallesoccidental7\/wp-json\/wp\/v2\/types\/post"}],"author":[{"embeddable":true,"href":"https:\/\/serveiseducatius.xtec.cat\/vallesoccidental7\/wp-json\/wp\/v2\/users\/5"}],"replies":[{"embeddable":true,"href":"https:\/\/serveiseducatius.xtec.cat\/vallesoccidental7\/wp-json\/wp\/v2\/comments?post=11339"}],"version-history":[{"count":3,"href":"https:\/\/serveiseducatius.xtec.cat\/vallesoccidental7\/wp-json\/wp\/v2\/posts\/11339\/revisions"}],"predecessor-version":[{"id":11363,"href":"https:\/\/serveiseducatius.xtec.cat\/vallesoccidental7\/wp-json\/wp\/v2\/posts\/11339\/revisions\/11363"}],"wp:attachment":[{"href":"https:\/\/serveiseducatius.xtec.cat\/vallesoccidental7\/wp-json\/wp\/v2\/media?parent=11339"}],"wp:term":[{"taxonomy":"category","embeddable":true,"href":"https:\/\/serveiseducatius.xtec.cat\/vallesoccidental7\/wp-json\/wp\/v2\/categories?post=11339"},{"taxonomy":"post_tag","embeddable":true,"href":"https:\/\/serveiseducatius.xtec.cat\/vallesoccidental7\/wp-json\/wp\/v2\/tags?post=11339"}],"curies":[{"name":"wp","href":"https:\/\/api.w.org\/{rel}","templated":true}]}}