{"id":11271,"date":"2022-02-23T09:33:40","date_gmt":"2022-02-23T08:33:40","guid":{"rendered":"https:\/\/serveiseducatius.xtec.cat\/vallesoccidental7\/?p=11271"},"modified":"2022-02-23T09:51:32","modified_gmt":"2022-02-23T08:51:32","slug":"finalitza-la-xiii-edicio-de-la-festa-de-la-llengua-materna-a-badia-del-valles","status":"publish","type":"post","link":"https:\/\/serveiseducatius.xtec.cat\/vallesoccidental7\/general\/finalitza-la-xiii-edicio-de-la-festa-de-la-llengua-materna-a-badia-del-valles\/","title":{"rendered":"Finalitza la XIII edici\u00f3 de la Festa de la Llengua Materna a Badia del Vall\u00e8s"},"content":{"rendered":"\r\n\t<div class=\"slideshow_container slideshow_container_style-light\" style=\"height: 300px; \" data-slideshow-id=\"11266\" data-style-name=\"style-light\" data-style-version=\"2.3.1\" >\r\n\r\n\t\t\t\t\t<div class=\"slideshow_loading_icon\"><\/div>\r\n\t\t\r\n\t\t<div class=\"slideshow_content\" style=\"display: none;\">\r\n\r\n\t\t\t<div class=\"slideshow_view\">\r\n\t\t\t\t<div class=\"slideshow_slide slideshow_slide_image\">\r\n\t\t\t\t\t\t\t\t\t\t\t<img src=\"https:\/\/serveiseducatius.xtec.cat\/vallesoccidental7\/wp-content\/uploads\/usu1104\/2022\/02\/Nadia-Ghulam-signant-llibres.jpg\" alt=\"Nadia Ghulam signant llibres\" width=\"1672\" height=\"1254\" \/>\r\n\t\t\t\t\t\t\t\t\t\t<div class=\"slideshow_description_box slideshow_transparent\">\r\n\t\t\t\t\t\t\t\t\t\t\t\t\t\t\t\t\t<\/div>\r\n\t\t\t\t<\/div>\r\n\r\n\t\t\t\t\t\t<div style=\"clear: both;\"><\/div><\/div><div class=\"slideshow_view\">\r\n\t\t\t\t<div class=\"slideshow_slide slideshow_slide_image\">\r\n\t\t\t\t\t\t\t\t\t\t\t<img src=\"https:\/\/serveiseducatius.xtec.cat\/vallesoccidental7\/wp-content\/uploads\/usu1104\/2022\/02\/4-Alguns-membres-equip-PEE-amb-Nadia-Ghulam-2.jpg\" alt=\"4 Alguns membres equip PEE amb Nadia Ghulam 2\" width=\"1039\" height=\"463\" \/>\r\n\t\t\t\t\t\t\t\t\t\t<div class=\"slideshow_description_box slideshow_transparent\">\r\n\t\t\t\t\t\t\t\t\t\t\t\t\t\t\t\t\t<\/div>\r\n\t\t\t\t<\/div>\r\n\r\n\t\t\t\t\t\t<div style=\"clear: both;\"><\/div><\/div><div class=\"slideshow_view\">\r\n\t\t\t\t<div class=\"slideshow_slide slideshow_slide_image\">\r\n\t\t\t\t\t\t\t\t\t\t\t<img src=\"https:\/\/serveiseducatius.xtec.cat\/vallesoccidental7\/wp-content\/uploads\/usu1104\/2022\/02\/Alumnes-de-lInstitut-Federica-Montseny-amb-Nadia-Ghulam.jpg\" alt=\"Alumnes de l&#039;Institut Federica Montseny amb Nadia Ghulam\" width=\"1672\" height=\"1254\" \/>\r\n\t\t\t\t\t\t\t\t\t\t<div class=\"slideshow_description_box slideshow_transparent\">\r\n\t\t\t\t\t\t\t\t\t\t\t\t\t\t\t\t\t<\/div>\r\n\t\t\t\t<\/div>\r\n\r\n\t\t\t\t\t\t<div style=\"clear: both;\"><\/div><\/div><div class=\"slideshow_view\">\r\n\t\t\t\t<div class=\"slideshow_slide slideshow_slide_image\">\r\n\t\t\t\t\t\t\t\t\t\t\t<img src=\"https:\/\/serveiseducatius.xtec.cat\/vallesoccidental7\/wp-content\/uploads\/usu1104\/2022\/02\/Portes-de-lAuditori-de-Badia-amb-missatges-amb-diferents-llengues.jpg\" alt=\"Portes de l&#039;Auditori de Badia amb missatges amb diferents lleng\u00fces\" width=\"1078\" height=\"1442\" \/>\r\n\t\t\t\t\t\t\t\t\t\t<div class=\"slideshow_description_box slideshow_transparent\">\r\n\t\t\t\t\t\t\t\t\t\t\t\t\t\t\t\t\t<\/div>\r\n\t\t\t\t<\/div>\r\n\r\n\t\t\t\t\t\t<div style=\"clear: both;\"><\/div><\/div>\r\n\t\t<\/div>\r\n\r\n\t\t<div class=\"slideshow_controlPanel slideshow_transparent\" style=\"display: none;\"><ul><li class=\"slideshow_togglePlay\" data-play-text=\"Visualitza\" data-pause-text=\"Pausa\"><\/li><\/ul><\/div>\r\n\r\n\t\t<div class=\"slideshow_button slideshow_previous slideshow_transparent\" role=\"button\" data-previous-text=\"Anterior\" style=\"display: none;\"><\/div>\r\n\t\t<div class=\"slideshow_button slideshow_next slideshow_transparent\" role=\"button\" data-next-text=\"Seg\u00fcent\" style=\"display: none;\"><\/div>\r\n\r\n\t\t<div class=\"slideshow_pagination\" style=\"display: none;\" data-go-to-text=\"V\u00e9s a la diapositiva\"><div class=\"slideshow_pagination_center\"><\/div><\/div>\r\n\r\n\t\t<!-- WordPress Slideshow Version 2.3.1 -->\r\n\r\n\t\t\t<\/div>\r\n\r\n\n<p>Dilluns 21 de febrer es va commemorar el Dia Internacional de la Llengua Materna, que pret\u00e9n visibilitzar la diversitat ling\u00fc\u00edstica i la riquesa cultural que suposa compartir aquest patrimoni.<\/p>\n<p>La nostra ciutat participa des de fa 13 anys, en aquesta diada amb diverses actuacions que s\u2019organitzen des de les escoles, instituts, entitats, l\u2019Ajuntament, la Biblioteca Vicente Aleixandre i el Servei Local de Catal\u00e0.<\/p>\n<p>El dijous 10 de febrer, alumnes dels cursos de catal\u00e0 del SLC de Badia i alumnes del Centre de Formaci\u00f3 de Persones Adultes (CFA) van participar en l\u2019activitat <strong>Un m\u00f3n de lleng\u00fces a Badia!<\/strong> Van escriure als vidres de l\u2019Auditori, salutacions en la seva llengua materna: amazic, itali\u00e0, \u00e0rab, roman\u00e8s, b\u00falgar, catal\u00e0, castell\u00e0, angl\u00e8s, sard, qu\u00edtxua, rus, suec, alemany, ucra\u00efn\u00e8s, persa, franc\u00e8s i flamenc. Tamb\u00e9, fruit de la col\u00b7laboraci\u00f3 entre el <strong>Punt \u00d2mnia de Badia<\/strong> i el Servei Local de Catal\u00e0, s\u2019ha elaborat un v\u00eddeo on es poden escoltar les diferents lleng\u00fces maternes de l\u2019alumnat dels cursos de catal\u00e0.<\/p>\n<p>El dimarts 15 de febrer, Nadia Ghulam van fer una xerrada sobre el seu llibre <strong><em>La primera estrella del vespre<\/em><\/strong>,\u00a0 que va llegir l\u2019alumnat dels cursos de catal\u00e0 i membres dels diferents clubs de lectura de la poblaci\u00f3. L\u2019autora va parlar de la delicada situaci\u00f3 que viu el seu pa\u00eds, l\u2019Afganistan i particularment, va fer refer\u00e8ncia al patiment i a la falta de llibertat de les dones. La xerrada, presentada per l\u2019alcaldessa, Eva Menor, era oberta a tota la poblaci\u00f3. Hi van assistir m\u00e9s de 90 persones, entre elles: alumnes de 3r i 4t de l&#8217;ESO de l&#8217;Institut Federica Montseny i alumnes del CFA de Badia. Al vest\u00edbul de l\u2019Auditori, les persones que van assistir a la xerrada van poder consultar dades sobre els diferents pa\u00efsos d\u2019origen de la poblaci\u00f3 de Badia i sobre la proced\u00e8ncia i les lleng\u00fces que parla l\u2019alumnat dels cursos de catal\u00e0.<\/p>\n<p>L\u2019alumnat de 3r d\u2019ESO de l&#8217;Institut Federica Montseny va treballar a l\u2019aula diferents aspectes sobre diversitat ling\u00fc\u00edstica: van fer\u00a0 un recompte de les diferents lleng\u00fces maternes que parlen i van debatre sobre si era un problema, o no, parlar lleng\u00fces diferents pel que fa a l\u2019aprenentatge o a les relacions socials. Tamb\u00e9 van veure el reportatge de TV3 <strong>La for\u00e7a de Babel<\/strong>, que els va permetre reflexionar i parlar sobre els beneficis del multiling\u00fcisme, i com \u00e9s viure a Badia i aprendre a l&#8217;institut, envoltats de diferents cultures i de diferents lleng\u00fces. A m\u00e9s, van posar de manifest el valor del saber catal\u00e0 i de la import\u00e0ncia que t\u00e9 parlar-lo sense complexos i sense menystenir-lo. A m\u00e9s, despr\u00e9s d\u2019haver assistit a la xerrada de la Nadia Ghulam, van explicar aquesta participaci\u00f3 en el web de l\u2019institut: https:\/\/agora.xtec.cat\/iesfedericamontseny\/<\/p>\n<p>A la biblioteca de l\u2019escola La Sardana, l\u2019alumnat de Cicle Inicial va llegir el conte <strong><em>Benvinguts<\/em><\/strong>, de Barroux. Despr\u00e9s de reflexionar sobre l\u2019acolliment i la import\u00e0ncia de compartir, van fer un mural entre amb el t\u00edtol del llibre en les diferents lleng\u00fces que parlen: catal\u00e0, castell\u00e0, roman\u00f3, \u00e0rab i angl\u00e8s. El podeu veure a: <a href=\"https:\/\/agora.xtec.cat\/ceip-lasardana\/portada\/benvinguts\/\">https:\/\/agora.xtec.cat\/ceip-lasardana\/portada\/benvinguts\/<\/a><\/p>\n<p>El divendres 18, va tenir lloc a la Biblioteca Vicente Aleixandre la sessi\u00f3 de conta contes <strong>Mon m\u00f3n de contes<\/strong>, a c\u00e0rrec d\u2019\u00cdngrid Domingo i adre\u00e7ada als infants, amb contes de diferents pa\u00efsos.<\/p>\n<p>La\u00a0commemoraci\u00f3 del Dia Internacional de la Llengua Materna, aprovada per\u00a0la\u00a0Confer\u00e8ncia General\u00a0de\u00a0la\u00a0<a href=\"https:\/\/es.unesco.org\/\">UNESCO<\/a>\u00a0el novembre\u00a0de\u00a01999, t\u00e9 com a objectiu promoure i protegir el multiling\u00fcisme i\u00a0la\u00a0diversitat cultural, i neix en record\u00a0dels estudiants i activistes pakistanesos que el 21\u00a0de\u00a0febrer\u00a0de\u00a01952 van ser assassinats a trets per\u00a0la\u00a0policia quan es manifestaven a Dhaka (actualment Bangladesh) en favor\u00a0de\u00a0la\u00a0seva\u00a0llengua, el bangla. Enguany, el tema del Dia Internacional de la Llengua Materna \u00e9s &#8220;L&#8217;\u00fas de la tecnologia per a l&#8217;aprenentatge multiling\u00fce: desafiaments i oportunitats&#8221;, per reflexionar sobre el paper de la tecnologia en l&#8217;aven\u00e7 de l&#8217;educaci\u00f3 multiling\u00fce i per donar suport a un ensenyament i un aprenentatge de qualitat per a tothom.<\/p>\n<p>El Consorci per a la Normalitzaci\u00f3 Ling\u00fc\u00edstica (CPNL) va elaborar l\u2019any passat una presentaci\u00f3 amb una munt d\u2019informaci\u00f3 molt interessant \u00a0<a href=\"https:\/\/view.genial.ly\/6005949461bf7d0d23e6baa5\">https:\/\/view.genial.ly\/6005949461bf7d0d23e6baa5<\/a><\/p>\n","protected":false},"excerpt":{"rendered":"<p>Dilluns 21 de febrer es va commemorar el Dia Internacional de la Llengua Materna, que pret\u00e9n visibilitzar la diversitat ling\u00fc\u00edstica i la riquesa cultural que suposa compartir aquest patrimoni. La nostra ciutat participa des de fa 13 anys, en aquesta diada amb diverses actuacions que s\u2019organitzen des de les escoles, instituts, entitats, l\u2019Ajuntament, la Biblioteca [&hellip;]<\/p>\n","protected":false},"author":5,"featured_media":11267,"comment_status":"open","ping_status":"closed","sticky":false,"template":"","format":"standard","meta":{"_bbp_topic_count":0,"_bbp_reply_count":0,"_bbp_total_topic_count":0,"_bbp_total_reply_count":0,"_bbp_voice_count":0,"_bbp_anonymous_reply_count":0,"_bbp_topic_count_hidden":0,"_bbp_reply_count_hidden":0,"_bbp_forum_subforum_count":0,"site-sidebar-layout":"default","site-content-layout":"","ast-site-content-layout":"","site-content-style":"default","site-sidebar-style":"default","ast-global-header-display":"","ast-banner-title-visibility":"","ast-main-header-display":"","ast-hfb-above-header-display":"","ast-hfb-below-header-display":"","ast-hfb-mobile-header-display":"","site-post-title":"","ast-breadcrumbs-content":"","ast-featured-img":"","footer-sml-layout":"","theme-transparent-header-meta":"","adv-header-id-meta":"","stick-header-meta":"","header-above-stick-meta":"","header-main-stick-meta":"","header-below-stick-meta":"","astra-migrate-meta-layouts":"default","ast-page-background-enabled":"default","ast-page-background-meta":{"desktop":{"background-color":"var(--ast-global-color-4)","background-image":"","background-repeat":"repeat","background-position":"center center","background-size":"auto","background-attachment":"scroll","background-type":"","background-media":"","overlay-type":"","overlay-color":"","overlay-opacity":"","overlay-gradient":""},"tablet":{"background-color":"","background-image":"","background-repeat":"repeat","background-position":"center center","background-size":"auto","background-attachment":"scroll","background-type":"","background-media":"","overlay-type":"","overlay-color":"","overlay-opacity":"","overlay-gradient":""},"mobile":{"background-color":"","background-image":"","background-repeat":"repeat","background-position":"center center","background-size":"auto","background-attachment":"scroll","background-type":"","background-media":"","overlay-type":"","overlay-color":"","overlay-opacity":"","overlay-gradient":""}},"ast-content-background-meta":{"desktop":{"background-color":"var(--ast-global-color-5)","background-image":"","background-repeat":"repeat","background-position":"center center","background-size":"auto","background-attachment":"scroll","background-type":"","background-media":"","overlay-type":"","overlay-color":"","overlay-opacity":"","overlay-gradient":""},"tablet":{"background-color":"var(--ast-global-color-5)","background-image":"","background-repeat":"repeat","background-position":"center center","background-size":"auto","background-attachment":"scroll","background-type":"","background-media":"","overlay-type":"","overlay-color":"","overlay-opacity":"","overlay-gradient":""},"mobile":{"background-color":"var(--ast-global-color-5)","background-image":"","background-repeat":"repeat","background-position":"center center","background-size":"auto","background-attachment":"scroll","background-type":"","background-media":"","overlay-type":"","overlay-color":"","overlay-opacity":"","overlay-gradient":""}},"footnotes":""},"categories":[1,75,29],"tags":[296,169,470],"class_list":["post-11271","post","type-post","status-publish","format-standard","has-post-thumbnail","hentry","category-general","category-pee","category-portada","tag-badia-del-valles","tag-llengua","tag-pla-educatiu-dentorn"],"post_mailing_queue_ids":[],"_links":{"self":[{"href":"https:\/\/serveiseducatius.xtec.cat\/vallesoccidental7\/wp-json\/wp\/v2\/posts\/11271","targetHints":{"allow":["GET"]}}],"collection":[{"href":"https:\/\/serveiseducatius.xtec.cat\/vallesoccidental7\/wp-json\/wp\/v2\/posts"}],"about":[{"href":"https:\/\/serveiseducatius.xtec.cat\/vallesoccidental7\/wp-json\/wp\/v2\/types\/post"}],"author":[{"embeddable":true,"href":"https:\/\/serveiseducatius.xtec.cat\/vallesoccidental7\/wp-json\/wp\/v2\/users\/5"}],"replies":[{"embeddable":true,"href":"https:\/\/serveiseducatius.xtec.cat\/vallesoccidental7\/wp-json\/wp\/v2\/comments?post=11271"}],"version-history":[{"count":1,"href":"https:\/\/serveiseducatius.xtec.cat\/vallesoccidental7\/wp-json\/wp\/v2\/posts\/11271\/revisions"}],"predecessor-version":[{"id":11272,"href":"https:\/\/serveiseducatius.xtec.cat\/vallesoccidental7\/wp-json\/wp\/v2\/posts\/11271\/revisions\/11272"}],"wp:featuredmedia":[{"embeddable":true,"href":"https:\/\/serveiseducatius.xtec.cat\/vallesoccidental7\/wp-json\/wp\/v2\/media\/11267"}],"wp:attachment":[{"href":"https:\/\/serveiseducatius.xtec.cat\/vallesoccidental7\/wp-json\/wp\/v2\/media?parent=11271"}],"wp:term":[{"taxonomy":"category","embeddable":true,"href":"https:\/\/serveiseducatius.xtec.cat\/vallesoccidental7\/wp-json\/wp\/v2\/categories?post=11271"},{"taxonomy":"post_tag","embeddable":true,"href":"https:\/\/serveiseducatius.xtec.cat\/vallesoccidental7\/wp-json\/wp\/v2\/tags?post=11271"}],"curies":[{"name":"wp","href":"https:\/\/api.w.org\/{rel}","templated":true}]}}