{"id":10886,"date":"2021-04-15T08:46:51","date_gmt":"2021-04-15T06:46:51","guid":{"rendered":"http:\/\/serveiseducatius.xtec.cat\/vallesoccidental7\/?p=10886"},"modified":"2021-04-15T08:46:51","modified_gmt":"2021-04-15T06:46:51","slug":"jornades-sobre-us-catala-escoles","status":"publish","type":"post","link":"https:\/\/serveiseducatius.xtec.cat\/vallesoccidental7\/general\/jornades-sobre-us-catala-escoles\/","title":{"rendered":"Jornades sobre \u00fas catal\u00e0 escoles"},"content":{"rendered":"<p style=\"font-weight: 400;\">Els propers dies <strong>27 i 29 d\u2019abril<\/strong>\u00a0celebrarem en format virtual les\u00a0<a href=\"https:\/\/www.cdl.cat\/cursos-i-activitats?of=1335\" data-saferedirecturl=\"https:\/\/www.google.com\/url?q=https:\/\/www.cdl.cat\/cursos-i-activitats?of%3D1335&amp;source=gmail&amp;ust=1618554672076000&amp;usg=AFQjCNGvbNqNzqC8RcJAmlc4U_n_RoncoA\"><strong><em>VI Jornades de Llengua i literatura catalanes<\/em><\/strong><\/a><strong>\u00a0<\/strong>sota el t\u00edtol\u00a0<em>Com usem la llengua catalana als centres d\u2019ensenyament?<\/em>, que comptar\u00e0 amb la participaci\u00f3 d\u2019experts, docents, i el departament d\u2019Educaci\u00f3, per con\u00e8ixer diversos projectes ling\u00fc\u00edstics que es duen a terme a les escoles i instituts per fomentar l\u2019\u00fas del catal\u00e0.<\/p>\n<p style=\"font-weight: 400;\">Les jornades volen ser un punt de trobada per compartir experi\u00e8ncies i posar en com\u00fa realitats diverses, analitzar l\u2019estat de la q\u00fcesti\u00f3 i con\u00e8ixer els resultats d\u2019algunes accions concretes.<\/p>\n<p style=\"font-weight: 400;\">Per aix\u00f2, us animem a participar i a fer-ne difusi\u00f3 entre els docents, estudiants o futurs professionals de l\u2019educaci\u00f3 que creieu que els podria interessar.<\/p>\n<p style=\"font-weight: 400;\">En\u00a0<strong><a href=\"https:\/\/www.cdl.cat\/cursos-i-activitats?of=1335\" data-saferedirecturl=\"https:\/\/www.google.com\/url?q=https:\/\/www.cdl.cat\/cursos-i-activitats?of%3D1335&amp;source=gmail&amp;ust=1618554672076000&amp;usg=AFQjCNGvbNqNzqC8RcJAmlc4U_n_RoncoA\">aquest enlla\u00e7<\/a><\/strong>\u00a0podeu consultar el programa i formalitzar la vostra inscripci\u00f3.<\/p>\n<p style=\"font-weight: 400;\">Segons informes recents nom\u00e9s el\u00a032% de l\u2019alumnat parla habitualment el catal\u00e0 als centres d\u2019ensenyament. Per aix\u00f2, ens aproparem a diverses accions que es fan als centres de prim\u00e0ria i secund\u00e0ria a favor del catal\u00e0 com a eina b\u00e0sica en diferents \u00e0mbits:<\/p>\n<ul style=\"font-weight: 400;\">\n<li>Per afavorir el seu \u00fas i prestigi com a llengua vehicular entre l\u2019alumnat.<\/li>\n<li>Per treballar les habilitats comunicatives, la gesti\u00f3 de les emocions, la perspectiva de g\u00e8nere i la\u00a0interculturalitat.<\/li>\n<li>Per potenciar \u00fas de la llengua catalana des de l\u2019art i les arts esc\u00e8niques.<\/li>\n<li>Per fomentar \u00fas social del catal\u00e0 fora de les aules entre les fam\u00edlies de l\u2019alumnat de proced\u00e8ncia ben diversa, com un pont de trobada multicultural, de comprensi\u00f3 i d\u2019inclusi\u00f3.<\/li>\n<\/ul>\n<p style=\"font-weight: 400;\">\n<p style=\"font-weight: 400;\">La pon\u00e8ncia inaugural sobre<strong>\u00a0<\/strong><em>\u201c<\/em>\u00das social de la llengua catalana entre els joves i en els centres d&#8217;ensenyament\u201d<strong><em>,\u00a0<\/em><\/strong>anir\u00e0 a c\u00e0rrec de\u00a0<strong>Xavier Vila<\/strong>, socioling\u00fcista i professor del Departament de filologia Catalana de la Universitat de Barcelona i director del Centre d\u2019Investigaci\u00f3 Socioling\u00fc\u00edstica.<\/p>\n<p style=\"font-weight: 400;\">\n<p style=\"font-weight: 400;\">La cloenda comptar\u00e0 tamb\u00e9 amb la participaci\u00f3 de\u00a0<strong>Pere Mayans<\/strong>,\u00a0Cap del Servei de Suports i Recursos Ling\u00fc\u00edstics\u00a0del Departament d&#8217;Educaci\u00f3 de la Generalitat de Catalunya.<\/p>\n","protected":false},"excerpt":{"rendered":"<p>Els propers dies 27 i 29 d\u2019abril\u00a0celebrarem en format virtual les\u00a0VI Jornades de Llengua i literatura catalanes\u00a0sota el t\u00edtol\u00a0Com usem la llengua catalana als centres d\u2019ensenyament?, que comptar\u00e0 amb la participaci\u00f3 d\u2019experts, docents, i el departament d\u2019Educaci\u00f3, per con\u00e8ixer diversos projectes ling\u00fc\u00edstics que es duen a terme a les escoles i instituts per fomentar l\u2019\u00fas [&hellip;]<\/p>\n","protected":false},"author":5,"featured_media":0,"comment_status":"open","ping_status":"closed","sticky":false,"template":"","format":"standard","meta":{"_bbp_topic_count":0,"_bbp_reply_count":0,"_bbp_total_topic_count":0,"_bbp_total_reply_count":0,"_bbp_voice_count":0,"_bbp_anonymous_reply_count":0,"_bbp_topic_count_hidden":0,"_bbp_reply_count_hidden":0,"_bbp_forum_subforum_count":0,"site-sidebar-layout":"default","site-content-layout":"","ast-site-content-layout":"","site-content-style":"default","site-sidebar-style":"default","ast-global-header-display":"","ast-banner-title-visibility":"","ast-main-header-display":"","ast-hfb-above-header-display":"","ast-hfb-below-header-display":"","ast-hfb-mobile-header-display":"","site-post-title":"","ast-breadcrumbs-content":"","ast-featured-img":"","footer-sml-layout":"","theme-transparent-header-meta":"","adv-header-id-meta":"","stick-header-meta":"","header-above-stick-meta":"","header-main-stick-meta":"","header-below-stick-meta":"","astra-migrate-meta-layouts":"default","ast-page-background-enabled":"default","ast-page-background-meta":{"desktop":{"background-color":"var(--ast-global-color-4)","background-image":"","background-repeat":"repeat","background-position":"center center","background-size":"auto","background-attachment":"scroll","background-type":"","background-media":"","overlay-type":"","overlay-color":"","overlay-opacity":"","overlay-gradient":""},"tablet":{"background-color":"","background-image":"","background-repeat":"repeat","background-position":"center center","background-size":"auto","background-attachment":"scroll","background-type":"","background-media":"","overlay-type":"","overlay-color":"","overlay-opacity":"","overlay-gradient":""},"mobile":{"background-color":"","background-image":"","background-repeat":"repeat","background-position":"center center","background-size":"auto","background-attachment":"scroll","background-type":"","background-media":"","overlay-type":"","overlay-color":"","overlay-opacity":"","overlay-gradient":""}},"ast-content-background-meta":{"desktop":{"background-color":"var(--ast-global-color-5)","background-image":"","background-repeat":"repeat","background-position":"center center","background-size":"auto","background-attachment":"scroll","background-type":"","background-media":"","overlay-type":"","overlay-color":"","overlay-opacity":"","overlay-gradient":""},"tablet":{"background-color":"var(--ast-global-color-5)","background-image":"","background-repeat":"repeat","background-position":"center center","background-size":"auto","background-attachment":"scroll","background-type":"","background-media":"","overlay-type":"","overlay-color":"","overlay-opacity":"","overlay-gradient":""},"mobile":{"background-color":"var(--ast-global-color-5)","background-image":"","background-repeat":"repeat","background-position":"center center","background-size":"auto","background-attachment":"scroll","background-type":"","background-media":"","overlay-type":"","overlay-color":"","overlay-opacity":"","overlay-gradient":""}},"footnotes":""},"categories":[68,154,1,29],"tags":[167,236],"class_list":["post-10886","post","type-post","status-publish","format-standard","hentry","category-elic","category-informacio-general","category-general","category-portada","tag-comunicacio-i-llenguatge","tag-llengua-catalana"],"post_mailing_queue_ids":[],"_links":{"self":[{"href":"https:\/\/serveiseducatius.xtec.cat\/vallesoccidental7\/wp-json\/wp\/v2\/posts\/10886","targetHints":{"allow":["GET"]}}],"collection":[{"href":"https:\/\/serveiseducatius.xtec.cat\/vallesoccidental7\/wp-json\/wp\/v2\/posts"}],"about":[{"href":"https:\/\/serveiseducatius.xtec.cat\/vallesoccidental7\/wp-json\/wp\/v2\/types\/post"}],"author":[{"embeddable":true,"href":"https:\/\/serveiseducatius.xtec.cat\/vallesoccidental7\/wp-json\/wp\/v2\/users\/5"}],"replies":[{"embeddable":true,"href":"https:\/\/serveiseducatius.xtec.cat\/vallesoccidental7\/wp-json\/wp\/v2\/comments?post=10886"}],"version-history":[{"count":1,"href":"https:\/\/serveiseducatius.xtec.cat\/vallesoccidental7\/wp-json\/wp\/v2\/posts\/10886\/revisions"}],"predecessor-version":[{"id":10887,"href":"https:\/\/serveiseducatius.xtec.cat\/vallesoccidental7\/wp-json\/wp\/v2\/posts\/10886\/revisions\/10887"}],"wp:attachment":[{"href":"https:\/\/serveiseducatius.xtec.cat\/vallesoccidental7\/wp-json\/wp\/v2\/media?parent=10886"}],"wp:term":[{"taxonomy":"category","embeddable":true,"href":"https:\/\/serveiseducatius.xtec.cat\/vallesoccidental7\/wp-json\/wp\/v2\/categories?post=10886"},{"taxonomy":"post_tag","embeddable":true,"href":"https:\/\/serveiseducatius.xtec.cat\/vallesoccidental7\/wp-json\/wp\/v2\/tags?post=10886"}],"curies":[{"name":"wp","href":"https:\/\/api.w.org\/{rel}","templated":true}]}}