{"id":10699,"date":"2021-01-17T16:59:01","date_gmt":"2021-01-17T15:59:01","guid":{"rendered":"http:\/\/serveiseducatius.xtec.cat\/vallesoccidental7\/?p=10699"},"modified":"2021-05-11T12:55:19","modified_gmt":"2021-05-11T10:55:19","slug":"conferencies-2-trimestre-cal-inscriures","status":"publish","type":"post","link":"https:\/\/serveiseducatius.xtec.cat\/vallesoccidental7\/general\/conferencies-2-trimestre-cal-inscriures\/","title":{"rendered":"Confer\u00e8ncies 2 trimestre (Cal inscriure&#8217;s)"},"content":{"rendered":"<div dir=\"auto\">Com cada curs, des del Servei Educatiu de Badia i Barber\u00e0 us proposem participar en activitats obertes a tothom, a partir de les \u00a0demandes \u00a0i \u00a0interessos que vosaltres ens heu fet arribar.<\/div>\n<div><\/div>\n<div>Aquest curs us proposem 3 confer\u00e8ncies:<\/div>\n<div><\/div>\n<div><\/div>\n<div dir=\"auto\">\n<table dir=\"ltr\" style=\"width: 969px; height: 192px;\" border=\"1\" cellspacing=\"0\" cellpadding=\"0\">\n<colgroup>\n<col width=\"226\" \/>\n<col width=\"264\" \/>\n<col width=\"182\" \/>\n<col width=\"102\" \/>\n<col width=\"122\" \/><\/colgroup>\n<tbody>\n<tr style=\"height: 48px;\">\n<td style=\"width: 212.222px; height: 48px;\"><strong>Ponent<\/strong><\/td>\n<td style=\"width: 253.333px; height: 48px;\"><strong>T\u00edtol de la pon\u00e8ncia<\/strong><\/td>\n<td style=\"width: 172.222px; height: 48px;\"><strong>Enlla\u00e7 a l&#8217;activitat<\/strong><\/td>\n<td style=\"width: 143.333px; height: 48px;\"><strong>Enlla\u00e7 inscripci\u00f3<\/strong><\/td>\n<td style=\"width: 115.556px; height: 48px;\"><strong>Dia<\/strong><\/td>\n<td style=\"width: 70px; height: 48px;\"><strong>Horari<\/strong><\/td>\n<\/tr>\n<tr style=\"height: 48px;\">\n<td style=\"width: 212.222px; height: 48px;\">Francesc Gim\u00e9nez F\u00e0bregas<\/td>\n<td style=\"width: 253.333px; height: 48px;\"><a href=\"https:\/\/aplicacions.gestioeducativa.gencat.cat\/pls\/gafoas\/pk_for_mod_mant_activitat.p_for_llista_activitats?p_codi=4070421407&amp;p_curs=2020-2021\" target=\"_blank\" rel=\"noopener noreferrer\" data-saferedirecturl=\"https:\/\/www.google.com\/url?q=https:\/\/aplicacions.gestioeducativa.gencat.cat\/pls\/gafoas\/pk_for_mod_mant_activitat.p_for_llista_activitats?p_codi%3D4070421407%26p_curs%3D2020-2021&amp;source=gmail&amp;ust=1610984627202000&amp;usg=AFQjCNFPG0qxzuD2XJACLg0h7sZUZXOzzw\">Lideratge distribu\u00eft<\/a><\/td>\n<td style=\"width: 172.222px; height: 48px;\"><a href=\"https:\/\/meet.google.com\/qva-awzi-ayt?hs=122&amp;authuser=0\">Enlla\u00e7<\/a><\/td>\n<td style=\"width: 143.333px; height: 48px;\"><a href=\"https:\/\/aplicacions.gestioeducativa.gencat.cat\/pls\/soloas\/pk_for_mod_ins.p_for_cons_activitats?p_any=2020-2021&amp;p_codi=4070421407\">Enlla\u00e7 inscripci\u00f3\u00a0<\/a><\/td>\n<td style=\"width: 115.556px; height: 48px;\">7-4-2021<\/td>\n<td style=\"width: 70px; height: 48px;\">18h a 19:30h<\/td>\n<\/tr>\n<tr style=\"height: 48px;\">\n<td style=\"width: 212.222px; height: 48px;\">Margarita Jordan Gala<\/td>\n<td style=\"width: 253.333px; height: 48px;\"><a href=\"https:\/\/aplicacions.gestioeducativa.gencat.cat\/pls\/gafoas\/pk_for_mod_mant_activitat.p_for_llista_activitats?p_codi=4070411407&amp;p_curs=2020-2021\" target=\"_blank\" rel=\"noopener noreferrer\" data-saferedirecturl=\"https:\/\/www.google.com\/url?q=https:\/\/aplicacions.gestioeducativa.gencat.cat\/pls\/gafoas\/pk_for_mod_mant_activitat.p_for_llista_activitats?p_codi%3D4070411407%26p_curs%3D2020-2021&amp;source=gmail&amp;ust=1610984627203000&amp;usg=AFQjCNEesmcxa0vln1Hw_eQjJew4NlCyFQ\">Classe invertida: flipped classroom<\/a><\/td>\n<td style=\"width: 172.222px; height: 48px;\"><a href=\"https:\/\/www.google.com\/url?q=https:\/\/us02web.zoom.us\/j\/89826034107?pwd%3DSTZmeE4wOFNkUjJ4a29aWFFiQjJCQT09&amp;sa=D&amp;source=calendar&amp;ust=1621075596086000&amp;usg=AOvVaw1hwhh4zTDsprrUilw_9q39\">Enlla\u00e7<\/a><\/td>\n<td style=\"width: 143.333px; height: 48px;\"><a href=\"https:\/\/aplicacions.gestioeducativa.gencat.cat\/pls\/soloas\/pk_for_mod_ins.p_for_cons_activitats?p_any=2020-2021&amp;p_codi=4070411407\">Enlla\u00e7 Inscripci\u00f3<\/a><\/td>\n<td style=\"width: 115.556px; height: 48px;\">11-5-2021<\/td>\n<td style=\"width: 70px; height: 48px;\">18h a 19:30h<\/td>\n<\/tr>\n<tr style=\"height: 48px;\">\n<td style=\"width: 212.222px; height: 48px;\">David Duran Gisbert<\/td>\n<td style=\"width: 253.333px; height: 48px;\"><a href=\"https:\/\/aplicacions.gestioeducativa.gencat.cat\/pls\/gafoas\/pk_for_mod_mant_activitat.p_for_llista_activitats?p_codi=4070401407&amp;p_curs=2020-2021\" target=\"_blank\" rel=\"noopener noreferrer\" data-saferedirecturl=\"https:\/\/www.google.com\/url?q=https:\/\/aplicacions.gestioeducativa.gencat.cat\/pls\/gafoas\/pk_for_mod_mant_activitat.p_for_llista_activitats?p_codi%3D4070401407%26p_curs%3D2020-2021&amp;source=gmail&amp;ust=1610984627203000&amp;usg=AFQjCNGPcQodyOu5Mav7BEbh55dXcen7kA\">Metodologies emergents, Aprenentatge entre iguals<\/a><\/td>\n<td style=\"width: 172.222px; height: 48px;\"><a href=\"https:\/\/teams.microsoft.com\/l\/meetup-join\/19%3ameeting_MmQ5YWE1NjItYmIxMC00NWJkLWEyNDEtZDAxYWIzYTZiYzI3%40thread.v2\/0?context=%7b%22Tid%22%3a%226b514c29-2391-4831-b774-84f35c45bf01%22%2c%22Oid%22%3a%229e1a70dc-bdf0-4b6b-97c3-edb94ba686e5%22%7d\">Enlla\u00e7<\/a><\/td>\n<td style=\"width: 143.333px; height: 48px;\"><a href=\"https:\/\/aplicacions.gestioeducativa.gencat.cat\/pls\/soloas\/pk_for_mod_ins.p_for_cons_activitats?p_any=2020-2021&amp;p_codi=4070401407\">Enlla\u00e7 inscripci\u00f3<\/a><\/td>\n<td style=\"width: 115.556px; height: 48px;\">18-2-2021<\/td>\n<td style=\"width: 70px; height: 48px;\">18h a 19:30h<\/td>\n<\/tr>\n<\/tbody>\n<\/table>\n<\/div>\n<div dir=\"auto\">Per poder accedir a les confer\u00e8ncies us haureu d&#8217;inscriure\u00a0aquesta setmana.<\/div>\n<p>&nbsp;<\/p>\n<p><strong>David Duran<\/strong><\/p>\n<p><strong>Metodologies emergents, Aprenentatge entre iguals\u00a0\u00a0<\/strong><\/p>\n<p style=\"font-weight: 400;\"><strong>Poden els nostres alumnes aprendre ensenyant els seus companys? Evid\u00e8ncies, l\u00edmits i implicacions educatives<\/strong><\/p>\n<p style=\"font-weight: 400;\"><strong>Descripci\u00f3:<\/strong><\/p>\n<p style=\"font-weight: 400;\">L\u2019educaci\u00f3 inclusiva requereix de la creaci\u00f3 d\u2019aules on les difer\u00e8ncies, en lloc de ser un problema, siguin vistes com a oportunitats d\u2019aprenentatge. Els diferents escenaris d\u2019aprenentatge entre iguals (aprenentatge cooperatiu, col\u00b7laboratiu o tutoria entre iguals) utilitzen les difer\u00e8ncies \u2013tamb\u00e9 d\u2019habilitats o coneixements entre alumnes\u2013 com un mecanisme d\u2019aprenentatge. Els alumnes aprenen els uns dels altres, justament perqu\u00e8 s\u00f3n diferents. Per\u00f2 una de les barreres a l\u2019\u00fas de l\u2019aprenentatge entre iguals \u00e9s la idea estesa \u2013basada en la concepci\u00f3 transmissora de l\u2019aprenentatge\u2013 que nom\u00e9s apr\u00e8n l\u2019alumnat amb m\u00e9s dificultats, el que rep l\u2019ajuda pedag\u00f2gica. Molts mestres, fam\u00edlies i alumnes creuen que el qui ofereix l\u2019ajuda ensenya, per\u00f2 no apr\u00e8n. En aquesta confer\u00e8ncia revisarem les evid\u00e8ncies i l\u00edmits d\u2019aprendre ensenyant a altres i repassarem algunes propostes educatives per portar-ho a la pr\u00e0ctica. Es tracta de construir aules on els alumnes aprenguin no nom\u00e9s de l\u2019ajuda del docent, sin\u00f3 tamb\u00e9 de les ajudes m\u00fatues que s\u2019ofereixen.<\/p>\n<p style=\"font-weight: 400;\">Reuni\u00f3 en Microsoft Teams: <a href=\"https:\/\/teams.microsoft.com\/l\/meetup-join\/19%3ameeting_MmQ5YWE1NjItYmIxMC00NWJkLWEyNDEtZDAxYWIzYTZiYzI3%40thread.v2\/0?context=%7b%22Tid%22%3a%226b514c29-2391-4831-b774-84f35c45bf01%22%2c%22Oid%22%3a%229e1a70dc-bdf0-4b6b-97c3-edb94ba686e5%22%7d\" data-saferedirecturl=\"https:\/\/www.google.com\/url?q=https:\/\/teams.microsoft.com\/l\/meetup-join\/19%253ameeting_MmQ5YWE1NjItYmIxMC00NWJkLWEyNDEtZDAxYWIzYTZiYzI3%2540thread.v2\/0?context%3D%257b%2522Tid%2522%253a%25226b514c29-2391-4831-b774-84f35c45bf01%2522%252c%2522Oid%2522%253a%25229e1a70dc-bdf0-4b6b-97c3-edb94ba686e5%2522%257d&amp;source=gmail&amp;ust=1612441224302000&amp;usg=AFQjCNHfCcnrrYg0TN4QpEJ7u_MIyrkvVQ\">Haga clic aqu\u00ed para unirse a la reuni\u00f3n<\/a><\/p>\n<p><strong>Margarita Jordan<\/strong><\/p>\n<p><strong>Classe invertida; Flipped Classroom<\/strong><\/p>\n<div class=\"gmail_default\"><b>Descripci\u00f3:<\/b><\/div>\n<div><\/div>\n<div class=\"gmail_default\">\n<p id=\"m_3079612728003586678gmail-docs-internal-guid-08733e19-7fff-ebee-89fd-75f0d92d3a2c\" dir=\"ltr\">Ara m\u00e9s que mai, necessitem repensar els models i els escenaris d&#8217;aprenentatge a les nostres aules. Aquesta pand\u00e8mia ha propiciat la necessitat d&#8217;anar m\u00e9s enll\u00e0 de l&#8217;aula presencial i optar per un escenari virtual o b\u00e9 semipresencial com \u00e9s el model d&#8217;educaci\u00f3 h\u00edbrida. En aquesta xerrada ens centrarem en el del model de classe invertida o Flipped Classroom i la seva aplicaci\u00f3 a l&#8217;aula. Reflexionarem sobre els seus avantatges i\/o inconvenients, analitzarem les seves fases i veurem quins recursos digitals poden ser \u00fatils per a la seva aplicaci\u00f3.<\/p>\n<p dir=\"ltr\"><strong>Objectius<\/strong>:<\/p>\n<p dir=\"ltr\">Con\u00e8ixer el model\u00a0 Flipped Classroom i les diferents adaptacions, els seus avantatges i inconvenients.<br \/>\nComprendre i reflexionar sobre el rol del docent i l&#8217;alumne, analitzar les transformacions necess\u00e0ries per estructurar una unitat did\u00e0ctica mitjan\u00e7ant la metodologia de la classe invertida.<br \/>\nCon\u00e8ixer i analitzar recursos per a la creaci\u00f3 de continguts a l&#8217;aula<\/p>\n<\/div>\n<p><strong>Francesc F\u00e0bregas\u00a0<\/strong><\/p>\n<p><strong>Descripci\u00f3:<\/strong><\/p>\n<p>Les transformacions produ\u00efdes en el sistema educatiu des de l\u2019aprovaci\u00f3 de la LEC plantegen la necessitat d\u2019analitzar els models de gesti\u00f3 que s\u2019implementen en el centres. Aquestes transformacions inclouen aspectes tan diversos com: l\u2019autonomia dels centres educatius, les funcions i atribucions que corresponen a les persones que accedeixen a la funci\u00f3 directiva, l\u2019aplicaci\u00f3 competencial del curr\u00edculum i de l\u2019avaluaci\u00f3 i el tractament de la diversitat des d\u2019un plantejament inclusiu. Aquesta confer\u00e8ncia pret\u00e9n analitzar la complexitat actual dels centres educatius i descriure un model de gesti\u00f3 de centre que garanteixi la qualitat educativa i l\u2019assoliment dels objectius d\u2019excel\u00b7l\u00e8ncia i equitat que la llei determina.<\/p>\n","protected":false},"excerpt":{"rendered":"<p>Com cada curs, des del Servei Educatiu de Badia i Barber\u00e0 us proposem participar en activitats obertes a tothom, a partir de les \u00a0demandes \u00a0i \u00a0interessos que vosaltres ens heu fet arribar. Aquest curs us proposem 3 confer\u00e8ncies: Ponent T\u00edtol de la pon\u00e8ncia Enlla\u00e7 a l&#8217;activitat Enlla\u00e7 inscripci\u00f3 Dia Horari Francesc Gim\u00e9nez F\u00e0bregas Lideratge distribu\u00eft [&hellip;]<\/p>\n","protected":false},"author":5,"featured_media":10701,"comment_status":"open","ping_status":"closed","sticky":false,"template":"","format":"standard","meta":{"_bbp_topic_count":0,"_bbp_reply_count":0,"_bbp_total_topic_count":0,"_bbp_total_reply_count":0,"_bbp_voice_count":0,"_bbp_anonymous_reply_count":0,"_bbp_topic_count_hidden":0,"_bbp_reply_count_hidden":0,"_bbp_forum_subforum_count":0,"site-sidebar-layout":"default","site-content-layout":"","ast-site-content-layout":"","site-content-style":"default","site-sidebar-style":"default","ast-global-header-display":"","ast-banner-title-visibility":"","ast-main-header-display":"","ast-hfb-above-header-display":"","ast-hfb-below-header-display":"","ast-hfb-mobile-header-display":"","site-post-title":"","ast-breadcrumbs-content":"","ast-featured-img":"","footer-sml-layout":"","theme-transparent-header-meta":"","adv-header-id-meta":"","stick-header-meta":"","header-above-stick-meta":"","header-main-stick-meta":"","header-below-stick-meta":"","astra-migrate-meta-layouts":"default","ast-page-background-enabled":"default","ast-page-background-meta":{"desktop":{"background-color":"var(--ast-global-color-4)","background-image":"","background-repeat":"repeat","background-position":"center center","background-size":"auto","background-attachment":"scroll","background-type":"","background-media":"","overlay-type":"","overlay-color":"","overlay-opacity":"","overlay-gradient":""},"tablet":{"background-color":"","background-image":"","background-repeat":"repeat","background-position":"center center","background-size":"auto","background-attachment":"scroll","background-type":"","background-media":"","overlay-type":"","overlay-color":"","overlay-opacity":"","overlay-gradient":""},"mobile":{"background-color":"","background-image":"","background-repeat":"repeat","background-position":"center center","background-size":"auto","background-attachment":"scroll","background-type":"","background-media":"","overlay-type":"","overlay-color":"","overlay-opacity":"","overlay-gradient":""}},"ast-content-background-meta":{"desktop":{"background-color":"var(--ast-global-color-5)","background-image":"","background-repeat":"repeat","background-position":"center center","background-size":"auto","background-attachment":"scroll","background-type":"","background-media":"","overlay-type":"","overlay-color":"","overlay-opacity":"","overlay-gradient":""},"tablet":{"background-color":"var(--ast-global-color-5)","background-image":"","background-repeat":"repeat","background-position":"center center","background-size":"auto","background-attachment":"scroll","background-type":"","background-media":"","overlay-type":"","overlay-color":"","overlay-opacity":"","overlay-gradient":""},"mobile":{"background-color":"var(--ast-global-color-5)","background-image":"","background-repeat":"repeat","background-position":"center center","background-size":"auto","background-attachment":"scroll","background-type":"","background-media":"","overlay-type":"","overlay-color":"","overlay-opacity":"","overlay-gradient":""}},"footnotes":""},"categories":[154,1,153,29,65],"tags":[],"class_list":["post-10699","post","type-post","status-publish","format-standard","has-post-thumbnail","hentry","category-informacio-general","category-general","category-pfz","category-portada","category-crp"],"post_mailing_queue_ids":[],"_links":{"self":[{"href":"https:\/\/serveiseducatius.xtec.cat\/vallesoccidental7\/wp-json\/wp\/v2\/posts\/10699","targetHints":{"allow":["GET"]}}],"collection":[{"href":"https:\/\/serveiseducatius.xtec.cat\/vallesoccidental7\/wp-json\/wp\/v2\/posts"}],"about":[{"href":"https:\/\/serveiseducatius.xtec.cat\/vallesoccidental7\/wp-json\/wp\/v2\/types\/post"}],"author":[{"embeddable":true,"href":"https:\/\/serveiseducatius.xtec.cat\/vallesoccidental7\/wp-json\/wp\/v2\/users\/5"}],"replies":[{"embeddable":true,"href":"https:\/\/serveiseducatius.xtec.cat\/vallesoccidental7\/wp-json\/wp\/v2\/comments?post=10699"}],"version-history":[{"count":4,"href":"https:\/\/serveiseducatius.xtec.cat\/vallesoccidental7\/wp-json\/wp\/v2\/posts\/10699\/revisions"}],"predecessor-version":[{"id":10941,"href":"https:\/\/serveiseducatius.xtec.cat\/vallesoccidental7\/wp-json\/wp\/v2\/posts\/10699\/revisions\/10941"}],"wp:featuredmedia":[{"embeddable":true,"href":"https:\/\/serveiseducatius.xtec.cat\/vallesoccidental7\/wp-json\/wp\/v2\/media\/10701"}],"wp:attachment":[{"href":"https:\/\/serveiseducatius.xtec.cat\/vallesoccidental7\/wp-json\/wp\/v2\/media?parent=10699"}],"wp:term":[{"taxonomy":"category","embeddable":true,"href":"https:\/\/serveiseducatius.xtec.cat\/vallesoccidental7\/wp-json\/wp\/v2\/categories?post=10699"},{"taxonomy":"post_tag","embeddable":true,"href":"https:\/\/serveiseducatius.xtec.cat\/vallesoccidental7\/wp-json\/wp\/v2\/tags?post=10699"}],"curies":[{"name":"wp","href":"https:\/\/api.w.org\/{rel}","templated":true}]}}