{"id":10262,"date":"2020-03-10T09:05:07","date_gmt":"2020-03-10T08:05:07","guid":{"rendered":"http:\/\/serveiseducatius.xtec.cat\/vallesoccidental7\/?p=10262"},"modified":"2020-03-10T13:45:49","modified_gmt":"2020-03-10T12:45:49","slug":"atencio-preinscripcions-infantil-segon-cicle-primaria-i-secundaria-obligatoria","status":"publish","type":"post","link":"https:\/\/serveiseducatius.xtec.cat\/vallesoccidental7\/portada\/atencio-preinscripcions-infantil-segon-cicle-primaria-i-secundaria-obligatoria\/","title":{"rendered":"ATENCI\u00d3 PREINSCRIPCIONS! Infantil (segon cicle), prim\u00e0ria i secund\u00e0ria obligat\u00f2ria"},"content":{"rendered":"<p>Com cada any, cal estar atent\/a al calendari de preinscripcions per a les diferents etapes educatives i itineraris formatius.<\/p>\n<p>Aprofitem l&#8217;entrada d&#8217;avui per aportar informaci\u00f3 rellevant al respecte i per recordar que les primeres dates importants ja estan aqu\u00ed!<\/p>\n<p><strong>Aquest mes de mar\u00e7<\/strong> cal estar atents\/es a:<\/p>\n<ul>\n<li><a href=\"http:\/\/queestudiar.gencat.cat\/ca\/preinscripcio\/estudis\/obligatoris\/calendari\/\">Calendari<\/a> d&#8217;infantil (segon cicle), prim\u00e0ria i secund\u00e0ria obligat\u00f2ria<\/li>\n<li><a href=\"http:\/\/queestudiar.gencat.cat\/ca\/preinscripcio\/estudis\/musica-dansa\/calendari\/\">Calendari<\/a> d&#8217;ensenyaments professionals de m\u00fasica i dansa<\/li>\n<li><a href=\"http:\/\/queestudiar.gencat.cat\/ca\/preinscripcio\/estudis\/artistics-superiors\/calendari\/\">Tauler d&#8217;anuncis i el web<\/a> dels centres d&#8217;ensenyaments art\u00edstics superiors<\/li>\n<\/ul>\n<p>No deixeu de visitar el la p\u00e0gina de la Generalitat de Catalunya on es publica tota la informaci\u00f3 de les preinscripcions als diferents estudis.<\/p>\n<p>Podem avan\u00e7ar que a partir de mitjans d&#8217;abril i sobretot al maig&#8230; vindran dates importants!<\/p>\n<p style=\"text-align: center;\"><a href=\"http:\/\/queestudiar.gencat.cat\/ca\/preinscripcio\/\">Revisa el teu calendari<\/a><\/p>\n<p>&nbsp;<\/p>\n<p>&nbsp;<\/p>\n","protected":false},"excerpt":{"rendered":"<p>Com cada any, cal estar atent\/a al calendari de preinscripcions per a les diferents etapes educatives i itineraris formatius. Aprofitem l&#8217;entrada d&#8217;avui per aportar informaci\u00f3 rellevant al respecte i per recordar que les primeres dates importants ja estan aqu\u00ed! Aquest mes de mar\u00e7 cal estar atents\/es a: Calendari d&#8217;infantil (segon cicle), prim\u00e0ria i secund\u00e0ria obligat\u00f2ria [&hellip;]<\/p>\n","protected":false},"author":5,"featured_media":10263,"comment_status":"open","ping_status":"closed","sticky":false,"template":"","format":"standard","meta":{"_bbp_topic_count":0,"_bbp_reply_count":0,"_bbp_total_topic_count":0,"_bbp_total_reply_count":0,"_bbp_voice_count":0,"_bbp_anonymous_reply_count":0,"_bbp_topic_count_hidden":0,"_bbp_reply_count_hidden":0,"_bbp_forum_subforum_count":0,"site-sidebar-layout":"default","site-content-layout":"","ast-site-content-layout":"","site-content-style":"default","site-sidebar-style":"default","ast-global-header-display":"","ast-banner-title-visibility":"","ast-main-header-display":"","ast-hfb-above-header-display":"","ast-hfb-below-header-display":"","ast-hfb-mobile-header-display":"","site-post-title":"","ast-breadcrumbs-content":"","ast-featured-img":"","footer-sml-layout":"","theme-transparent-header-meta":"","adv-header-id-meta":"","stick-header-meta":"","header-above-stick-meta":"","header-main-stick-meta":"","header-below-stick-meta":"","astra-migrate-meta-layouts":"default","ast-page-background-enabled":"default","ast-page-background-meta":{"desktop":{"background-color":"var(--ast-global-color-4)","background-image":"","background-repeat":"repeat","background-position":"center center","background-size":"auto","background-attachment":"scroll","background-type":"","background-media":"","overlay-type":"","overlay-color":"","overlay-opacity":"","overlay-gradient":""},"tablet":{"background-color":"","background-image":"","background-repeat":"repeat","background-position":"center center","background-size":"auto","background-attachment":"scroll","background-type":"","background-media":"","overlay-type":"","overlay-color":"","overlay-opacity":"","overlay-gradient":""},"mobile":{"background-color":"","background-image":"","background-repeat":"repeat","background-position":"center center","background-size":"auto","background-attachment":"scroll","background-type":"","background-media":"","overlay-type":"","overlay-color":"","overlay-opacity":"","overlay-gradient":""}},"ast-content-background-meta":{"desktop":{"background-color":"var(--ast-global-color-5)","background-image":"","background-repeat":"repeat","background-position":"center center","background-size":"auto","background-attachment":"scroll","background-type":"","background-media":"","overlay-type":"","overlay-color":"","overlay-opacity":"","overlay-gradient":""},"tablet":{"background-color":"var(--ast-global-color-5)","background-image":"","background-repeat":"repeat","background-position":"center center","background-size":"auto","background-attachment":"scroll","background-type":"","background-media":"","overlay-type":"","overlay-color":"","overlay-opacity":"","overlay-gradient":""},"mobile":{"background-color":"var(--ast-global-color-5)","background-image":"","background-repeat":"repeat","background-position":"center center","background-size":"auto","background-attachment":"scroll","background-type":"","background-media":"","overlay-type":"","overlay-color":"","overlay-opacity":"","overlay-gradient":""}},"footnotes":""},"categories":[29,65],"tags":[],"class_list":["post-10262","post","type-post","status-publish","format-standard","has-post-thumbnail","hentry","category-portada","category-crp"],"post_mailing_queue_ids":[],"_links":{"self":[{"href":"https:\/\/serveiseducatius.xtec.cat\/vallesoccidental7\/wp-json\/wp\/v2\/posts\/10262","targetHints":{"allow":["GET"]}}],"collection":[{"href":"https:\/\/serveiseducatius.xtec.cat\/vallesoccidental7\/wp-json\/wp\/v2\/posts"}],"about":[{"href":"https:\/\/serveiseducatius.xtec.cat\/vallesoccidental7\/wp-json\/wp\/v2\/types\/post"}],"author":[{"embeddable":true,"href":"https:\/\/serveiseducatius.xtec.cat\/vallesoccidental7\/wp-json\/wp\/v2\/users\/5"}],"replies":[{"embeddable":true,"href":"https:\/\/serveiseducatius.xtec.cat\/vallesoccidental7\/wp-json\/wp\/v2\/comments?post=10262"}],"version-history":[{"count":3,"href":"https:\/\/serveiseducatius.xtec.cat\/vallesoccidental7\/wp-json\/wp\/v2\/posts\/10262\/revisions"}],"predecessor-version":[{"id":10270,"href":"https:\/\/serveiseducatius.xtec.cat\/vallesoccidental7\/wp-json\/wp\/v2\/posts\/10262\/revisions\/10270"}],"wp:featuredmedia":[{"embeddable":true,"href":"https:\/\/serveiseducatius.xtec.cat\/vallesoccidental7\/wp-json\/wp\/v2\/media\/10263"}],"wp:attachment":[{"href":"https:\/\/serveiseducatius.xtec.cat\/vallesoccidental7\/wp-json\/wp\/v2\/media?parent=10262"}],"wp:term":[{"taxonomy":"category","embeddable":true,"href":"https:\/\/serveiseducatius.xtec.cat\/vallesoccidental7\/wp-json\/wp\/v2\/categories?post=10262"},{"taxonomy":"post_tag","embeddable":true,"href":"https:\/\/serveiseducatius.xtec.cat\/vallesoccidental7\/wp-json\/wp\/v2\/tags?post=10262"}],"curies":[{"name":"wp","href":"https:\/\/api.w.org\/{rel}","templated":true}]}}