{"id":10133,"date":"2020-01-21T11:57:25","date_gmt":"2020-01-21T10:57:25","guid":{"rendered":"http:\/\/serveiseducatius.xtec.cat\/vallesoccidental7\/?p=10133"},"modified":"2020-01-21T13:45:51","modified_gmt":"2020-01-21T12:45:51","slug":"formacio-2-torn","status":"publish","type":"post","link":"https:\/\/serveiseducatius.xtec.cat\/vallesoccidental7\/portada\/formacio-2-torn\/","title":{"rendered":"Formaci\u00f3 2 Torn"},"content":{"rendered":"<p>&nbsp;<\/p>\n<table class=\"table\" style=\"height: 94px;\" width=\"693\">\n<tbody>\n<tr>\n<td style=\"width: 162px;\"><strong>Per\u00edode d\u2019inscripci\u00f3<\/strong><\/td>\n<td style=\"width: 156px;\"><strong>Sol\u00b7licitud de pla\u00e7a<\/strong><\/td>\n<td style=\"width: 195px;\"><strong>Consulta d\u2019assignacions<\/strong><\/td>\n<td style=\"width: 168px;\"><strong>Inici de les activitats<\/strong><\/td>\n<\/tr>\n<tr>\n<td style=\"width: 162px;\">Segon torn<\/td>\n<td style=\"width: 156px;\">del 9 al 19 de gener<\/td>\n<td style=\"width: 195px;\">30 de gener<\/td>\n<td style=\"width: 168px;\">a partir del 5 de febrer<\/td>\n<\/tr>\n<\/tbody>\n<\/table>\n<p><a style=\"color: #2795b6;\" href=\"https:\/\/serveiseducatius.xtec.cat\/vallesoccidental7\/wp-content\/uploads\/usu1104\/2020\/01\/Formaci\u00f3.jpg\"><img loading=\"lazy\" decoding=\"async\" class=\"wp-image-10128 alignright\" src=\"https:\/\/serveiseducatius.xtec.cat\/vallesoccidental7\/wp-content\/uploads\/usu1104\/2020\/01\/Formaci\u00f3.jpg\" alt=\"\" width=\"282\" height=\"285\" \/><\/a><\/p>\n<p>Activitats del 2n trimestre al servei educatiu de Badia\/Barber\u00e0:<\/p>\n<table border=\"0\" cellspacing=\"0\" cellpadding=\"0\">\n<tbody>\n<tr>\n<td valign=\"TOP\"><a href=\"https:\/\/aplicacions.gestioeducativa.gencat.cat\/pls\/soloas\/pk_for_mod_ins.p_for_cons_activitats?p_any=2019-2020&amp;p_codi=4070481407\"><span style=\"font-family: arial, helvetica, geneva; font-size: small;\">4070481407\u00a0<\/span><\/a><\/td>\n<td><span style=\"font-family: arial, helvetica, geneva; font-size: small;\"><b>Disseny de l&#8217;Espai Globalitzat: Programaci\u00f3 de l&#8217;espai creatiu<\/b><\/span><\/td>\n<\/tr>\n<\/tbody>\n<\/table>\n<table border=\"0\" cellspacing=\"0\" cellpadding=\"0\">\n<tbody>\n<tr>\n<td valign=\"TOP\"><a href=\"https:\/\/aplicacions.gestioeducativa.gencat.cat\/pls\/soloas\/pk_for_mod_ins.p_for_cons_activitats?p_any=2019-2020&amp;p_codi=4070241407\"><span style=\"font-family: arial, helvetica, geneva; font-size: small;\">4070241407\u00a0<\/span><\/a><\/td>\n<td><span style=\"font-family: arial, helvetica, geneva; font-size: small;\"><b>Introducci\u00f3 a la metodologia globalitzada<\/b><\/span><\/td>\n<\/tr>\n<\/tbody>\n<\/table>\n<table style=\"height: 31px;\" border=\"0\" cellspacing=\"0\" cellpadding=\"0\">\n<tbody>\n<tr style=\"height: 31px;\">\n<td style=\"height: 31px; width: 96px;\" valign=\"TOP\"><a href=\"https:\/\/aplicacions.gestioeducativa.gencat.cat\/pls\/soloas\/pk_for_mod_ins.p_for_cons_activitats?p_any=2019-2020&amp;p_codi=4070371407\"><span style=\"font-family: arial, helvetica, geneva; font-size: small;\">4070371407\u00a0<\/span><\/a><\/td>\n<td style=\"height: 31px; width: 510px;\"><span style=\"font-family: arial, helvetica, geneva; font-size: small;\"><b>La Documentaci\u00f3 pedag\u00f2gica, una eina de reflexi\u00f3 i transformaci\u00f3 pedag\u00f2gica.<\/b><\/span><\/td>\n<\/tr>\n<\/tbody>\n<\/table>\n<table border=\"0\" cellspacing=\"0\" cellpadding=\"0\">\n<tbody>\n<tr>\n<td valign=\"TOP\"><a href=\"https:\/\/aplicacions.gestioeducativa.gencat.cat\/pls\/soloas\/pk_for_mod_ins.p_for_cons_activitats?p_any=2019-2020&amp;p_codi=4070541407\"><span style=\"font-family: arial, helvetica, geneva; font-size: small;\">4070541407\u00a0<\/span><\/a><\/td>\n<td><span style=\"font-family: arial, helvetica, geneva; font-size: small;\"><b>Programaci\u00f3 competencial per \u00e0mbits<\/b><\/span><\/td>\n<\/tr>\n<\/tbody>\n<\/table>\n<p><span style=\"font-family: inherit; font-size: 1em;\">Activitats obertes:<\/span><\/p>\n<table border=\"0\" cellspacing=\"0\" cellpadding=\"0\">\n<tbody>\n<tr>\n<td style=\"width: 96px;\" valign=\"TOP\"><a href=\"https:\/\/aplicacions.gestioeducativa.gencat.cat\/pls\/soloas\/pk_for_mod_ins.p_for_cons_activitats?p_any=2019-2020&amp;p_codi=4070471407\"><span style=\"font-family: arial, helvetica, geneva; font-size: small;\">4070471407\u00a0<\/span><\/a><\/td>\n<td style=\"width: 261px;\"><span style=\"font-family: arial, helvetica, geneva; font-size: small;\"><b>Berenar pedag\u00f2gic, el catal\u00e0 en parlem<\/b><\/span><\/td>\n<\/tr>\n<\/tbody>\n<\/table>\n<table>\n<tbody>\n<tr>\n<td><a href=\"https:\/\/aplicacions.gestioeducativa.gencat.cat\/pls\/soloas\/pk_for_mod_ins.p_for_cons_activitats?p_any=2019-2020&amp;p_codi=4070111407\"><span style=\"font-family: arial, helvetica, geneva; font-size: small;\">4070111407<\/span><\/a><\/td>\n<td><span style=\"font-family: arial, helvetica, geneva; font-size: small;\"><b>IV Jornades educatives a Badia del Vall\u00e8s<\/b><\/span><\/td>\n<\/tr>\n<\/tbody>\n<\/table>\n","protected":false},"excerpt":{"rendered":"<p>Activitats del 2n trimestre al servei educatiu de Badia\/Barber\u00e0:<\/p>\n","protected":false},"author":46,"featured_media":10128,"comment_status":"open","ping_status":"closed","sticky":false,"template":"","format":"standard","meta":{"_bbp_topic_count":0,"_bbp_reply_count":0,"_bbp_total_topic_count":0,"_bbp_total_reply_count":0,"_bbp_voice_count":0,"_bbp_anonymous_reply_count":0,"_bbp_topic_count_hidden":0,"_bbp_reply_count_hidden":0,"_bbp_forum_subforum_count":0,"site-sidebar-layout":"default","site-content-layout":"","ast-site-content-layout":"","site-content-style":"default","site-sidebar-style":"default","ast-global-header-display":"","ast-banner-title-visibility":"","ast-main-header-display":"","ast-hfb-above-header-display":"","ast-hfb-below-header-display":"","ast-hfb-mobile-header-display":"","site-post-title":"","ast-breadcrumbs-content":"","ast-featured-img":"","footer-sml-layout":"","theme-transparent-header-meta":"","adv-header-id-meta":"","stick-header-meta":"","header-above-stick-meta":"","header-main-stick-meta":"","header-below-stick-meta":"","astra-migrate-meta-layouts":"default","ast-page-background-enabled":"default","ast-page-background-meta":{"desktop":{"background-color":"var(--ast-global-color-4)","background-image":"","background-repeat":"repeat","background-position":"center center","background-size":"auto","background-attachment":"scroll","background-type":"","background-media":"","overlay-type":"","overlay-color":"","overlay-opacity":"","overlay-gradient":""},"tablet":{"background-color":"","background-image":"","background-repeat":"repeat","background-position":"center center","background-size":"auto","background-attachment":"scroll","background-type":"","background-media":"","overlay-type":"","overlay-color":"","overlay-opacity":"","overlay-gradient":""},"mobile":{"background-color":"","background-image":"","background-repeat":"repeat","background-position":"center center","background-size":"auto","background-attachment":"scroll","background-type":"","background-media":"","overlay-type":"","overlay-color":"","overlay-opacity":"","overlay-gradient":""}},"ast-content-background-meta":{"desktop":{"background-color":"var(--ast-global-color-5)","background-image":"","background-repeat":"repeat","background-position":"center center","background-size":"auto","background-attachment":"scroll","background-type":"","background-media":"","overlay-type":"","overlay-color":"","overlay-opacity":"","overlay-gradient":""},"tablet":{"background-color":"var(--ast-global-color-5)","background-image":"","background-repeat":"repeat","background-position":"center center","background-size":"auto","background-attachment":"scroll","background-type":"","background-media":"","overlay-type":"","overlay-color":"","overlay-opacity":"","overlay-gradient":""},"mobile":{"background-color":"var(--ast-global-color-5)","background-image":"","background-repeat":"repeat","background-position":"center center","background-size":"auto","background-attachment":"scroll","background-type":"","background-media":"","overlay-type":"","overlay-color":"","overlay-opacity":"","overlay-gradient":""}},"footnotes":""},"categories":[153,29,65],"tags":[262,226],"class_list":["post-10133","post","type-post","status-publish","format-standard","has-post-thumbnail","hentry","category-pfz","category-portada","category-crp","tag-crp","tag-formacio"],"post_mailing_queue_ids":[],"_links":{"self":[{"href":"https:\/\/serveiseducatius.xtec.cat\/vallesoccidental7\/wp-json\/wp\/v2\/posts\/10133","targetHints":{"allow":["GET"]}}],"collection":[{"href":"https:\/\/serveiseducatius.xtec.cat\/vallesoccidental7\/wp-json\/wp\/v2\/posts"}],"about":[{"href":"https:\/\/serveiseducatius.xtec.cat\/vallesoccidental7\/wp-json\/wp\/v2\/types\/post"}],"author":[{"embeddable":true,"href":"https:\/\/serveiseducatius.xtec.cat\/vallesoccidental7\/wp-json\/wp\/v2\/users\/46"}],"replies":[{"embeddable":true,"href":"https:\/\/serveiseducatius.xtec.cat\/vallesoccidental7\/wp-json\/wp\/v2\/comments?post=10133"}],"version-history":[{"count":3,"href":"https:\/\/serveiseducatius.xtec.cat\/vallesoccidental7\/wp-json\/wp\/v2\/posts\/10133\/revisions"}],"predecessor-version":[{"id":10143,"href":"https:\/\/serveiseducatius.xtec.cat\/vallesoccidental7\/wp-json\/wp\/v2\/posts\/10133\/revisions\/10143"}],"wp:featuredmedia":[{"embeddable":true,"href":"https:\/\/serveiseducatius.xtec.cat\/vallesoccidental7\/wp-json\/wp\/v2\/media\/10128"}],"wp:attachment":[{"href":"https:\/\/serveiseducatius.xtec.cat\/vallesoccidental7\/wp-json\/wp\/v2\/media?parent=10133"}],"wp:term":[{"taxonomy":"category","embeddable":true,"href":"https:\/\/serveiseducatius.xtec.cat\/vallesoccidental7\/wp-json\/wp\/v2\/categories?post=10133"},{"taxonomy":"post_tag","embeddable":true,"href":"https:\/\/serveiseducatius.xtec.cat\/vallesoccidental7\/wp-json\/wp\/v2\/tags?post=10133"}],"curies":[{"name":"wp","href":"https:\/\/api.w.org\/{rel}","templated":true}]}}