{"id":19797,"date":"2026-09-04T12:06:59","date_gmt":"2026-09-04T10:06:59","guid":{"rendered":"https:\/\/serveiseducatius.xtec.cat\/vallesoccidental6\/?p=19797"},"modified":"2026-09-04T12:13:33","modified_gmt":"2026-09-04T10:13:33","slug":"formacions-per-a-families","status":"publish","type":"post","link":"https:\/\/serveiseducatius.xtec.cat\/vallesoccidental6\/general\/formacions-per-a-families\/","title":{"rendered":"Formacions per a fam\u00edlies"},"content":{"rendered":"\n<p>El Servei de Fam\u00edlies i Estrat\u00e8gies contra la Segregaci\u00f3 Escolar ens demana fer difusi\u00f3 de la seva oferta formativa adre\u00e7ada a fam\u00edlies per al proper curs.<\/p>\n\n\n\n<div class=\"wp-block-columns is-layout-flex wp-container-core-columns-is-layout-1 wp-block-columns-is-layout-flex\">\n<div class=\"wp-block-column is-layout-flow wp-block-column-is-layout-flow\">\n<p><strong>Les formacions que poden demanar s\u00f3n 4:<\/strong><\/p>\n\n\n\n<ul class=\"wp-block-list\">\n<li>Comunicaci\u00f3 Fam\u00edlia i Escola<\/li>\n\n\n\n<li>C\u00e0psula Fam\u00edlies Restauratives<\/li>\n\n\n\n<li>C\u00e0psula Benestar Digital<\/li>\n\n\n\n<li>C\u00e0psula El paper de les Fam\u00edlies\u00a0davant\u00a0l&#8217;Assetjament Escolar<\/li>\n<\/ul>\n\n\n\n<p><strong>En els document annexos trobareu m\u00e9s informaci\u00f3.<\/strong><\/p>\n<\/div>\n\n\n\n<div class=\"wp-block-column is-layout-flow wp-block-column-is-layout-flow\">\n<p><strong>Si esteu interessats, us poseu en contacte amb el CRP<\/strong>, i us demanarem la seg\u00fcent informaci\u00f3 per traslladar-la als serveis centrals: <em>Codi del centre, Nom del centre, Poblaci\u00f3, Tel\u00e8fon del centre, Correu electr\u00f2nic del centre, Persona de contacte, Primer quadrimestre (s\u00ed\/no), Opci\u00f3 formativa \u2013 1r quadrimestre (quina c\u00e0psula demaneu), Segon quadrimestre (s\u00ed\/no), Opci\u00f3 formativa \u2013 2n quadrimestre\u00a0 \u00a0(quina c\u00e0psula demaneu), Observacions.<\/em><\/p>\n<\/div>\n<\/div>\n\n\n\n<div class=\"wp-block-columns is-layout-flex wp-container-core-columns-is-layout-2 wp-block-columns-is-layout-flex\">\n<div class=\"wp-block-column is-layout-flow wp-block-column-is-layout-flow\">\n<div data-wp-interactive=\"core\/file\" class=\"wp-block-file\"><object data-wp-bind--hidden=\"!state.hasPdfPreview\" hidden class=\"wp-block-file__embed\" data=\"https:\/\/serveiseducatius.xtec.cat\/vallesoccidental6\/wp-content\/uploads\/usu1109\/2026\/09\/Document-dorientacions.pdf\" type=\"application\/pdf\" style=\"width:100%;height:460px\" aria-label=\"Incrustaci\u00f3 del fitxer Document d&#039;orientacions.\"><\/object><a id=\"wp-block-file--media-4a887c41-94de-4b68-9424-b9c7d9d8c626\" href=\"https:\/\/serveiseducatius.xtec.cat\/vallesoccidental6\/wp-content\/uploads\/usu1109\/2026\/09\/Document-dorientacions.pdf\">Document d&#8217;orientacions<\/a><a href=\"https:\/\/serveiseducatius.xtec.cat\/vallesoccidental6\/wp-content\/uploads\/usu1109\/2026\/09\/Document-dorientacions.pdf\" class=\"wp-block-file__button wp-element-button\" download aria-describedby=\"wp-block-file--media-4a887c41-94de-4b68-9424-b9c7d9d8c626\">Baixa<\/a><\/div>\n<\/div>\n\n\n\n<div class=\"wp-block-column is-layout-flow wp-block-column-is-layout-flow\">\n<div data-wp-interactive=\"core\/file\" class=\"wp-block-file\"><object data-wp-bind--hidden=\"!state.hasPdfPreview\" hidden class=\"wp-block-file__embed\" data=\"https:\/\/serveiseducatius.xtec.cat\/vallesoccidental6\/wp-content\/uploads\/usu1109\/2026\/09\/Capsules-formatives.pdf\" type=\"application\/pdf\" style=\"width:100%;height:600px\" aria-label=\"Incrustaci\u00f3 del fitxer C\u00e0psules formatives.\"><\/object><a id=\"wp-block-file--media-3c6c0cdf-5fe1-4ea1-b741-156962dff86e\" href=\"https:\/\/serveiseducatius.xtec.cat\/vallesoccidental6\/wp-content\/uploads\/usu1109\/2026\/09\/Capsules-formatives.pdf\">C\u00e0psules formatives<\/a><a href=\"https:\/\/serveiseducatius.xtec.cat\/vallesoccidental6\/wp-content\/uploads\/usu1109\/2026\/09\/Capsules-formatives.pdf\" class=\"wp-block-file__button wp-element-button\" download aria-describedby=\"wp-block-file--media-3c6c0cdf-5fe1-4ea1-b741-156962dff86e\">Baixa<\/a><\/div>\n<\/div>\n\n\n\n<div class=\"wp-block-column is-layout-flow wp-block-column-is-layout-flow\">\n<div data-wp-interactive=\"core\/file\" class=\"wp-block-file\"><object data-wp-bind--hidden=\"!state.hasPdfPreview\" hidden class=\"wp-block-file__embed\" data=\"https:\/\/serveiseducatius.xtec.cat\/vallesoccidental6\/wp-content\/uploads\/usu1109\/2026\/09\/Comunicacio-families-i-escola.pdf\" type=\"application\/pdf\" style=\"width:100%;height:600px\" aria-label=\"Incrustaci\u00f3 del fitxer Comunicaci\u00f3 fam\u00edlies i escola.\"><\/object><a id=\"wp-block-file--media-801577c9-593f-4992-894b-78e91940d5e9\" href=\"https:\/\/serveiseducatius.xtec.cat\/vallesoccidental6\/wp-content\/uploads\/usu1109\/2026\/09\/Comunicacio-families-i-escola.pdf\">Comunicaci\u00f3 fam\u00edlies i escola<\/a><a href=\"https:\/\/serveiseducatius.xtec.cat\/vallesoccidental6\/wp-content\/uploads\/usu1109\/2026\/09\/Comunicacio-families-i-escola.pdf\" class=\"wp-block-file__button wp-element-button\" download aria-describedby=\"wp-block-file--media-801577c9-593f-4992-894b-78e91940d5e9\">Baixa<\/a><\/div>\n<\/div>\n<\/div>\n","protected":false},"excerpt":{"rendered":"<p>El Servei de Fam\u00edlies i Estrat\u00e8gies contra la Segregaci\u00f3 Escolar ens demana fer difusi\u00f3 de la seva oferta formativa adre\u00e7ada a fam\u00edlies per al proper curs.<\/p>\n","protected":false},"author":1,"featured_media":19802,"comment_status":"closed","ping_status":"open","sticky":false,"template":"","format":"standard","meta":{"_bbp_topic_count":0,"_bbp_reply_count":0,"_bbp_total_topic_count":0,"_bbp_total_reply_count":0,"_bbp_voice_count":0,"_bbp_anonymous_reply_count":0,"_bbp_topic_count_hidden":0,"_bbp_reply_count_hidden":0,"_bbp_forum_subforum_count":0,"site-sidebar-layout":"default","site-content-layout":"","ast-site-content-layout":"default","site-content-style":"default","site-sidebar-style":"default","ast-global-header-display":"","ast-banner-title-visibility":"","ast-main-header-display":"","ast-hfb-above-header-display":"","ast-hfb-below-header-display":"","ast-hfb-mobile-header-display":"","site-post-title":"","ast-breadcrumbs-content":"","ast-featured-img":"","footer-sml-layout":"","theme-transparent-header-meta":"","adv-header-id-meta":"","stick-header-meta":"","header-above-stick-meta":"","header-main-stick-meta":"","header-below-stick-meta":"","astra-migrate-meta-layouts":"set","ast-page-background-enabled":"default","ast-page-background-meta":{"desktop":{"background-color":"var(--ast-global-color-4)","background-image":"","background-repeat":"repeat","background-position":"center center","background-size":"auto","background-attachment":"scroll","background-type":"","background-media":"","overlay-type":"","overlay-color":"","overlay-opacity":"","overlay-gradient":""},"tablet":{"background-color":"","background-image":"","background-repeat":"repeat","background-position":"center center","background-size":"auto","background-attachment":"scroll","background-type":"","background-media":"","overlay-type":"","overlay-color":"","overlay-opacity":"","overlay-gradient":""},"mobile":{"background-color":"","background-image":"","background-repeat":"repeat","background-position":"center center","background-size":"auto","background-attachment":"scroll","background-type":"","background-media":"","overlay-type":"","overlay-color":"","overlay-opacity":"","overlay-gradient":""}},"ast-content-background-meta":{"desktop":{"background-color":"var(--ast-global-color-5)","background-image":"","background-repeat":"repeat","background-position":"center center","background-size":"auto","background-attachment":"scroll","background-type":"","background-media":"","overlay-type":"","overlay-color":"","overlay-opacity":"","overlay-gradient":""},"tablet":{"background-color":"var(--ast-global-color-5)","background-image":"","background-repeat":"repeat","background-position":"center center","background-size":"auto","background-attachment":"scroll","background-type":"","background-media":"","overlay-type":"","overlay-color":"","overlay-opacity":"","overlay-gradient":""},"mobile":{"background-color":"var(--ast-global-color-5)","background-image":"","background-repeat":"repeat","background-position":"center center","background-size":"auto","background-attachment":"scroll","background-type":"","background-media":"","overlay-type":"","overlay-color":"","overlay-opacity":"","overlay-gradient":""}},"footnotes":""},"categories":[451,482,1,29],"tags":[],"class_list":["post-19797","post","type-post","status-publish","format-standard","has-post-thumbnail","hentry","category-familia-i-escola","category-formacions","category-general","category-portada"],"post_mailing_queue_ids":[],"_links":{"self":[{"href":"https:\/\/serveiseducatius.xtec.cat\/vallesoccidental6\/wp-json\/wp\/v2\/posts\/19797","targetHints":{"allow":["GET"]}}],"collection":[{"href":"https:\/\/serveiseducatius.xtec.cat\/vallesoccidental6\/wp-json\/wp\/v2\/posts"}],"about":[{"href":"https:\/\/serveiseducatius.xtec.cat\/vallesoccidental6\/wp-json\/wp\/v2\/types\/post"}],"author":[{"embeddable":true,"href":"https:\/\/serveiseducatius.xtec.cat\/vallesoccidental6\/wp-json\/wp\/v2\/users\/1"}],"replies":[{"embeddable":true,"href":"https:\/\/serveiseducatius.xtec.cat\/vallesoccidental6\/wp-json\/wp\/v2\/comments?post=19797"}],"version-history":[{"count":2,"href":"https:\/\/serveiseducatius.xtec.cat\/vallesoccidental6\/wp-json\/wp\/v2\/posts\/19797\/revisions"}],"predecessor-version":[{"id":19803,"href":"https:\/\/serveiseducatius.xtec.cat\/vallesoccidental6\/wp-json\/wp\/v2\/posts\/19797\/revisions\/19803"}],"wp:featuredmedia":[{"embeddable":true,"href":"https:\/\/serveiseducatius.xtec.cat\/vallesoccidental6\/wp-json\/wp\/v2\/media\/19802"}],"wp:attachment":[{"href":"https:\/\/serveiseducatius.xtec.cat\/vallesoccidental6\/wp-json\/wp\/v2\/media?parent=19797"}],"wp:term":[{"taxonomy":"category","embeddable":true,"href":"https:\/\/serveiseducatius.xtec.cat\/vallesoccidental6\/wp-json\/wp\/v2\/categories?post=19797"},{"taxonomy":"post_tag","embeddable":true,"href":"https:\/\/serveiseducatius.xtec.cat\/vallesoccidental6\/wp-json\/wp\/v2\/tags?post=19797"}],"curies":[{"name":"wp","href":"https:\/\/api.w.org\/{rel}","templated":true}]}}