{"id":19793,"date":"2026-09-03T11:00:19","date_gmt":"2026-09-03T09:00:19","guid":{"rendered":"https:\/\/serveiseducatius.xtec.cat\/vallesoccidental6\/?p=19793"},"modified":"2026-09-03T11:00:19","modified_gmt":"2026-09-03T09:00:19","slug":"formacions-aquiproubullying","status":"publish","type":"post","link":"https:\/\/serveiseducatius.xtec.cat\/vallesoccidental6\/general\/formacions-aquiproubullying\/","title":{"rendered":"Formacions #aquiproubullying"},"content":{"rendered":"\n<p>Des de l\u2019equip t\u00e8cnic del programa #aquiproubullying es torna a impulsar la creaci\u00f3 d&#8217;un<strong> programa formatiu per a la prevenci\u00f3 de l&#8217;assetjament escolar en format en l\u00ednia que consta de dos cursos. <\/strong>Els cursos compten amb el suport d&#8217;un tutor o tutora que far\u00e0 l&#8217;acompanyament de les tasques entregades de forma personalitzada i \u00e9s en format as\u00edncron. Compartim amb vosaltres la informaci\u00f3 disponible.<\/p>\n\n\n\n<div class=\"wp-block-columns is-layout-flex wp-container-core-columns-is-layout-1 wp-block-columns-is-layout-flex\">\n<div class=\"wp-block-column is-layout-flow wp-block-column-is-layout-flow\">\n<p>El <strong>primer curs <em>Prevenci\u00f3 de l&#8217;assetjament escolar: Sensibilitzaci\u00f3 i observaci\u00f3 conscient<\/em><\/strong>, \u00e9s un curs introductori sobre el concepte d&#8217;assetjament, la difer\u00e8ncia entre conflicte, viol\u00e8ncia i agressivitat, i entra en dues de les tres estrat\u00e8gies preventives que s\u00f3n la sensibilitzaci\u00f3 i l\u2019observaci\u00f3 conscient.<\/p>\n\n\n\n<p><\/p>\n\n\n\n<figure class=\"wp-block-image size-large\"><a href=\"https:\/\/serveiseducatius.xtec.cat\/vallesoccidental6\/wp-content\/uploads\/usu1109\/2026\/09\/image-8.png\"><img loading=\"lazy\" decoding=\"async\" width=\"1024\" height=\"576\" src=\"https:\/\/serveiseducatius.xtec.cat\/vallesoccidental6\/wp-content\/uploads\/usu1109\/2026\/09\/image-8-1024x576.png\" alt=\"\" class=\"wp-image-19794\" srcset=\"https:\/\/serveiseducatius.xtec.cat\/vallesoccidental6\/wp-content\/uploads\/usu1109\/2026\/09\/image-8-1024x576.png 1024w, https:\/\/serveiseducatius.xtec.cat\/vallesoccidental6\/wp-content\/uploads\/usu1109\/2026\/09\/image-8-300x169.png 300w, https:\/\/serveiseducatius.xtec.cat\/vallesoccidental6\/wp-content\/uploads\/usu1109\/2026\/09\/image-8-768x432.png 768w, https:\/\/serveiseducatius.xtec.cat\/vallesoccidental6\/wp-content\/uploads\/usu1109\/2026\/09\/image-8-1536x864.png 1536w, https:\/\/serveiseducatius.xtec.cat\/vallesoccidental6\/wp-content\/uploads\/usu1109\/2026\/09\/image-8.png 1920w\" sizes=\"auto, (max-width: 1024px) 100vw, 1024px\" \/><\/a><\/figure>\n\n\n\n<p><strong>Inscripcions:<\/strong><strong> <\/strong>del 4 al 20 de setembre de 2026<\/p>\n\n\n\n<p><strong>Dates del curs: <\/strong>20\/10\/2026 fins a 17\/11\/2026<\/p>\n\n\n\n<p><strong>Hores:<\/strong> 20h<\/p>\n\n\n\n<p><strong>Codi activitat:<\/strong> <a href=\"tel:(900)%20200-0517\" target=\"_blank\" rel=\"noreferrer noopener\">9002000517<\/a><\/p>\n\n\n\n<p><strong>Enlla\u00e7 a la inscripci\u00f3: <\/strong><a href=\"https:\/\/aplicacions.gestioeducativa.gencat.cat\/ords\/pls\/soloas\/inscripcionsnp?codi=9002000517&amp;curs=2026-2027\" target=\"_blank\" rel=\"noreferrer noopener\"><strong>Prevenci\u00f3 de l&#8217;assetjament escolar: sensibilitzaci\u00f3 i observaci\u00f3 conscient.<\/strong><\/a><\/p>\n<\/div>\n\n\n\n<div class=\"wp-block-column is-layout-flow wp-block-column-is-layout-flow\">\n<p><strong>Segon curs <em>Prevenci\u00f3 de l&#8217;assetjament escolar: Provenci\u00f3<\/em>,\u00a0 <\/strong>que ens acompanyar\u00e0 a reflexionar sobre el concepte de provenci\u00f3, com aplicar-la en la creaci\u00f3 i formaci\u00f3 de grups i la import\u00e0ncia del desenvolupament de l&#8217;educaci\u00f3 socioemocional, situant la <strong>provenci\u00f3<\/strong> com una de les estrat\u00e8gies preventives m\u00e9s importants. Per a inscriure\u2019t a aquest segon curs recomanem haver cursat el primer.<\/p>\n\n\n\n<figure class=\"wp-block-image size-large\"><a href=\"https:\/\/serveiseducatius.xtec.cat\/vallesoccidental6\/wp-content\/uploads\/usu1109\/2026\/09\/image-9.png\"><img loading=\"lazy\" decoding=\"async\" width=\"1024\" height=\"576\" src=\"https:\/\/serveiseducatius.xtec.cat\/vallesoccidental6\/wp-content\/uploads\/usu1109\/2026\/09\/image-9-1024x576.png\" alt=\"\" class=\"wp-image-19795\" srcset=\"https:\/\/serveiseducatius.xtec.cat\/vallesoccidental6\/wp-content\/uploads\/usu1109\/2026\/09\/image-9-1024x576.png 1024w, https:\/\/serveiseducatius.xtec.cat\/vallesoccidental6\/wp-content\/uploads\/usu1109\/2026\/09\/image-9-300x169.png 300w, https:\/\/serveiseducatius.xtec.cat\/vallesoccidental6\/wp-content\/uploads\/usu1109\/2026\/09\/image-9-768x432.png 768w, https:\/\/serveiseducatius.xtec.cat\/vallesoccidental6\/wp-content\/uploads\/usu1109\/2026\/09\/image-9-1536x864.png 1536w, https:\/\/serveiseducatius.xtec.cat\/vallesoccidental6\/wp-content\/uploads\/usu1109\/2026\/09\/image-9.png 1920w\" sizes=\"auto, (max-width: 1024px) 100vw, 1024px\" \/><\/a><\/figure>\n\n\n\n<p><strong>Inscripcions: <\/strong>del 4 al 20 de setembre de 2026<\/p>\n\n\n\n<p><strong>Dates del curs: <\/strong>20\/10\/2026 fins a 01\/12\/2026<\/p>\n\n\n\n<p><strong>Hores:<\/strong> 30 h<\/p>\n\n\n\n<p><strong>Codi activitat:<\/strong> <a href=\"tel:(900)%20300-0517\" target=\"_blank\" rel=\"noreferrer noopener\">9003000517<\/a><\/p>\n\n\n\n<p><strong>Enlla\u00e7 a la inscripci\u00f3: <\/strong><a href=\"https:\/\/aplicacions.gestioeducativa.gencat.cat\/ords\/pls\/soloas\/inscripcionsnp?codi=9003000517&amp;curs=2026-2027\" target=\"_blank\" rel=\"noreferrer noopener\"><strong>Prevenci\u00f3 de l&#8217;assetjament escolar: provenci\u00f3<\/strong>.<\/a><\/p>\n<\/div>\n<\/div>\n","protected":false},"excerpt":{"rendered":"<p>Des de l\u2019equip t\u00e8cnic del programa #aquiproubullying es torna a impulsar la creaci\u00f3 d&#8217;un programa formatiu per a la prevenci\u00f3 [&hellip;]<\/p>\n","protected":false},"author":1,"featured_media":19794,"comment_status":"closed","ping_status":"open","sticky":false,"template":"","format":"standard","meta":{"_bbp_topic_count":0,"_bbp_reply_count":0,"_bbp_total_topic_count":0,"_bbp_total_reply_count":0,"_bbp_voice_count":0,"_bbp_anonymous_reply_count":0,"_bbp_topic_count_hidden":0,"_bbp_reply_count_hidden":0,"_bbp_forum_subforum_count":0,"site-sidebar-layout":"default","site-content-layout":"","ast-site-content-layout":"default","site-content-style":"default","site-sidebar-style":"default","ast-global-header-display":"","ast-banner-title-visibility":"","ast-main-header-display":"","ast-hfb-above-header-display":"","ast-hfb-below-header-display":"","ast-hfb-mobile-header-display":"","site-post-title":"","ast-breadcrumbs-content":"","ast-featured-img":"","footer-sml-layout":"","theme-transparent-header-meta":"","adv-header-id-meta":"","stick-header-meta":"","header-above-stick-meta":"","header-main-stick-meta":"","header-below-stick-meta":"","astra-migrate-meta-layouts":"set","ast-page-background-enabled":"default","ast-page-background-meta":{"desktop":{"background-color":"var(--ast-global-color-4)","background-image":"","background-repeat":"repeat","background-position":"center center","background-size":"auto","background-attachment":"scroll","background-type":"","background-media":"","overlay-type":"","overlay-color":"","overlay-opacity":"","overlay-gradient":""},"tablet":{"background-color":"","background-image":"","background-repeat":"repeat","background-position":"center center","background-size":"auto","background-attachment":"scroll","background-type":"","background-media":"","overlay-type":"","overlay-color":"","overlay-opacity":"","overlay-gradient":""},"mobile":{"background-color":"","background-image":"","background-repeat":"repeat","background-position":"center center","background-size":"auto","background-attachment":"scroll","background-type":"","background-media":"","overlay-type":"","overlay-color":"","overlay-opacity":"","overlay-gradient":""}},"ast-content-background-meta":{"desktop":{"background-color":"var(--ast-global-color-5)","background-image":"","background-repeat":"repeat","background-position":"center center","background-size":"auto","background-attachment":"scroll","background-type":"","background-media":"","overlay-type":"","overlay-color":"","overlay-opacity":"","overlay-gradient":""},"tablet":{"background-color":"var(--ast-global-color-5)","background-image":"","background-repeat":"repeat","background-position":"center center","background-size":"auto","background-attachment":"scroll","background-type":"","background-media":"","overlay-type":"","overlay-color":"","overlay-opacity":"","overlay-gradient":""},"mobile":{"background-color":"var(--ast-global-color-5)","background-image":"","background-repeat":"repeat","background-position":"center center","background-size":"auto","background-attachment":"scroll","background-type":"","background-media":"","overlay-type":"","overlay-color":"","overlay-opacity":"","overlay-gradient":""}},"footnotes":""},"categories":[290,482,1,29],"tags":[298,299,226],"class_list":["post-19793","post","type-post","status-publish","format-standard","has-post-thumbnail","hentry","category-ambit-educacio-en-valors","category-formacions","category-general","category-portada","tag-educacio-primaria","tag-educacio-secundaria","tag-formacio"],"post_mailing_queue_ids":[],"_links":{"self":[{"href":"https:\/\/serveiseducatius.xtec.cat\/vallesoccidental6\/wp-json\/wp\/v2\/posts\/19793","targetHints":{"allow":["GET"]}}],"collection":[{"href":"https:\/\/serveiseducatius.xtec.cat\/vallesoccidental6\/wp-json\/wp\/v2\/posts"}],"about":[{"href":"https:\/\/serveiseducatius.xtec.cat\/vallesoccidental6\/wp-json\/wp\/v2\/types\/post"}],"author":[{"embeddable":true,"href":"https:\/\/serveiseducatius.xtec.cat\/vallesoccidental6\/wp-json\/wp\/v2\/users\/1"}],"replies":[{"embeddable":true,"href":"https:\/\/serveiseducatius.xtec.cat\/vallesoccidental6\/wp-json\/wp\/v2\/comments?post=19793"}],"version-history":[{"count":1,"href":"https:\/\/serveiseducatius.xtec.cat\/vallesoccidental6\/wp-json\/wp\/v2\/posts\/19793\/revisions"}],"predecessor-version":[{"id":19796,"href":"https:\/\/serveiseducatius.xtec.cat\/vallesoccidental6\/wp-json\/wp\/v2\/posts\/19793\/revisions\/19796"}],"wp:featuredmedia":[{"embeddable":true,"href":"https:\/\/serveiseducatius.xtec.cat\/vallesoccidental6\/wp-json\/wp\/v2\/media\/19794"}],"wp:attachment":[{"href":"https:\/\/serveiseducatius.xtec.cat\/vallesoccidental6\/wp-json\/wp\/v2\/media?parent=19793"}],"wp:term":[{"taxonomy":"category","embeddable":true,"href":"https:\/\/serveiseducatius.xtec.cat\/vallesoccidental6\/wp-json\/wp\/v2\/categories?post=19793"},{"taxonomy":"post_tag","embeddable":true,"href":"https:\/\/serveiseducatius.xtec.cat\/vallesoccidental6\/wp-json\/wp\/v2\/tags?post=19793"}],"curies":[{"name":"wp","href":"https:\/\/api.w.org\/{rel}","templated":true}]}}