{"id":19769,"date":"2026-09-02T11:12:34","date_gmt":"2026-09-02T09:12:34","guid":{"rendered":"https:\/\/serveiseducatius.xtec.cat\/vallesoccidental6\/?p=19769"},"modified":"2026-09-02T11:14:49","modified_gmt":"2026-09-02T09:14:49","slug":"x-congres-internacional-dhistoria-i-cinema","status":"publish","type":"post","link":"https:\/\/serveiseducatius.xtec.cat\/vallesoccidental6\/general\/x-congres-internacional-dhistoria-i-cinema\/","title":{"rendered":"\u00a0X Congr\u00e9s Internacional d&#8217;Hist\u00f2ria i Cinema"},"content":{"rendered":"\n<h5 class=\"wp-block-heading\"> La Guerra Civil espanyola: 90 anys de mem\u00f2ria audiovisual. <\/h5>\n\n\n\n<p>Es celebrar\u00e0 entre\u00a0el 16 i el 18 de desembre d&#8217;engany, organitzat per la Universitat de Barcelona.<\/p>\n\n\n\n<p>Amb motiu del 90\u00e8 aniversari de l\u2019esclat de la Guerra Civil espanyola, el Centre d\u2019Investigacions Film-Hist\u00f2ria, el Centre d\u2019Estudis Hist\u00f2rics Internacionals (CEHI-UB), i la Secci\u00f3 d\u2019Hist\u00f2ria Contempor\u00e0nia i M\u00f3n Actual del Departament d\u2019Hist\u00f2ria i Arqueologia de la Universitat de Barcelona, tenen el plaer d\u2019anunciar la celebraci\u00f3 del\u00a0X Congr\u00e9s Internacional d\u2019Hist\u00f2ria i Cinema,\u00a0que se celebrar\u00e0 els pr\u00f2xims dies 16, 17 i 18 de desembre de 2026 a la Facultat de Geografia i Hist\u00f2ria de la Universitat de Barcelona.<\/p>\n\n\n\n<div class=\"wp-block-buttons is-content-justification-center is-layout-flex wp-container-core-buttons-is-layout-1 wp-block-buttons-is-layout-flex\">\n<div class=\"wp-block-button\"><a class=\"wp-block-button__link has-white-color has-ast-global-color-1-background-color has-text-color has-background has-link-color wp-element-button\" href=\"https:\/\/www.ub.edu\/congresocine\/\" target=\"_blank\" rel=\"noreferrer noopener\">Tota la informaci\u00f3<\/a><\/div>\n\n\n\n<div class=\"wp-block-button\"><a class=\"wp-block-button__link has-white-color has-ast-global-color-1-background-color has-text-color has-background has-link-color wp-element-button\" href=\"https:\/\/www.ub.edu\/congresocine\/boletin-de-inscripcion\/\" target=\"_blank\" rel=\"noreferrer noopener\">Inscripcions al congr\u00e9s<\/a><\/div>\n\n\n\n<div class=\"wp-block-button\"><a class=\"wp-block-button__link has-white-color has-ast-global-color-1-background-color has-text-color has-background has-link-color wp-element-button\" href=\"https:\/\/www.ub.edu\/congresocine\/plazos-y-consideraciones\/\" target=\"_blank\" rel=\"noreferrer noopener\">Presentaci\u00f3 de comunicacions<\/a><\/div>\n<\/div>\n\n\n\n<p>Per altra banda, si algun docent vol exposar la seva experi\u00e8ncia ho pot fer presentant una comunicaci\u00f3 a&nbsp;<a href=\"mailto:congresocine@ub.edu\" target=\"_blank\" rel=\"noreferrer noopener\">congresocine@ub.edu<\/a><\/p>\n\n\n\n<p><\/p>\n","protected":false},"excerpt":{"rendered":"<p>La Guerra Civil espanyola: 90 anys de mem\u00f2ria audiovisual.<br \/>\nEs celebrar\u00e0 entre\u00a0el 16 i el 18 de desembre d&#8217;engany, organitzat per la Universitat de Barcelona.<\/p>\n","protected":false},"author":1,"featured_media":19770,"comment_status":"closed","ping_status":"open","sticky":false,"template":"","format":"standard","meta":{"_bbp_topic_count":0,"_bbp_reply_count":0,"_bbp_total_topic_count":0,"_bbp_total_reply_count":0,"_bbp_voice_count":0,"_bbp_anonymous_reply_count":0,"_bbp_topic_count_hidden":0,"_bbp_reply_count_hidden":0,"_bbp_forum_subforum_count":0,"site-sidebar-layout":"default","site-content-layout":"","ast-site-content-layout":"default","site-content-style":"default","site-sidebar-style":"default","ast-global-header-display":"","ast-banner-title-visibility":"","ast-main-header-display":"","ast-hfb-above-header-display":"","ast-hfb-below-header-display":"","ast-hfb-mobile-header-display":"","site-post-title":"","ast-breadcrumbs-content":"","ast-featured-img":"","footer-sml-layout":"","theme-transparent-header-meta":"","adv-header-id-meta":"","stick-header-meta":"","header-above-stick-meta":"","header-main-stick-meta":"","header-below-stick-meta":"","astra-migrate-meta-layouts":"set","ast-page-background-enabled":"default","ast-page-background-meta":{"desktop":{"background-color":"var(--ast-global-color-4)","background-image":"","background-repeat":"repeat","background-position":"center center","background-size":"auto","background-attachment":"scroll","background-type":"","background-media":"","overlay-type":"","overlay-color":"","overlay-opacity":"","overlay-gradient":""},"tablet":{"background-color":"","background-image":"","background-repeat":"repeat","background-position":"center center","background-size":"auto","background-attachment":"scroll","background-type":"","background-media":"","overlay-type":"","overlay-color":"","overlay-opacity":"","overlay-gradient":""},"mobile":{"background-color":"","background-image":"","background-repeat":"repeat","background-position":"center center","background-size":"auto","background-attachment":"scroll","background-type":"","background-media":"","overlay-type":"","overlay-color":"","overlay-opacity":"","overlay-gradient":""}},"ast-content-background-meta":{"desktop":{"background-color":"var(--ast-global-color-5)","background-image":"","background-repeat":"repeat","background-position":"center center","background-size":"auto","background-attachment":"scroll","background-type":"","background-media":"","overlay-type":"","overlay-color":"","overlay-opacity":"","overlay-gradient":""},"tablet":{"background-color":"var(--ast-global-color-5)","background-image":"","background-repeat":"repeat","background-position":"center center","background-size":"auto","background-attachment":"scroll","background-type":"","background-media":"","overlay-type":"","overlay-color":"","overlay-opacity":"","overlay-gradient":""},"mobile":{"background-color":"var(--ast-global-color-5)","background-image":"","background-repeat":"repeat","background-position":"center center","background-size":"auto","background-attachment":"scroll","background-type":"","background-media":"","overlay-type":"","overlay-color":"","overlay-opacity":"","overlay-gradient":""}},"footnotes":""},"categories":[290,282,482,1,480,29],"tags":[247,564],"class_list":["post-19769","post","type-post","status-publish","format-standard","has-post-thumbnail","hentry","category-ambit-educacio-en-valors","category-ambit-coneixement-del-medi","category-formacions","category-general","category-jornades","category-portada","tag-ciencies-socials","tag-pensament-critic"],"post_mailing_queue_ids":[],"_links":{"self":[{"href":"https:\/\/serveiseducatius.xtec.cat\/vallesoccidental6\/wp-json\/wp\/v2\/posts\/19769","targetHints":{"allow":["GET"]}}],"collection":[{"href":"https:\/\/serveiseducatius.xtec.cat\/vallesoccidental6\/wp-json\/wp\/v2\/posts"}],"about":[{"href":"https:\/\/serveiseducatius.xtec.cat\/vallesoccidental6\/wp-json\/wp\/v2\/types\/post"}],"author":[{"embeddable":true,"href":"https:\/\/serveiseducatius.xtec.cat\/vallesoccidental6\/wp-json\/wp\/v2\/users\/1"}],"replies":[{"embeddable":true,"href":"https:\/\/serveiseducatius.xtec.cat\/vallesoccidental6\/wp-json\/wp\/v2\/comments?post=19769"}],"version-history":[{"count":2,"href":"https:\/\/serveiseducatius.xtec.cat\/vallesoccidental6\/wp-json\/wp\/v2\/posts\/19769\/revisions"}],"predecessor-version":[{"id":19772,"href":"https:\/\/serveiseducatius.xtec.cat\/vallesoccidental6\/wp-json\/wp\/v2\/posts\/19769\/revisions\/19772"}],"wp:featuredmedia":[{"embeddable":true,"href":"https:\/\/serveiseducatius.xtec.cat\/vallesoccidental6\/wp-json\/wp\/v2\/media\/19770"}],"wp:attachment":[{"href":"https:\/\/serveiseducatius.xtec.cat\/vallesoccidental6\/wp-json\/wp\/v2\/media?parent=19769"}],"wp:term":[{"taxonomy":"category","embeddable":true,"href":"https:\/\/serveiseducatius.xtec.cat\/vallesoccidental6\/wp-json\/wp\/v2\/categories?post=19769"},{"taxonomy":"post_tag","embeddable":true,"href":"https:\/\/serveiseducatius.xtec.cat\/vallesoccidental6\/wp-json\/wp\/v2\/tags?post=19769"}],"curies":[{"name":"wp","href":"https:\/\/api.w.org\/{rel}","templated":true}]}}