{"id":19751,"date":"2026-09-01T11:39:29","date_gmt":"2026-09-01T09:39:29","guid":{"rendered":"https:\/\/serveiseducatius.xtec.cat\/vallesoccidental6\/?p=19751"},"modified":"2026-07-09T11:50:21","modified_gmt":"2026-07-09T09:50:21","slug":"formacio-uab-didactica-especifica-de-la-llengua-i-les-matematiques","status":"publish","type":"post","link":"https:\/\/serveiseducatius.xtec.cat\/vallesoccidental6\/general\/formacio-uab-didactica-especifica-de-la-llengua-i-les-matematiques\/","title":{"rendered":"\u00a0Formaci\u00f3 UAB (did\u00e0ctica especifica de la llengua i les matem\u00e0tiques)"},"content":{"rendered":"\n<p><em>El Servei de Formaci\u00f3 i Desenvolupament del Personal juntament amb l&#8217;ICE de la UAB ha impulsat dues formacions en did\u00e0ctica\u00a0espec\u00edfica\u00a0de la llengua i les matem\u00e0tiques, de les qual us adjuntem els\u00a0tr\u00edptics\u00a0informatius.<\/em><\/p>\n\n\n\n<p><em>Es tracta de dues formacions de 75 hores lectives (entre doc\u00e8ncia i treball aut\u00f2nom) que tenen reconeixement de microcredencial per part de la UAB.<\/em><\/p>\n\n\n\n<p>Compartim la informaci\u00f3 amb vosaltres per si fos del vostre inter\u00e8s.<\/p>\n\n\n\n<div class=\"wp-block-columns is-layout-flex wp-container-core-columns-is-layout-1 wp-block-columns-is-layout-flex\">\n<div class=\"wp-block-column is-layout-flow wp-block-column-is-layout-flow\">\n<div data-wp-interactive=\"core\/file\" class=\"wp-block-file\"><object data-wp-bind--hidden=\"!state.hasPdfPreview\" hidden class=\"wp-block-file__embed\" data=\"https:\/\/serveiseducatius.xtec.cat\/vallesoccidental6\/wp-content\/uploads\/usu1109\/2026\/07\/Del-sentit-numeric-a-lalgebra-repensar-la-practica-matematica-a-laula-i-al-centre-1.pdf\" type=\"application\/pdf\" style=\"width:100%;height:600px\" aria-label=\"Incrustaci\u00f3 del fitxer Del sentit num\u00e8ric a l\u2019\u00e0lgebra repensar la pr\u00e0ctica matem\u00e0tica a l\u2019aula i al centre (1).\"><\/object><a id=\"wp-block-file--media-da142511-2df9-4bb5-a1cc-e520b64069c1\" href=\"https:\/\/serveiseducatius.xtec.cat\/vallesoccidental6\/wp-content\/uploads\/usu1109\/2026\/07\/Del-sentit-numeric-a-lalgebra-repensar-la-practica-matematica-a-laula-i-al-centre-1.pdf\">Del sentit num\u00e8ric a l\u2019\u00e0lgebra repensar la pr\u00e0ctica matem\u00e0tica a l\u2019aula i al centre (1)<\/a><a href=\"https:\/\/serveiseducatius.xtec.cat\/vallesoccidental6\/wp-content\/uploads\/usu1109\/2026\/07\/Del-sentit-numeric-a-lalgebra-repensar-la-practica-matematica-a-laula-i-al-centre-1.pdf\" class=\"wp-block-file__button wp-element-button\" download aria-describedby=\"wp-block-file--media-da142511-2df9-4bb5-a1cc-e520b64069c1\">Baixa<\/a><\/div>\n<\/div>\n\n\n\n<div class=\"wp-block-column is-layout-flow wp-block-column-is-layout-flow\">\n<div data-wp-interactive=\"core\/file\" class=\"wp-block-file\"><object data-wp-bind--hidden=\"!state.hasPdfPreview\" hidden class=\"wp-block-file__embed\" data=\"https:\/\/serveiseducatius.xtec.cat\/vallesoccidental6\/wp-content\/uploads\/usu1109\/2026\/07\/Formem-lectors-competents-repensar-la-practica-lectora-a-laula-i-al-centre-1.pdf\" type=\"application\/pdf\" style=\"width:100%;height:600px\" aria-label=\"Incrustaci\u00f3 del fitxer Formem lectors competents repensar la pr\u00e0ctica lectora a l&#039;aula i al  centre (1).\"><\/object><a id=\"wp-block-file--media-1604b387-a862-4e04-aa5e-80edf900809e\" href=\"https:\/\/serveiseducatius.xtec.cat\/vallesoccidental6\/wp-content\/uploads\/usu1109\/2026\/07\/Formem-lectors-competents-repensar-la-practica-lectora-a-laula-i-al-centre-1.pdf\">Formem lectors competents repensar la pr\u00e0ctica lectora a l&#8217;aula i al  centre (1)<\/a><a href=\"https:\/\/serveiseducatius.xtec.cat\/vallesoccidental6\/wp-content\/uploads\/usu1109\/2026\/07\/Formem-lectors-competents-repensar-la-practica-lectora-a-laula-i-al-centre-1.pdf\" class=\"wp-block-file__button wp-element-button\" download aria-describedby=\"wp-block-file--media-1604b387-a862-4e04-aa5e-80edf900809e\">Baixa<\/a><\/div>\n<\/div>\n<\/div>\n","protected":false},"excerpt":{"rendered":"<p>Dues microcredencials, certificades per l&#8217;ICE de la UAB, sobre did\u00e0ctica espec\u00edfica de la  llengua i de les matem\u00e0tiques.<\/p>\n","protected":false},"author":1,"featured_media":19755,"comment_status":"closed","ping_status":"open","sticky":false,"template":"","format":"standard","meta":{"_bbp_topic_count":0,"_bbp_reply_count":0,"_bbp_total_topic_count":0,"_bbp_total_reply_count":0,"_bbp_voice_count":0,"_bbp_anonymous_reply_count":0,"_bbp_topic_count_hidden":0,"_bbp_reply_count_hidden":0,"_bbp_forum_subforum_count":0,"site-sidebar-layout":"default","site-content-layout":"","ast-site-content-layout":"default","site-content-style":"default","site-sidebar-style":"default","ast-global-header-display":"","ast-banner-title-visibility":"","ast-main-header-display":"","ast-hfb-above-header-display":"","ast-hfb-below-header-display":"","ast-hfb-mobile-header-display":"","site-post-title":"","ast-breadcrumbs-content":"","ast-featured-img":"","footer-sml-layout":"","theme-transparent-header-meta":"","adv-header-id-meta":"","stick-header-meta":"","header-above-stick-meta":"","header-main-stick-meta":"","header-below-stick-meta":"","astra-migrate-meta-layouts":"set","ast-page-background-enabled":"default","ast-page-background-meta":{"desktop":{"background-color":"var(--ast-global-color-4)","background-image":"","background-repeat":"repeat","background-position":"center center","background-size":"auto","background-attachment":"scroll","background-type":"","background-media":"","overlay-type":"","overlay-color":"","overlay-opacity":"","overlay-gradient":""},"tablet":{"background-color":"","background-image":"","background-repeat":"repeat","background-position":"center center","background-size":"auto","background-attachment":"scroll","background-type":"","background-media":"","overlay-type":"","overlay-color":"","overlay-opacity":"","overlay-gradient":""},"mobile":{"background-color":"","background-image":"","background-repeat":"repeat","background-position":"center center","background-size":"auto","background-attachment":"scroll","background-type":"","background-media":"","overlay-type":"","overlay-color":"","overlay-opacity":"","overlay-gradient":""}},"ast-content-background-meta":{"desktop":{"background-color":"var(--ast-global-color-5)","background-image":"","background-repeat":"repeat","background-position":"center center","background-size":"auto","background-attachment":"scroll","background-type":"","background-media":"","overlay-type":"","overlay-color":"","overlay-opacity":"","overlay-gradient":""},"tablet":{"background-color":"var(--ast-global-color-5)","background-image":"","background-repeat":"repeat","background-position":"center center","background-size":"auto","background-attachment":"scroll","background-type":"","background-media":"","overlay-type":"","overlay-color":"","overlay-opacity":"","overlay-gradient":""},"mobile":{"background-color":"var(--ast-global-color-5)","background-image":"","background-repeat":"repeat","background-position":"center center","background-size":"auto","background-attachment":"scroll","background-type":"","background-media":"","overlay-type":"","overlay-color":"","overlay-opacity":"","overlay-gradient":""}},"footnotes":""},"categories":[421,285,482,1,287,29],"tags":[298,299,226,597,41],"class_list":["post-19751","post","type-post","status-publish","format-standard","has-post-thumbnail","hentry","category-ambit-linguistic","category-ambit-matematic","category-formacions","category-general","category-llengua-catalana","category-portada","tag-educacio-primaria","tag-educacio-secundaria","tag-formacio","tag-lectura","tag-matematiques"],"post_mailing_queue_ids":[],"_links":{"self":[{"href":"https:\/\/serveiseducatius.xtec.cat\/vallesoccidental6\/wp-json\/wp\/v2\/posts\/19751","targetHints":{"allow":["GET"]}}],"collection":[{"href":"https:\/\/serveiseducatius.xtec.cat\/vallesoccidental6\/wp-json\/wp\/v2\/posts"}],"about":[{"href":"https:\/\/serveiseducatius.xtec.cat\/vallesoccidental6\/wp-json\/wp\/v2\/types\/post"}],"author":[{"embeddable":true,"href":"https:\/\/serveiseducatius.xtec.cat\/vallesoccidental6\/wp-json\/wp\/v2\/users\/1"}],"replies":[{"embeddable":true,"href":"https:\/\/serveiseducatius.xtec.cat\/vallesoccidental6\/wp-json\/wp\/v2\/comments?post=19751"}],"version-history":[{"count":2,"href":"https:\/\/serveiseducatius.xtec.cat\/vallesoccidental6\/wp-json\/wp\/v2\/posts\/19751\/revisions"}],"predecessor-version":[{"id":19756,"href":"https:\/\/serveiseducatius.xtec.cat\/vallesoccidental6\/wp-json\/wp\/v2\/posts\/19751\/revisions\/19756"}],"wp:featuredmedia":[{"embeddable":true,"href":"https:\/\/serveiseducatius.xtec.cat\/vallesoccidental6\/wp-json\/wp\/v2\/media\/19755"}],"wp:attachment":[{"href":"https:\/\/serveiseducatius.xtec.cat\/vallesoccidental6\/wp-json\/wp\/v2\/media?parent=19751"}],"wp:term":[{"taxonomy":"category","embeddable":true,"href":"https:\/\/serveiseducatius.xtec.cat\/vallesoccidental6\/wp-json\/wp\/v2\/categories?post=19751"},{"taxonomy":"post_tag","embeddable":true,"href":"https:\/\/serveiseducatius.xtec.cat\/vallesoccidental6\/wp-json\/wp\/v2\/tags?post=19751"}],"curies":[{"name":"wp","href":"https:\/\/api.w.org\/{rel}","templated":true}]}}