{"id":19491,"date":"2026-02-17T09:04:23","date_gmt":"2026-02-17T08:04:23","guid":{"rendered":"https:\/\/serveiseducatius.xtec.cat\/vallesoccidental6\/?p=19491"},"modified":"2026-02-17T09:04:24","modified_gmt":"2026-02-17T08:04:24","slug":"1a-mostra-de-dansa-2","status":"publish","type":"post","link":"https:\/\/serveiseducatius.xtec.cat\/vallesoccidental6\/portada\/1a-mostra-de-dansa-2\/","title":{"rendered":"1a Mostra de Dansa"},"content":{"rendered":"\n<p>El proper\u00a0<strong>15 d\u2019abril del 2026<\/strong>, el Departament d\u2019Educaci\u00f3 i FP organitza la primera\u00a0\u00a0<strong>Mostra de Dansa\u00a0<\/strong>que se celebrar\u00e0 al\u00a0<strong>Teatre Auditori de Sant Cugat del Vall\u00e8s.<\/strong><\/p>\n\n\n\n<p>Aquesta actuaci\u00f3, realitzada per alumnat del Grau Professional de Dansa dels&nbsp; dos conservatoris de grau professional de dansa de Catalunya, s\u2019adre\u00e7a a alumnat de 3r a 6\u00e8 d\u2019Educaci\u00f3 Prim\u00e0ria preferentment dels centres del Consorci d\u2019Educaci\u00f3 de Barcelona i del Servei Territorial del Vall\u00e8s Occidental.<\/p>\n\n\n\n<p>Aquesta proposta t\u00e9 com a objectiu&nbsp;<strong>promocionar la dansa<\/strong>&nbsp;i apropar aquesta disciplina art\u00edstica a nous p\u00fablics, fomentant que els infants la coneguin de prop.&nbsp; Ser\u00e0 una oportunitat per gaudir del talent emergent i celebrar la creativitat, l\u2019esfor\u00e7 i la passi\u00f3 per la dansa.<\/p>\n\n\n\n<p>Tal com s\u2019ha esmentat anteriorment, l&#8217;espectacle ser\u00e0 a c\u00e0rrec de ballarins i ballarines dels dos conservatoris de dansa de Catalunya:&nbsp; l\u2019Institut Escola Art\u00edstic Oriol Martorell i Conservatori professional de Dansa de l\u2019Institut del Teatre, que presentaran diverses peces coreogr\u00e0fiques creades i treballades durant el curs de les&nbsp; tres especialitats de dansa del Grau Professional que s\u2019imparteixen a Catalunya: dansa cl\u00e0ssica, dansa contempor\u00e0nia i&nbsp; dansa espanyola.<\/p>\n\n\n\n<p>En acabar l\u2019espectacle, se celebrar\u00e0 un breu col\u00b7loqui amb els int\u00e8rprets. L\u2019alumnat espectador tindr\u00e0 l\u2019oportunitat de fer preguntes als ballarins i les ballarines.<\/p>\n\n\n\n<p>Per a aprofitar al m\u00e0xim el gaudi i els continguts\u00a0 d\u2019aquest espectacle, us enviem adjunta una informaci\u00f3 que es podria\u00a0 treballar pr\u00e8viament a classe.<\/p>\n\n\n\n<p>Per poder assistir-hi,&nbsp; cal fer una&nbsp;<strong>reserva pr\u00e8via&nbsp;<\/strong>al<a href=\"https:\/\/forms.gle\/Dn7FJQpdnLr5EXjNA\" target=\"_blank\" rel=\"noreferrer noopener\">&nbsp;formulari que us&nbsp;<\/a><a href=\"https:\/\/forms.gle\/Dn7FJQpdnLr5EXjNA\" target=\"_blank\" rel=\"noreferrer noopener\">enllacem<\/a>.&nbsp;Cada centre s\u2019hi pot inscriure amb un m\u00e0xim de dos grups classe i es respectar\u00e0 l\u2019ordre d\u2019inscripci\u00f3 per atorgar l\u2019assist\u00e8ncia .<\/p>\n\n\n\n<p><strong>L\u2019horari de l\u2019espectacle ser\u00e0 de 10:30h a 12h.<\/strong>\u00a0Els centres que assisteixin\u00a0 hauran de ser mitja hora abans a l\u2019auditori, per a entrar esglaonadament i comen\u00e7ar puntualment l\u2019espectacle.<\/p>\n\n\n\n<p>A banda de l\u2019espectacle del dia 15 d\u2019abril, els centres que\u00a0 ho sol\u00b7licitin (segons disponibilitat i per rigor\u00f3s ordre d\u2019inscripci\u00f3)\u00a0 tindran la possibilitat de completar l\u2019experi\u00e8ncia amb un taller d\u2019iniciaci\u00f3 a la dansa, de 2\u202fh de durada,\u00a0 impartit per professionals de la dansa, i que es dur\u00e0 a terme durant la primera setmana de juny a la seu del centre que ho demani.\u00a0 En respondre al formulari, cal que indiqueu si hi esteu interessats.<\/p>\n\n\n\n<p>El formulari estar\u00e0 obert del 16 al 27 de febrer de 2026. Us informem que omplir el formulari no assegura tenir pla\u00e7a.&nbsp;<strong>Rebreu oportunament confirmaci\u00f3 de les places demanades al correu de contacte indicat al formulari.<\/strong><\/p>\n\n\n\n<p>Si teniu algun dubte, podeu escriure a l\u2019adre\u00e7a del SEREAE (Servei d\u2019Ensenyaments de R\u00e8gim Especial, Art\u00edstics i Esportius)&nbsp;<a href=\"mailto:ensere.educacio@gencat.cat\" target=\"_blank\" rel=\"noreferrer noopener\">ensere.educacio@gencat.cat<\/a>.<\/p>\n","protected":false},"excerpt":{"rendered":"<p>El proper\u00a015 d\u2019abril del 2026, el Departament d\u2019Educaci\u00f3 i FP organitza la primera\u00a0\u00a0Mostra de Dansa\u00a0que se celebrar\u00e0 al\u00a0Teatre Auditori de Sant Cugat del Vall\u00e8s. Fes aqu\u00ed la reserva per al teu grup d&#8217;alumnes!<\/p>\n","protected":false},"author":1,"featured_media":19492,"comment_status":"closed","ping_status":"open","sticky":false,"template":"","format":"standard","meta":{"_bbp_topic_count":0,"_bbp_reply_count":0,"_bbp_total_topic_count":0,"_bbp_total_reply_count":0,"_bbp_voice_count":0,"_bbp_anonymous_reply_count":0,"_bbp_topic_count_hidden":0,"_bbp_reply_count_hidden":0,"_bbp_forum_subforum_count":0,"site-sidebar-layout":"default","site-content-layout":"","ast-site-content-layout":"default","site-content-style":"default","site-sidebar-style":"default","ast-global-header-display":"","ast-banner-title-visibility":"","ast-main-header-display":"","ast-hfb-above-header-display":"","ast-hfb-below-header-display":"","ast-hfb-mobile-header-display":"","site-post-title":"","ast-breadcrumbs-content":"","ast-featured-img":"","footer-sml-layout":"","theme-transparent-header-meta":"","adv-header-id-meta":"","stick-header-meta":"","header-above-stick-meta":"","header-main-stick-meta":"","header-below-stick-meta":"","astra-migrate-meta-layouts":"set","ast-page-background-enabled":"default","ast-page-background-meta":{"desktop":{"background-color":"var(--ast-global-color-4)","background-image":"","background-repeat":"repeat","background-position":"center center","background-size":"auto","background-attachment":"scroll","background-type":"","background-media":"","overlay-type":"","overlay-color":"","overlay-opacity":"","overlay-gradient":""},"tablet":{"background-color":"","background-image":"","background-repeat":"repeat","background-position":"center center","background-size":"auto","background-attachment":"scroll","background-type":"","background-media":"","overlay-type":"","overlay-color":"","overlay-opacity":"","overlay-gradient":""},"mobile":{"background-color":"","background-image":"","background-repeat":"repeat","background-position":"center center","background-size":"auto","background-attachment":"scroll","background-type":"","background-media":"","overlay-type":"","overlay-color":"","overlay-opacity":"","overlay-gradient":""}},"ast-content-background-meta":{"desktop":{"background-color":"var(--ast-global-color-5)","background-image":"","background-repeat":"repeat","background-position":"center center","background-size":"auto","background-attachment":"scroll","background-type":"","background-media":"","overlay-type":"","overlay-color":"","overlay-opacity":"","overlay-gradient":""},"tablet":{"background-color":"var(--ast-global-color-5)","background-image":"","background-repeat":"repeat","background-position":"center center","background-size":"auto","background-attachment":"scroll","background-type":"","background-media":"","overlay-type":"","overlay-color":"","overlay-opacity":"","overlay-gradient":""},"mobile":{"background-color":"var(--ast-global-color-5)","background-image":"","background-repeat":"repeat","background-position":"center center","background-size":"auto","background-attachment":"scroll","background-type":"","background-media":"","overlay-type":"","overlay-color":"","overlay-opacity":"","overlay-gradient":""}},"footnotes":""},"categories":[284,29],"tags":[539,298,397],"class_list":["post-19491","post","type-post","status-publish","format-standard","has-post-thumbnail","hentry","category-ambit-artistic","category-portada","tag-educacio-artistica-musical","tag-educacio-primaria","tag-sortides"],"post_mailing_queue_ids":[],"_links":{"self":[{"href":"https:\/\/serveiseducatius.xtec.cat\/vallesoccidental6\/wp-json\/wp\/v2\/posts\/19491","targetHints":{"allow":["GET"]}}],"collection":[{"href":"https:\/\/serveiseducatius.xtec.cat\/vallesoccidental6\/wp-json\/wp\/v2\/posts"}],"about":[{"href":"https:\/\/serveiseducatius.xtec.cat\/vallesoccidental6\/wp-json\/wp\/v2\/types\/post"}],"author":[{"embeddable":true,"href":"https:\/\/serveiseducatius.xtec.cat\/vallesoccidental6\/wp-json\/wp\/v2\/users\/1"}],"replies":[{"embeddable":true,"href":"https:\/\/serveiseducatius.xtec.cat\/vallesoccidental6\/wp-json\/wp\/v2\/comments?post=19491"}],"version-history":[{"count":1,"href":"https:\/\/serveiseducatius.xtec.cat\/vallesoccidental6\/wp-json\/wp\/v2\/posts\/19491\/revisions"}],"predecessor-version":[{"id":19493,"href":"https:\/\/serveiseducatius.xtec.cat\/vallesoccidental6\/wp-json\/wp\/v2\/posts\/19491\/revisions\/19493"}],"wp:featuredmedia":[{"embeddable":true,"href":"https:\/\/serveiseducatius.xtec.cat\/vallesoccidental6\/wp-json\/wp\/v2\/media\/19492"}],"wp:attachment":[{"href":"https:\/\/serveiseducatius.xtec.cat\/vallesoccidental6\/wp-json\/wp\/v2\/media?parent=19491"}],"wp:term":[{"taxonomy":"category","embeddable":true,"href":"https:\/\/serveiseducatius.xtec.cat\/vallesoccidental6\/wp-json\/wp\/v2\/categories?post=19491"},{"taxonomy":"post_tag","embeddable":true,"href":"https:\/\/serveiseducatius.xtec.cat\/vallesoccidental6\/wp-json\/wp\/v2\/tags?post=19491"}],"curies":[{"name":"wp","href":"https:\/\/api.w.org\/{rel}","templated":true}]}}