{"id":19306,"date":"2026-01-22T12:58:36","date_gmt":"2026-01-22T11:58:36","guid":{"rendered":"https:\/\/serveiseducatius.xtec.cat\/vallesoccidental6\/?p=19306"},"modified":"2026-01-22T13:15:17","modified_gmt":"2026-01-22T12:15:17","slug":"premis-educac","status":"publish","type":"post","link":"https:\/\/serveiseducatius.xtec.cat\/vallesoccidental6\/portada\/premis-educac\/","title":{"rendered":"Premis eduCAC"},"content":{"rendered":"\n<figure class=\"wp-block-image aligncenter size-large\"><a href=\"https:\/\/serveiseducatius.xtec.cat\/vallesoccidental6\/wp-content\/uploads\/usu1109\/2026\/01\/educac.png\"><img loading=\"lazy\" decoding=\"async\" width=\"1024\" height=\"320\" src=\"https:\/\/serveiseducatius.xtec.cat\/vallesoccidental6\/wp-content\/uploads\/usu1109\/2026\/01\/educac-1024x320.png\" alt=\"\" class=\"wp-image-19307\" srcset=\"https:\/\/serveiseducatius.xtec.cat\/vallesoccidental6\/wp-content\/uploads\/usu1109\/2026\/01\/educac-1024x320.png 1024w, https:\/\/serveiseducatius.xtec.cat\/vallesoccidental6\/wp-content\/uploads\/usu1109\/2026\/01\/educac-300x94.png 300w, https:\/\/serveiseducatius.xtec.cat\/vallesoccidental6\/wp-content\/uploads\/usu1109\/2026\/01\/educac-768x240.png 768w, https:\/\/serveiseducatius.xtec.cat\/vallesoccidental6\/wp-content\/uploads\/usu1109\/2026\/01\/educac-1536x479.png 1536w, https:\/\/serveiseducatius.xtec.cat\/vallesoccidental6\/wp-content\/uploads\/usu1109\/2026\/01\/educac.png 1903w\" sizes=\"auto, (max-width: 1024px) 100vw, 1024px\" \/><\/a><\/figure>\n\n\n\n<p>El Consell de l&#8217;Audiovisual de Catalunya convoca anualment, des del curs 2003\/2004, els Premis eduCAC amb l&#8217;objectiu de fomentar l&#8217;educaci\u00f3 en comunicaci\u00f3 i recon\u00e8ixer la tasca duta a terme pels docents a les aules en aquest \u00e0mbit. Consulta aqu\u00ed les bases del premi:<\/p>\n\n\n\n<div class=\"wp-block-buttons is-content-justification-center is-layout-flex wp-container-core-buttons-is-layout-1 wp-block-buttons-is-layout-flex\">\n<div class=\"wp-block-button\"><a class=\"wp-block-button__link has-white-color has-ast-global-color-1-background-color has-text-color has-background has-link-color wp-element-button\" href=\"https:\/\/www.educac.cat\/premis-educac\/23ns-premis-educac\" target=\"_blank\" rel=\"noreferrer noopener\">Bases del premi<\/a><\/div>\n<\/div>\n\n\n\n<div class=\"wp-block-columns is-layout-flex wp-container-core-columns-is-layout-1 wp-block-columns-is-layout-flex\">\n<div class=\"wp-block-column is-layout-flow wp-block-column-is-layout-flow\">\n<ul class=\"wp-block-list\">\n<li><strong>Terminis de presentaci\u00f3:<\/strong>\n<ul class=\"wp-block-list\">\n<li>Per internet:\n<ul class=\"wp-block-list\">\n<li>13 de febrer del 2026 (<a href=\"https:\/\/tramits.gencat.cat\/ca\/tramits\/tramits-temes\/Peticio-generica\" target=\"_blank\" rel=\"noreferrer noopener\">formulari de participaci\u00f3<\/a>).<\/li>\n\n\n\n<li>27 de febrer del 2026 (resta de documentaci\u00f3 i materials, a trav\u00e9s d&#8217;un enlla\u00e7 a un servei d&#8217;emmagatzematge en el n\u00favol que us trametrem al correu de contacte facilitat).<\/li>\n<\/ul>\n<\/li>\n\n\n\n<li>Presencial:\n<ul class=\"wp-block-list\">\n<li>27 de febrer de 2026: sol\u00b7licitud de participaci\u00f3, documentaci\u00f3 i materials.<\/li>\n<\/ul>\n<\/li>\n<\/ul>\n<\/li>\n<\/ul>\n<\/div>\n\n\n\n<div class=\"wp-block-column is-layout-flow wp-block-column-is-layout-flow\">\n<ul class=\"wp-block-list\">\n<li><strong>Categories<\/strong>\n<ul class=\"wp-block-list\">\n<li>Centres educatius<\/li>\n\n\n\n<li>Professorat de centres educatius<\/li>\n\n\n\n<li>Treballs de recerca de l\u2019alumnat de batxillerat<\/li>\n<\/ul>\n<\/li>\n<\/ul>\n\n\n\n<ul class=\"wp-block-list\">\n<li><strong>Dotaci\u00f3:<\/strong><\/li>\n<\/ul>\n\n\n\n<p>Totes les categories estan dotades amb un primer i un segon premi de 1.000 i 500 euros respectivament, amb una dotaci\u00f3 global d\u2019<strong>11.500 euros.<\/strong><\/p>\n<\/div>\n<\/div>\n","protected":false},"excerpt":{"rendered":"<p>El Consell de l&#8217;Audiovisual de Catalunya convoca anualment els Premis eduCAC, amb l&#8217;objectiu de promoure i recon\u00e8ixer les millors pr\u00e0ctiques d&#8217;integraci\u00f3 de l&#8217;educaci\u00f3 medi\u00e0tica al curr\u00edculum educatiu.<br \/>\nEls premis consten de tres categories, centres educatius, professorat, i treballs de recerca de batxillerat. <\/p>\n","protected":false},"author":1,"featured_media":19310,"comment_status":"closed","ping_status":"open","sticky":false,"template":"","format":"standard","meta":{"_bbp_topic_count":0,"_bbp_reply_count":0,"_bbp_total_topic_count":0,"_bbp_total_reply_count":0,"_bbp_voice_count":0,"_bbp_anonymous_reply_count":0,"_bbp_topic_count_hidden":0,"_bbp_reply_count_hidden":0,"_bbp_forum_subforum_count":0,"site-sidebar-layout":"default","site-content-layout":"","ast-site-content-layout":"default","site-content-style":"default","site-sidebar-style":"default","ast-global-header-display":"","ast-banner-title-visibility":"","ast-main-header-display":"","ast-hfb-above-header-display":"","ast-hfb-below-header-display":"","ast-hfb-mobile-header-display":"","site-post-title":"","ast-breadcrumbs-content":"","ast-featured-img":"","footer-sml-layout":"","theme-transparent-header-meta":"","adv-header-id-meta":"","stick-header-meta":"","header-above-stick-meta":"","header-main-stick-meta":"","header-below-stick-meta":"","astra-migrate-meta-layouts":"set","ast-page-background-enabled":"default","ast-page-background-meta":{"desktop":{"background-color":"var(--ast-global-color-4)","background-image":"","background-repeat":"repeat","background-position":"center center","background-size":"auto","background-attachment":"scroll","background-type":"","background-media":"","overlay-type":"","overlay-color":"","overlay-opacity":"","overlay-gradient":""},"tablet":{"background-color":"","background-image":"","background-repeat":"repeat","background-position":"center center","background-size":"auto","background-attachment":"scroll","background-type":"","background-media":"","overlay-type":"","overlay-color":"","overlay-opacity":"","overlay-gradient":""},"mobile":{"background-color":"","background-image":"","background-repeat":"repeat","background-position":"center center","background-size":"auto","background-attachment":"scroll","background-type":"","background-media":"","overlay-type":"","overlay-color":"","overlay-opacity":"","overlay-gradient":""}},"ast-content-background-meta":{"desktop":{"background-color":"var(--ast-global-color-5)","background-image":"","background-repeat":"repeat","background-position":"center center","background-size":"auto","background-attachment":"scroll","background-type":"","background-media":"","overlay-type":"","overlay-color":"","overlay-opacity":"","overlay-gradient":""},"tablet":{"background-color":"var(--ast-global-color-5)","background-image":"","background-repeat":"repeat","background-position":"center center","background-size":"auto","background-attachment":"scroll","background-type":"","background-media":"","overlay-type":"","overlay-color":"","overlay-opacity":"","overlay-gradient":""},"mobile":{"background-color":"var(--ast-global-color-5)","background-image":"","background-repeat":"repeat","background-position":"center center","background-size":"auto","background-attachment":"scroll","background-type":"","background-media":"","overlay-type":"","overlay-color":"","overlay-opacity":"","overlay-gradient":""}},"footnotes":""},"categories":[545,29,332,531,471],"tags":[37,342,564],"class_list":["post-19306","post","type-post","status-publish","format-standard","has-post-thumbnail","hentry","category-cultura-digital","category-portada","category-recursos-digitals","category-telegram","category-xarxes","tag-audiovisuals","tag-concursos-premis","tag-pensament-critic"],"post_mailing_queue_ids":[],"_links":{"self":[{"href":"https:\/\/serveiseducatius.xtec.cat\/vallesoccidental6\/wp-json\/wp\/v2\/posts\/19306","targetHints":{"allow":["GET"]}}],"collection":[{"href":"https:\/\/serveiseducatius.xtec.cat\/vallesoccidental6\/wp-json\/wp\/v2\/posts"}],"about":[{"href":"https:\/\/serveiseducatius.xtec.cat\/vallesoccidental6\/wp-json\/wp\/v2\/types\/post"}],"author":[{"embeddable":true,"href":"https:\/\/serveiseducatius.xtec.cat\/vallesoccidental6\/wp-json\/wp\/v2\/users\/1"}],"replies":[{"embeddable":true,"href":"https:\/\/serveiseducatius.xtec.cat\/vallesoccidental6\/wp-json\/wp\/v2\/comments?post=19306"}],"version-history":[{"count":3,"href":"https:\/\/serveiseducatius.xtec.cat\/vallesoccidental6\/wp-json\/wp\/v2\/posts\/19306\/revisions"}],"predecessor-version":[{"id":19312,"href":"https:\/\/serveiseducatius.xtec.cat\/vallesoccidental6\/wp-json\/wp\/v2\/posts\/19306\/revisions\/19312"}],"wp:featuredmedia":[{"embeddable":true,"href":"https:\/\/serveiseducatius.xtec.cat\/vallesoccidental6\/wp-json\/wp\/v2\/media\/19310"}],"wp:attachment":[{"href":"https:\/\/serveiseducatius.xtec.cat\/vallesoccidental6\/wp-json\/wp\/v2\/media?parent=19306"}],"wp:term":[{"taxonomy":"category","embeddable":true,"href":"https:\/\/serveiseducatius.xtec.cat\/vallesoccidental6\/wp-json\/wp\/v2\/categories?post=19306"},{"taxonomy":"post_tag","embeddable":true,"href":"https:\/\/serveiseducatius.xtec.cat\/vallesoccidental6\/wp-json\/wp\/v2\/tags?post=19306"}],"curies":[{"name":"wp","href":"https:\/\/api.w.org\/{rel}","templated":true}]}}