{"id":19128,"date":"2025-12-10T19:39:51","date_gmt":"2025-12-10T18:39:51","guid":{"rendered":"https:\/\/serveiseducatius.xtec.cat\/vallesoccidental6\/?p=19128"},"modified":"2025-12-10T19:44:46","modified_gmt":"2025-12-10T18:44:46","slug":"oferta-formativa-ub","status":"publish","type":"post","link":"https:\/\/serveiseducatius.xtec.cat\/vallesoccidental6\/general\/oferta-formativa-ub\/","title":{"rendered":"Oferta formativa UB"},"content":{"rendered":"\n<div class=\"wp-block-columns is-layout-flex wp-container-core-columns-is-layout-1 wp-block-columns-is-layout-flex\">\n<div class=\"wp-block-column is-layout-flow wp-block-column-is-layout-flow\" style=\"flex-basis:66.66%\">\n<p class=\"has-background\" style=\"background-color:#f8f8f8\">Us informem que ja est\u00e0 disponible la nova oferta formativa del 2n trimestre 2025-2026 de l\u2019<strong>Institut de Desenvolupament Professional (UB)<\/strong>. Es tracta de propostes gratu\u00eftes pensades per donar suport a la tasca docent, amb cursos pr\u00e0ctics, actualitzats i centrats en els reptes educatius actuals.<\/p>\n<\/div>\n\n\n\n<div class=\"wp-block-column is-layout-flow wp-block-column-is-layout-flow\" style=\"flex-basis:33.33%\">\n<div class=\"wp-block-buttons alignwide is-horizontal is-content-justification-center is-layout-flex wp-container-core-buttons-is-layout-1 wp-block-buttons-is-layout-flex\">\n<div class=\"wp-block-button\"><a class=\"wp-block-button__link has-white-color has-ast-global-color-1-background-color has-text-color has-background has-link-color wp-element-button\">M\u00e9s informaci\u00f3<\/a><\/div>\n<\/div>\n<\/div>\n<\/div>\n\n\n\n<p>Tamb\u00e9 l\u2019<strong>IDP de la Universitat de Barcelona<\/strong> col\u00b7labora en el disseny i la promoci\u00f3 de&nbsp;<strong>microcredencials&nbsp;universit\u00e0ries<\/strong>. S\u00f3n cursos de pagament en qu\u00e8 es treballen compet\u00e8ncies espec\u00edfiques que permeten adaptar-se a un nou m\u00f3n VICA (volatilitat, incertesa, complexitat i ambig\u00fcitat). En concret s&#8217;ofereixen aquestes: &nbsp;<\/p>\n\n\n\n<div class=\"wp-block-columns is-layout-flex wp-container-core-columns-is-layout-2 wp-block-columns-is-layout-flex\">\n<div class=\"wp-block-column is-layout-flow wp-block-column-is-layout-flow\">\n<ul style=\"background-color:#f8f8f8\" class=\"wp-block-list has-background\">\n<li><strong><u><a href=\"https:\/\/urldefense.com\/v3\/__https:\/idp-iceub.cmail20.com\/t\/d-i-gtlukiy-l-r\/__;!!D9dNQwwGXtA!RvP-uzi_4r7MTpC7I_dGrJW-f7bhdkc_VhflpojbO7PGHugAA_KoTRyY_QohF96D1Iitri-XXJ3NNt_c8aBRTo_B$\" target=\"_blank\" rel=\"noreferrer noopener\">Aprendre a Llegir i a Escriure en Contextos Multiling\u00fces i Multiculturals<\/a><\/u><\/strong>\u202f&nbsp;<\/li>\n\n\n\n<li><strong><u><a href=\"https:\/\/urldefense.com\/v3\/__https:\/idp-iceub.cmail20.com\/t\/d-i-gtlukiy-l-y\/__;!!D9dNQwwGXtA!RvP-uzi_4r7MTpC7I_dGrJW-f7bhdkc_VhflpojbO7PGHugAA_KoTRyY_QohF96D1Iitri-XXJ3NNt_c8a9gm-EW$\" target=\"_blank\" rel=\"noreferrer noopener\">Ci\u00e8ncia Cr\u00edtica: Ensenyar Biologia i Geologia amb Evid\u00e8ncies<\/a><\/u><\/strong><\/li>\n<\/ul>\n<\/div>\n\n\n\n<div class=\"wp-block-column has-background is-layout-flow wp-block-column-is-layout-flow\" style=\"background-color:#f8f8f8\">\n<ul class=\"wp-block-list\">\n<li><strong><u><a href=\"https:\/\/urldefense.com\/v3\/__https:\/idp-iceub.cmail20.com\/t\/d-i-gtlukiy-l-j\/__;!!D9dNQwwGXtA!RvP-uzi_4r7MTpC7I_dGrJW-f7bhdkc_VhflpojbO7PGHugAA_KoTRyY_QohF96D1Iitri-XXJ3NNt_c8WH-Q81y$\" target=\"_blank\" rel=\"noreferrer noopener\">Claus per Respondre a la Reacci\u00f3 Antifeminista \u2014\u202f<\/a><\/u><\/strong><a href=\"https:\/\/urldefense.com\/v3\/__https:\/idp-iceub.cmail20.com\/t\/d-i-gtlukiy-l-d\/__;!!D9dNQwwGXtA!RvP-uzi_4r7MTpC7I_dGrJW-f7bhdkc_VhflpojbO7PGHugAA_KoTRyY_QohF96D1Iitri-XXJ3NNt_c8aJQjOtg$\" target=\"_blank\" rel=\"noreferrer noopener\">\u202f<\/a><strong><u><a href=\"https:\/\/urldefense.com\/v3\/__https:\/idp-iceub.cmail20.com\/t\/d-i-gtlukiy-l-h\/__;!!D9dNQwwGXtA!RvP-uzi_4r7MTpC7I_dGrJW-f7bhdkc_VhflpojbO7PGHugAA_KoTRyY_QohF96D1Iitri-XXJ3NNt_c8Q57hvvE$\" target=\"_blank\" rel=\"noreferrer noopener\">Com Funciona la Manosfera<\/a><\/u><\/strong>\u202f<\/li>\n\n\n\n<li><strong><u><a href=\"https:\/\/urldefense.com\/v3\/__https:\/idp-iceub.cmail20.com\/t\/d-i-gtlukiy-l-k\/__;!!D9dNQwwGXtA!RvP-uzi_4r7MTpC7I_dGrJW-f7bhdkc_VhflpojbO7PGHugAA_KoTRyY_QohF96D1Iitri-XXJ3NNt_c8Zxdsi8X$\" target=\"_blank\" rel=\"noreferrer noopener\">Gesti\u00f3 de la Diversitat Cultural en l&#8217;Educaci\u00f3 i Altres Sectors Professionals<\/a><\/u><\/strong><\/li>\n<\/ul>\n<\/div>\n<\/div>\n\n\n\n<p>\u202fS\u00f3n cursos de 75 hores, subvencionats en el 70 % per la Universitat de Barcelona, el 30 % els ha de pagar cada participant, s\u00f3n uns 100 \u20ac, equivalen a 3 cr\u00e8dits i s\u00f3n v\u00e0lids a tota Europa.&nbsp;<\/p>\n\n\n\n<p>Si teniu qualsevol consulta, podeu contactar amb nosaltres a trav\u00e9s del correu electr\u00f2nic&nbsp;<a href=\"mailto:idp.cursos@ub.edu\" target=\"_blank\" rel=\"noreferrer noopener\">idp.cursos@ub.edu<\/a>&nbsp;.\u202f\u202f\u202f&nbsp;<\/p>\n","protected":false},"excerpt":{"rendered":"<p>Us informem que ja teniu disponible la nova oferta formativa del 2n trimestre 2025-2026 de l\u2019Institut de Desenvolupament Professional (UB). Es tracta de propostes gratu\u00eftes pensades per donar suport a la tasca docent, amb cursos pr\u00e0ctics, actualitzats i centrats en els reptes educatius actuals.<\/p>\n","protected":false},"author":1,"featured_media":19129,"comment_status":"closed","ping_status":"open","sticky":false,"template":"","format":"standard","meta":{"_bbp_topic_count":0,"_bbp_reply_count":0,"_bbp_total_topic_count":0,"_bbp_total_reply_count":0,"_bbp_voice_count":0,"_bbp_anonymous_reply_count":0,"_bbp_topic_count_hidden":0,"_bbp_reply_count_hidden":0,"_bbp_forum_subforum_count":0,"site-sidebar-layout":"default","site-content-layout":"","ast-site-content-layout":"default","site-content-style":"default","site-sidebar-style":"default","ast-global-header-display":"","ast-banner-title-visibility":"","ast-main-header-display":"","ast-hfb-above-header-display":"","ast-hfb-below-header-display":"","ast-hfb-mobile-header-display":"","site-post-title":"","ast-breadcrumbs-content":"","ast-featured-img":"","footer-sml-layout":"","theme-transparent-header-meta":"","adv-header-id-meta":"","stick-header-meta":"","header-above-stick-meta":"","header-main-stick-meta":"","header-below-stick-meta":"","astra-migrate-meta-layouts":"set","ast-page-background-enabled":"default","ast-page-background-meta":{"desktop":{"background-color":"var(--ast-global-color-4)","background-image":"","background-repeat":"repeat","background-position":"center center","background-size":"auto","background-attachment":"scroll","background-type":"","background-media":"","overlay-type":"","overlay-color":"","overlay-opacity":"","overlay-gradient":""},"tablet":{"background-color":"","background-image":"","background-repeat":"repeat","background-position":"center center","background-size":"auto","background-attachment":"scroll","background-type":"","background-media":"","overlay-type":"","overlay-color":"","overlay-opacity":"","overlay-gradient":""},"mobile":{"background-color":"","background-image":"","background-repeat":"repeat","background-position":"center center","background-size":"auto","background-attachment":"scroll","background-type":"","background-media":"","overlay-type":"","overlay-color":"","overlay-opacity":"","overlay-gradient":""}},"ast-content-background-meta":{"desktop":{"background-color":"var(--ast-global-color-5)","background-image":"","background-repeat":"repeat","background-position":"center center","background-size":"auto","background-attachment":"scroll","background-type":"","background-media":"","overlay-type":"","overlay-color":"","overlay-opacity":"","overlay-gradient":""},"tablet":{"background-color":"var(--ast-global-color-5)","background-image":"","background-repeat":"repeat","background-position":"center center","background-size":"auto","background-attachment":"scroll","background-type":"","background-media":"","overlay-type":"","overlay-color":"","overlay-opacity":"","overlay-gradient":""},"mobile":{"background-color":"var(--ast-global-color-5)","background-image":"","background-repeat":"repeat","background-position":"center center","background-size":"auto","background-attachment":"scroll","background-type":"","background-media":"","overlay-type":"","overlay-color":"","overlay-opacity":"","overlay-gradient":""}},"footnotes":""},"categories":[482,1,29],"tags":[250,598,564],"class_list":["post-19128","post","type-post","status-publish","format-standard","has-post-thumbnail","hentry","category-formacions","category-general","category-portada","tag-ciencia","tag-formacions","tag-pensament-critic"],"post_mailing_queue_ids":[],"_links":{"self":[{"href":"https:\/\/serveiseducatius.xtec.cat\/vallesoccidental6\/wp-json\/wp\/v2\/posts\/19128","targetHints":{"allow":["GET"]}}],"collection":[{"href":"https:\/\/serveiseducatius.xtec.cat\/vallesoccidental6\/wp-json\/wp\/v2\/posts"}],"about":[{"href":"https:\/\/serveiseducatius.xtec.cat\/vallesoccidental6\/wp-json\/wp\/v2\/types\/post"}],"author":[{"embeddable":true,"href":"https:\/\/serveiseducatius.xtec.cat\/vallesoccidental6\/wp-json\/wp\/v2\/users\/1"}],"replies":[{"embeddable":true,"href":"https:\/\/serveiseducatius.xtec.cat\/vallesoccidental6\/wp-json\/wp\/v2\/comments?post=19128"}],"version-history":[{"count":6,"href":"https:\/\/serveiseducatius.xtec.cat\/vallesoccidental6\/wp-json\/wp\/v2\/posts\/19128\/revisions"}],"predecessor-version":[{"id":19140,"href":"https:\/\/serveiseducatius.xtec.cat\/vallesoccidental6\/wp-json\/wp\/v2\/posts\/19128\/revisions\/19140"}],"wp:featuredmedia":[{"embeddable":true,"href":"https:\/\/serveiseducatius.xtec.cat\/vallesoccidental6\/wp-json\/wp\/v2\/media\/19129"}],"wp:attachment":[{"href":"https:\/\/serveiseducatius.xtec.cat\/vallesoccidental6\/wp-json\/wp\/v2\/media?parent=19128"}],"wp:term":[{"taxonomy":"category","embeddable":true,"href":"https:\/\/serveiseducatius.xtec.cat\/vallesoccidental6\/wp-json\/wp\/v2\/categories?post=19128"},{"taxonomy":"post_tag","embeddable":true,"href":"https:\/\/serveiseducatius.xtec.cat\/vallesoccidental6\/wp-json\/wp\/v2\/tags?post=19128"}],"curies":[{"name":"wp","href":"https:\/\/api.w.org\/{rel}","templated":true}]}}