{"id":19090,"date":"2025-11-26T09:27:56","date_gmt":"2025-11-26T08:27:56","guid":{"rendered":"https:\/\/serveiseducatius.xtec.cat\/vallesoccidental6\/?p=19090"},"modified":"2025-11-26T09:30:15","modified_gmt":"2025-11-26T08:30:15","slug":"histories-amb-potes-i-cua","status":"publish","type":"post","link":"https:\/\/serveiseducatius.xtec.cat\/vallesoccidental6\/general\/histories-amb-potes-i-cua\/","title":{"rendered":"Hist\u00f2ries amb potes i cua"},"content":{"rendered":"\n<p>Ja s\u00f3n&nbsp;<strong>15 escoles<\/strong>&nbsp;les que han confirmat la seva participaci\u00f3 al projecte&nbsp;<strong>\u201cHist\u00f2ries amb potes i cua\u201d<\/strong>, i encara hi ets a temps d\u2019unir-t\u2019hi!<\/p>\n\n\n\n<div class=\"wp-block-columns is-layout-flex wp-container-core-columns-is-layout-1 wp-block-columns-is-layout-flex\">\n<div class=\"wp-block-column has-background is-layout-flow wp-block-column-is-layout-flow\" style=\"background-color:#f9f9f9\">\n<p>Nom\u00e9s queden\u00a0<strong>25 places disponibles<\/strong>\u00a0i la participaci\u00f3 \u00e9s\u00a0<strong>totalment gratu\u00efta<\/strong>.<\/p>\n\n\n\n<p>A trav\u00e9s del\u00a0<strong>Diari d\u2019Escriptor<\/strong>, rebreu activitats pensades per treballar:<\/p>\n\n\n\n<ul class=\"wp-block-list\">\n<li>l\u2019empatia,<\/li>\n\n\n\n<li>el pensament creatiu,<\/li>\n\n\n\n<li>el respecte animal i la capacitat d\u2019escriure amb prop\u00f2sit.<\/li>\n<\/ul>\n\n\n\n<p>Nom\u00e9s queden\u00a0<strong>25 places disponibles<\/strong>\u00a0i la participaci\u00f3 \u00e9s\u00a0<strong>totalment gratu\u00efta<\/strong>.<\/p>\n\n\n\n<p><img decoding=\"async\" alt=\"\ud83d\udca1\" src=\"https:\/\/fonts.gstatic.com\/s\/e\/notoemoji\/16.0\/1f4a1\/72.png\">&nbsp;<strong>Per qu\u00e8 participar-hi?<\/strong><\/p>\n\n\n\n<ul class=\"wp-block-list\">\n<li>\u00c9s\u00a0<strong>100% gratu\u00eft<\/strong>\u00a0per als centres educatius.<\/li>\n\n\n\n<li>Promou valors, emocions i consci\u00e8ncia social.<\/li>\n\n\n\n<li>Forma part d\u2019un projecte amb\u00a0<strong>impacte real i reconeixement<\/strong>.<\/li>\n<\/ul>\n\n\n\n<p><strong>Tot el material \u00e9s gratu\u00eft&nbsp;i s\u2019enviar\u00e0 per correu electr\u00f2nic a l\u2019inici del 2n trimestre.<\/strong><\/p>\n\n\n\n<p><img decoding=\"async\" src=\"https:\/\/fonts.gstatic.com\/s\/e\/notoemoji\/16.0\/1f4c5\/72.png\" alt=\"\ud83d\udcc5\">\u00a0<strong>Les places s\u00f3n limitades i es tanquen aviat!<\/strong><br>Vols assegurar la teva pla\u00e7a? Nom\u00e9s cal omplir el formulari d\u2019inscripci\u00f3!<\/p>\n<\/div>\n\n\n\n<div class=\"wp-block-column has-background is-layout-flow wp-block-column-is-layout-flow\" style=\"background-color:#f9f9f9\">\n<p><strong>Objectius del projecte<\/strong><\/p>\n\n\n\n<ul class=\"wp-block-list\">\n<li>Fomentar la creativitat i expressi\u00f3 escrita.<\/li>\n\n\n\n<li>Desenvolupar valors de respecte i empatia envers els animals.<\/li>\n\n\n\n<li>Viure una experi\u00e8ncia d\u2019aprenentatge significativa i amb prop\u00f2sit.<\/li>\n<\/ul>\n\n\n\n<p><img decoding=\"async\" alt=\"\ud83d\udce6\" src=\"https:\/\/fonts.gstatic.com\/s\/e\/notoemoji\/16.0\/1f4e6\/72.png\">&nbsp;&nbsp;<strong>Qu\u00e8 rebreu<\/strong><\/p>\n\n\n\n<ul class=\"wp-block-list\">\n<li>\u201cDiari d\u2019Escriptor\u201d per a cada alumne.<\/li>\n\n\n\n<li>Guia per al docent amb activitats i recursos d\u2019aula.<\/li>\n\n\n\n<li>Acc\u00e9s al concurs de relats i participaci\u00f3 en la publicaci\u00f3 final.<\/li>\n<\/ul>\n\n\n\n<p><img decoding=\"async\" alt=\"\u23f0\" src=\"https:\/\/fonts.gstatic.com\/s\/e\/notoemoji\/16.0\/23f0\/72.png\">&nbsp;&nbsp;<strong>Calendari previst<\/strong><\/p>\n\n\n\n<ul class=\"wp-block-list\">\n<li>Inscripcions obertes fins al\u00a0<strong>15 de desembre de 2025<\/strong>.<\/li>\n\n\n\n<li>Recepci\u00f3 de materials:\u00a0<strong>gener 2026<\/strong>.<\/li>\n<\/ul>\n\n\n\n<div class=\"wp-block-buttons is-content-justification-center is-layout-flex wp-container-core-buttons-is-layout-1 wp-block-buttons-is-layout-flex\">\n<div class=\"wp-block-button\"><a class=\"wp-block-button__link has-white-color has-ast-global-color-1-background-color has-text-color has-background has-link-color wp-element-button\" href=\"https:\/\/docs.google.com\/forms\/d\/e\/1FAIpQLSc5sAPDhWB7r6MB-hCUdgIMYSZfaCLxAaHeXVC_3Y0xCi5NYQ\/viewform\" target=\"_blank\" rel=\"noreferrer noopener\">Formulari d&#8217;inscripci\u00f3<\/a><\/div>\n\n\n\n<div class=\"wp-block-button\"><a class=\"wp-block-button__link has-white-color has-ast-global-color-1-background-color has-text-color has-background has-link-color wp-element-button\" href=\"https:\/\/calendly.com\/jcorominas-fundaciocreativacio\/histories-potes-cua?month=2025-11\" target=\"_blank\" rel=\"noreferrer noopener\">Participar en una breu reuni\u00f3 informativa<\/a><\/div>\n<\/div>\n<\/div>\n<\/div>\n\n\n\n<figure class=\"wp-block-image aligncenter size-full\"><a href=\"https:\/\/serveiseducatius.xtec.cat\/vallesoccidental6\/wp-content\/uploads\/usu1109\/2025\/11\/image-1.png\"><img loading=\"lazy\" decoding=\"async\" width=\"794\" height=\"525\" src=\"https:\/\/serveiseducatius.xtec.cat\/vallesoccidental6\/wp-content\/uploads\/usu1109\/2025\/11\/image-1.png\" alt=\"\" class=\"wp-image-19092\" srcset=\"https:\/\/serveiseducatius.xtec.cat\/vallesoccidental6\/wp-content\/uploads\/usu1109\/2025\/11\/image-1.png 794w, https:\/\/serveiseducatius.xtec.cat\/vallesoccidental6\/wp-content\/uploads\/usu1109\/2025\/11\/image-1-300x198.png 300w, https:\/\/serveiseducatius.xtec.cat\/vallesoccidental6\/wp-content\/uploads\/usu1109\/2025\/11\/image-1-768x508.png 768w\" sizes=\"auto, (max-width: 794px) 100vw, 794px\" \/><\/a><\/figure>\n","protected":false},"excerpt":{"rendered":"<p>Un concurs de relats creatius que dona veu als animals i fa cr\u00e9ixer l\u2019empatia dels alumnes de cicle superior de prim\u00e0ria.<\/p>\n","protected":false},"author":1,"featured_media":19091,"comment_status":"closed","ping_status":"open","sticky":false,"template":"","format":"standard","meta":{"_bbp_topic_count":0,"_bbp_reply_count":0,"_bbp_total_topic_count":0,"_bbp_total_reply_count":0,"_bbp_voice_count":0,"_bbp_anonymous_reply_count":0,"_bbp_topic_count_hidden":0,"_bbp_reply_count_hidden":0,"_bbp_forum_subforum_count":0,"site-sidebar-layout":"default","site-content-layout":"","ast-site-content-layout":"default","site-content-style":"default","site-sidebar-style":"default","ast-global-header-display":"","ast-banner-title-visibility":"","ast-main-header-display":"","ast-hfb-above-header-display":"","ast-hfb-below-header-display":"","ast-hfb-mobile-header-display":"","site-post-title":"","ast-breadcrumbs-content":"","ast-featured-img":"","footer-sml-layout":"","theme-transparent-header-meta":"","adv-header-id-meta":"","stick-header-meta":"","header-above-stick-meta":"","header-main-stick-meta":"","header-below-stick-meta":"","astra-migrate-meta-layouts":"set","ast-page-background-enabled":"default","ast-page-background-meta":{"desktop":{"background-color":"var(--ast-global-color-4)","background-image":"","background-repeat":"repeat","background-position":"center center","background-size":"auto","background-attachment":"scroll","background-type":"","background-media":"","overlay-type":"","overlay-color":"","overlay-opacity":"","overlay-gradient":""},"tablet":{"background-color":"","background-image":"","background-repeat":"repeat","background-position":"center center","background-size":"auto","background-attachment":"scroll","background-type":"","background-media":"","overlay-type":"","overlay-color":"","overlay-opacity":"","overlay-gradient":""},"mobile":{"background-color":"","background-image":"","background-repeat":"repeat","background-position":"center center","background-size":"auto","background-attachment":"scroll","background-type":"","background-media":"","overlay-type":"","overlay-color":"","overlay-opacity":"","overlay-gradient":""}},"ast-content-background-meta":{"desktop":{"background-color":"var(--ast-global-color-5)","background-image":"","background-repeat":"repeat","background-position":"center center","background-size":"auto","background-attachment":"scroll","background-type":"","background-media":"","overlay-type":"","overlay-color":"","overlay-opacity":"","overlay-gradient":""},"tablet":{"background-color":"var(--ast-global-color-5)","background-image":"","background-repeat":"repeat","background-position":"center center","background-size":"auto","background-attachment":"scroll","background-type":"","background-media":"","overlay-type":"","overlay-color":"","overlay-opacity":"","overlay-gradient":""},"mobile":{"background-color":"var(--ast-global-color-5)","background-image":"","background-repeat":"repeat","background-position":"center center","background-size":"auto","background-attachment":"scroll","background-type":"","background-media":"","overlay-type":"","overlay-color":"","overlay-opacity":"","overlay-gradient":""}},"footnotes":""},"categories":[290,526,1,287,29],"tags":[539,307,298],"class_list":["post-19090","post","type-post","status-publish","format-standard","has-post-thumbnail","hentry","category-ambit-educacio-en-valors","category-articles","category-general","category-llengua-catalana","category-portada","tag-educacio-artistica-musical","tag-educacio-valors","tag-educacio-primaria"],"post_mailing_queue_ids":[],"_links":{"self":[{"href":"https:\/\/serveiseducatius.xtec.cat\/vallesoccidental6\/wp-json\/wp\/v2\/posts\/19090","targetHints":{"allow":["GET"]}}],"collection":[{"href":"https:\/\/serveiseducatius.xtec.cat\/vallesoccidental6\/wp-json\/wp\/v2\/posts"}],"about":[{"href":"https:\/\/serveiseducatius.xtec.cat\/vallesoccidental6\/wp-json\/wp\/v2\/types\/post"}],"author":[{"embeddable":true,"href":"https:\/\/serveiseducatius.xtec.cat\/vallesoccidental6\/wp-json\/wp\/v2\/users\/1"}],"replies":[{"embeddable":true,"href":"https:\/\/serveiseducatius.xtec.cat\/vallesoccidental6\/wp-json\/wp\/v2\/comments?post=19090"}],"version-history":[{"count":4,"href":"https:\/\/serveiseducatius.xtec.cat\/vallesoccidental6\/wp-json\/wp\/v2\/posts\/19090\/revisions"}],"predecessor-version":[{"id":19096,"href":"https:\/\/serveiseducatius.xtec.cat\/vallesoccidental6\/wp-json\/wp\/v2\/posts\/19090\/revisions\/19096"}],"wp:featuredmedia":[{"embeddable":true,"href":"https:\/\/serveiseducatius.xtec.cat\/vallesoccidental6\/wp-json\/wp\/v2\/media\/19091"}],"wp:attachment":[{"href":"https:\/\/serveiseducatius.xtec.cat\/vallesoccidental6\/wp-json\/wp\/v2\/media?parent=19090"}],"wp:term":[{"taxonomy":"category","embeddable":true,"href":"https:\/\/serveiseducatius.xtec.cat\/vallesoccidental6\/wp-json\/wp\/v2\/categories?post=19090"},{"taxonomy":"post_tag","embeddable":true,"href":"https:\/\/serveiseducatius.xtec.cat\/vallesoccidental6\/wp-json\/wp\/v2\/tags?post=19090"}],"curies":[{"name":"wp","href":"https:\/\/api.w.org\/{rel}","templated":true}]}}