{"id":18913,"date":"2025-10-17T09:21:47","date_gmt":"2025-10-17T07:21:47","guid":{"rendered":"https:\/\/serveiseducatius.xtec.cat\/vallesoccidental6\/?p=18913"},"modified":"2025-10-17T09:21:48","modified_gmt":"2025-10-17T07:21:48","slug":"lletres-a-les-aules-fomentem-la-lectura-i-la-literatura-als-centres-educatius","status":"publish","type":"post","link":"https:\/\/serveiseducatius.xtec.cat\/vallesoccidental6\/general\/lletres-a-les-aules-fomentem-la-lectura-i-la-literatura-als-centres-educatius\/","title":{"rendered":"Lletres a les aules: fomentem la lectura i la literatura als centres educatius"},"content":{"rendered":"\n<p>Fins el 31 d\u2019octubre els centres educatius d\u2019educaci\u00f3 prim\u00e0ria, secund\u00e0ria i d\u2019adults de tot el domini ling\u00fc\u00edstic podeu sol\u00b7licitar la&nbsp;<strong>visita d\u2019un autor\/a<\/strong>&nbsp;que heu llegit amb els alumnes o treballar els&nbsp;<strong>autors patrimonials catalans<\/strong>&nbsp;de manera l\u00fadica i participativa a partir de l\u2019oralitat.<\/p>\n\n\n\n<div class=\"wp-block-columns is-layout-flex wp-container-core-columns-is-layout-1 wp-block-columns-is-layout-flex\">\n<div class=\"wp-block-column is-layout-flow wp-block-column-is-layout-flow\">\n<p>Per participar-hi haureu de fer una sol\u00b7licitud en qu\u00e8 hi podeu fer constar un m\u00e0xim de tres peticions, per odre de prefer\u00e8ncia, de qualsevol de les dues&nbsp;<strong>modalitats<\/strong>,&nbsp;<strong>Autors a les aules&nbsp;<\/strong>o<strong>&nbsp;Els nostres cl\u00e0ssics en veu alta<\/strong>. Cal que tingueu en compte les condicions de participaci\u00f3 i els requisits per cadascuna de les modalitats.<\/p>\n\n\n\n<p><strong>\u00abLletres a les aules\u00bb<\/strong>&nbsp;\u00e9s un programa de la ILC i el Departament d\u2019Educaci\u00f3 i Formaci\u00f3 Professional per al foment de la lectura, promoci\u00f3 i difusi\u00f3 de la literatura que permet apropar l\u2019alumnat al fet literari, millorar la comprensi\u00f3 lectora com a eina fonamental per accedir al coneixement, estimular i potenciar l\u2019habilitat lectora i el coneixement de la llengua.&nbsp;<\/p>\n<\/div>\n\n\n\n<div class=\"wp-block-column is-layout-flow wp-block-column-is-layout-flow\">\n<figure class=\"wp-block-image size-full\"><a href=\"https:\/\/serveiseducatius.xtec.cat\/vallesoccidental6\/wp-content\/uploads\/usu1109\/2025\/10\/lletres_aules-768x391-1.jpg\"><img loading=\"lazy\" decoding=\"async\" width=\"768\" height=\"391\" src=\"https:\/\/serveiseducatius.xtec.cat\/vallesoccidental6\/wp-content\/uploads\/usu1109\/2025\/10\/lletres_aules-768x391-1.jpg\" alt=\"\" class=\"wp-image-18914\" srcset=\"https:\/\/serveiseducatius.xtec.cat\/vallesoccidental6\/wp-content\/uploads\/usu1109\/2025\/10\/lletres_aules-768x391-1.jpg 768w, https:\/\/serveiseducatius.xtec.cat\/vallesoccidental6\/wp-content\/uploads\/usu1109\/2025\/10\/lletres_aules-768x391-1-300x153.jpg 300w\" sizes=\"auto, (max-width: 768px) 100vw, 768px\" \/><\/a><\/figure>\n\n\n\n<div class=\"wp-block-buttons is-content-justification-center is-layout-flex wp-container-core-buttons-is-layout-1 wp-block-buttons-is-layout-flex\">\n<div class=\"wp-block-button\"><a class=\"wp-block-button__link has-white-color has-ast-global-color-1-background-color has-text-color has-background has-link-color wp-element-button\" href=\"https:\/\/cultura.gencat.cat\/ca\/ilc\/que-fem\/programes\/lletres-a-les-aules\/autors-a-les-aules\/\" target=\"_blank\" rel=\"noreferrer noopener\">Participa-hi!<\/a><\/div>\n<\/div>\n<\/div>\n<\/div>\n\n\n\n<div class=\"wp-block-columns is-layout-flex wp-container-core-columns-is-layout-2 wp-block-columns-is-layout-flex\">\n<div class=\"wp-block-column is-layout-flow wp-block-column-is-layout-flow\">\n<figure class=\"wp-block-image size-full is-resized\"><a href=\"https:\/\/serveiseducatius.xtec.cat\/vallesoccidental6\/wp-content\/uploads\/usu1109\/2025\/10\/image.png\"><img loading=\"lazy\" decoding=\"async\" width=\"300\" height=\"130\" src=\"https:\/\/serveiseducatius.xtec.cat\/vallesoccidental6\/wp-content\/uploads\/usu1109\/2025\/10\/image.png\" alt=\"\" class=\"wp-image-18915\" style=\"width:187px;height:auto\"\/><\/a><\/figure>\n<\/div>\n\n\n\n<div class=\"wp-block-column is-layout-flow wp-block-column-is-layout-flow\">\n<figure class=\"wp-block-image alignright\"><a href=\"https:\/\/projectes.xtec.cat\/educacio-literaria\/wp-content\/uploads\/usu2578\/2025\/10\/educacio_h2.jpg\"><img decoding=\"async\" src=\"https:\/\/projectes.xtec.cat\/educacio-literaria\/wp-content\/uploads\/usu2578\/2025\/10\/educacio_h2.jpg\" alt=\"\" class=\"wp-image-9901\"\/><\/a><\/figure>\n<\/div>\n<\/div>\n","protected":false},"excerpt":{"rendered":"<p>Fins el 31 d\u2019octubre els centres educatius d\u2019educaci\u00f3 prim\u00e0ria, secund\u00e0ria i d\u2019adults de tot el domini ling\u00fc\u00edstic podeu sol\u00b7licitar la visita d\u2019un autor\/a que heu llegit amb els alumnes o treballar els autors patrimonials catalans de manera l\u00fadica i participativa a partir de l\u2019oralitat. Entra aqu\u00ed per fer una sol\u00b7licitud.<\/p>\n","protected":false},"author":1,"featured_media":18914,"comment_status":"closed","ping_status":"open","sticky":false,"template":"","format":"standard","meta":{"_bbp_topic_count":0,"_bbp_reply_count":0,"_bbp_total_topic_count":0,"_bbp_total_reply_count":0,"_bbp_voice_count":0,"_bbp_anonymous_reply_count":0,"_bbp_topic_count_hidden":0,"_bbp_reply_count_hidden":0,"_bbp_forum_subforum_count":0,"site-sidebar-layout":"default","site-content-layout":"","ast-site-content-layout":"default","site-content-style":"default","site-sidebar-style":"default","ast-global-header-display":"","ast-banner-title-visibility":"","ast-main-header-display":"","ast-hfb-above-header-display":"","ast-hfb-below-header-display":"","ast-hfb-mobile-header-display":"","site-post-title":"","ast-breadcrumbs-content":"","ast-featured-img":"","footer-sml-layout":"","theme-transparent-header-meta":"","adv-header-id-meta":"","stick-header-meta":"","header-above-stick-meta":"","header-main-stick-meta":"","header-below-stick-meta":"","astra-migrate-meta-layouts":"set","ast-page-background-enabled":"default","ast-page-background-meta":{"desktop":{"background-color":"var(--ast-global-color-4)","background-image":"","background-repeat":"repeat","background-position":"center center","background-size":"auto","background-attachment":"scroll","background-type":"","background-media":"","overlay-type":"","overlay-color":"","overlay-opacity":"","overlay-gradient":""},"tablet":{"background-color":"","background-image":"","background-repeat":"repeat","background-position":"center center","background-size":"auto","background-attachment":"scroll","background-type":"","background-media":"","overlay-type":"","overlay-color":"","overlay-opacity":"","overlay-gradient":""},"mobile":{"background-color":"","background-image":"","background-repeat":"repeat","background-position":"center center","background-size":"auto","background-attachment":"scroll","background-type":"","background-media":"","overlay-type":"","overlay-color":"","overlay-opacity":"","overlay-gradient":""}},"ast-content-background-meta":{"desktop":{"background-color":"var(--ast-global-color-5)","background-image":"","background-repeat":"repeat","background-position":"center center","background-size":"auto","background-attachment":"scroll","background-type":"","background-media":"","overlay-type":"","overlay-color":"","overlay-opacity":"","overlay-gradient":""},"tablet":{"background-color":"var(--ast-global-color-5)","background-image":"","background-repeat":"repeat","background-position":"center center","background-size":"auto","background-attachment":"scroll","background-type":"","background-media":"","overlay-type":"","overlay-color":"","overlay-opacity":"","overlay-gradient":""},"mobile":{"background-color":"var(--ast-global-color-5)","background-image":"","background-repeat":"repeat","background-position":"center center","background-size":"auto","background-attachment":"scroll","background-type":"","background-media":"","overlay-type":"","overlay-color":"","overlay-opacity":"","overlay-gradient":""}},"footnotes":""},"categories":[421,81,68,1,287,75,29,531],"tags":[195,452,298,299,346,192,316],"class_list":["post-18913","post","type-post","status-publish","format-standard","has-post-thumbnail","hentry","category-ambit-linguistic","category-biblioteca-escolar","category-elic","category-general","category-llengua-catalana","category-pee","category-portada","category-telegram","tag-competencia-lectora","tag-dinamitzacio-lectora","tag-educacio-primaria","tag-educacio-secundaria","tag-lic","tag-literatura-infantil-i-juvenil","tag-recursos"],"post_mailing_queue_ids":[],"_links":{"self":[{"href":"https:\/\/serveiseducatius.xtec.cat\/vallesoccidental6\/wp-json\/wp\/v2\/posts\/18913","targetHints":{"allow":["GET"]}}],"collection":[{"href":"https:\/\/serveiseducatius.xtec.cat\/vallesoccidental6\/wp-json\/wp\/v2\/posts"}],"about":[{"href":"https:\/\/serveiseducatius.xtec.cat\/vallesoccidental6\/wp-json\/wp\/v2\/types\/post"}],"author":[{"embeddable":true,"href":"https:\/\/serveiseducatius.xtec.cat\/vallesoccidental6\/wp-json\/wp\/v2\/users\/1"}],"replies":[{"embeddable":true,"href":"https:\/\/serveiseducatius.xtec.cat\/vallesoccidental6\/wp-json\/wp\/v2\/comments?post=18913"}],"version-history":[{"count":3,"href":"https:\/\/serveiseducatius.xtec.cat\/vallesoccidental6\/wp-json\/wp\/v2\/posts\/18913\/revisions"}],"predecessor-version":[{"id":18918,"href":"https:\/\/serveiseducatius.xtec.cat\/vallesoccidental6\/wp-json\/wp\/v2\/posts\/18913\/revisions\/18918"}],"wp:featuredmedia":[{"embeddable":true,"href":"https:\/\/serveiseducatius.xtec.cat\/vallesoccidental6\/wp-json\/wp\/v2\/media\/18914"}],"wp:attachment":[{"href":"https:\/\/serveiseducatius.xtec.cat\/vallesoccidental6\/wp-json\/wp\/v2\/media?parent=18913"}],"wp:term":[{"taxonomy":"category","embeddable":true,"href":"https:\/\/serveiseducatius.xtec.cat\/vallesoccidental6\/wp-json\/wp\/v2\/categories?post=18913"},{"taxonomy":"post_tag","embeddable":true,"href":"https:\/\/serveiseducatius.xtec.cat\/vallesoccidental6\/wp-json\/wp\/v2\/tags?post=18913"}],"curies":[{"name":"wp","href":"https:\/\/api.w.org\/{rel}","templated":true}]}}