{"id":18808,"date":"2025-09-30T10:38:59","date_gmt":"2025-09-30T08:38:59","guid":{"rendered":"https:\/\/serveiseducatius.xtec.cat\/vallesoccidental6\/?p=18808"},"modified":"2025-09-30T10:41:40","modified_gmt":"2025-09-30T08:41:40","slug":"projecte-endohit-sobre-salut-menstrual-3r-i-4t-eso","status":"publish","type":"post","link":"https:\/\/serveiseducatius.xtec.cat\/vallesoccidental6\/general\/projecte-endohit-sobre-salut-menstrual-3r-i-4t-eso\/","title":{"rendered":"Projecte EndoHit, sobre salut menstrual (3r i 4t ESO)"},"content":{"rendered":"\n<p><strong>ENDO-HIT<\/strong>, \u00e9s una iniciativa de&nbsp;<strong>ci\u00e8ncia ciutadana sobre salut menstrual i endometriosi&nbsp;<\/strong>adre\u00e7ada a l\u2019<strong>alumnat de 3r i 4t d\u2019ESO i Batxillerat.<\/strong>&nbsp;Despr\u00e9s de tres edicions presencials, en qu\u00e8 hi han participat 437 alumnes, s&#8217;han creat materials (web, v\u00eddeo, dossier educatiu\u2026) perqu\u00e8 centres de secund\u00e0ria d\u2019arreu de Catalunya puguin incorporar el projecte a l\u2019aula. L\u2019objectiu \u00e9s que l\u2019alumnat esdevingui protagonista d\u2019una recerca real i contribueixi a visibilitzar i desnormalitzar el dolor menstrual.<\/p>\n\n\n\n<figure class=\"wp-block-image size-large\"><a href=\"https:\/\/serveiseducatius.xtec.cat\/vallesoccidental6\/wp-content\/uploads\/usu1109\/2025\/09\/Projecte-ENDOHIT.png\"><img loading=\"lazy\" decoding=\"async\" width=\"1024\" height=\"722\" src=\"https:\/\/serveiseducatius.xtec.cat\/vallesoccidental6\/wp-content\/uploads\/usu1109\/2025\/09\/Projecte-ENDOHIT-1024x722.png\" alt=\"\" class=\"wp-image-18809\" srcset=\"https:\/\/serveiseducatius.xtec.cat\/vallesoccidental6\/wp-content\/uploads\/usu1109\/2025\/09\/Projecte-ENDOHIT-1024x722.png 1024w, https:\/\/serveiseducatius.xtec.cat\/vallesoccidental6\/wp-content\/uploads\/usu1109\/2025\/09\/Projecte-ENDOHIT-300x212.png 300w, https:\/\/serveiseducatius.xtec.cat\/vallesoccidental6\/wp-content\/uploads\/usu1109\/2025\/09\/Projecte-ENDOHIT-768x541.png 768w, https:\/\/serveiseducatius.xtec.cat\/vallesoccidental6\/wp-content\/uploads\/usu1109\/2025\/09\/Projecte-ENDOHIT-1536x1083.png 1536w, https:\/\/serveiseducatius.xtec.cat\/vallesoccidental6\/wp-content\/uploads\/usu1109\/2025\/09\/Projecte-ENDOHIT.png 2000w\" sizes=\"auto, (max-width: 1024px) 100vw, 1024px\" \/><\/a><\/figure>\n\n\n\n<div style=\"height:46px\" aria-hidden=\"true\" class=\"wp-block-spacer\"><\/div>\n\n\n\n<p>Ets professor\/a de segon cicle de secund\u00e0ria o batxillerat, i vols treballar el&nbsp;<strong>cicle menstrual a classe, o parlar de salut i dolor menstrual&nbsp;<\/strong>amb el teu alumnat? Aquest \u00e9s el teu projecte! Et convidem a formar part d\u2019<strong>ENDO-HIT<\/strong>, una iniciativa de ci\u00e8ncia ciutadana que vol posar el focus en un&nbsp;<strong>la salut menstrual i l\u2019endometriosi<\/strong>.<\/p>\n\n\n\n<p>Els i les adolescents sovint&nbsp;<strong>veuen el dolor menstrual com una part inevitable de la regla<\/strong>, cosa que pot amagar problemes de salut importants, com l\u2019<strong>endometriosi<\/strong>, una malaltia cr\u00f2nica poc coneguda i que sovint es diagnostica tard. Malgrat que pot apar\u00e8ixer des de les primeres regles,&nbsp;<strong>hi ha poca informaci\u00f3 publicada sobre dolor menstrual en adolescents<\/strong>, fet que dificulta comprendre\u2019n les causes i identificar prematurament els casos.<\/p>\n\n\n\n<p>Amb el projecte ENDO-HIT volem&nbsp;<strong>implicar l\u2019alumnat de secund\u00e0ria (3r-4t ESO i Batxillerat)<\/strong>&nbsp;en la recerca i la sensibilitzaci\u00f3 sobre aquesta realitat. Nois i noies seran protagonistes,&nbsp;<strong>participant activament en una investigaci\u00f3 real i aportant la seva mirada<\/strong>.<\/p>\n\n\n\n<div class=\"wp-block-buttons is-content-justification-center is-layout-flex wp-container-core-buttons-is-layout-1 wp-block-buttons-is-layout-flex\">\n<div class=\"wp-block-button\"><a class=\"wp-block-button__link has-white-color has-ast-global-color-1-background-color has-text-color has-background has-link-color wp-element-button\" href=\"https:\/\/sites.google.com\/view\/projecte-endo-hit?pli=1\" target=\"_blank\" rel=\"noreferrer noopener\">M\u00e9s informaci\u00f3 i recursos<\/a><\/div>\n<\/div>\n\n\n\n<p><\/p>\n","protected":false},"excerpt":{"rendered":"<p>Ets professor\/a de segon cicle de secund\u00e0ria o batxillerat, i vols treballar el cicle menstrual a classe, o parlar de salut i dolor menstrual amb el teu alumnat? Aquest \u00e9s el teu projecte! <\/p>\n","protected":false},"author":1,"featured_media":18809,"comment_status":"closed","ping_status":"open","sticky":false,"template":"","format":"standard","meta":{"_bbp_topic_count":0,"_bbp_reply_count":0,"_bbp_total_topic_count":0,"_bbp_total_reply_count":0,"_bbp_voice_count":0,"_bbp_anonymous_reply_count":0,"_bbp_topic_count_hidden":0,"_bbp_reply_count_hidden":0,"_bbp_forum_subforum_count":0,"site-sidebar-layout":"default","site-content-layout":"","ast-site-content-layout":"default","site-content-style":"default","site-sidebar-style":"default","ast-global-header-display":"","ast-banner-title-visibility":"","ast-main-header-display":"","ast-hfb-above-header-display":"","ast-hfb-below-header-display":"","ast-hfb-mobile-header-display":"","site-post-title":"","ast-breadcrumbs-content":"","ast-featured-img":"","footer-sml-layout":"","theme-transparent-header-meta":"","adv-header-id-meta":"","stick-header-meta":"","header-above-stick-meta":"","header-main-stick-meta":"","header-below-stick-meta":"","astra-migrate-meta-layouts":"set","ast-page-background-enabled":"default","ast-page-background-meta":{"desktop":{"background-color":"var(--ast-global-color-4)","background-image":"","background-repeat":"repeat","background-position":"center center","background-size":"auto","background-attachment":"scroll","background-type":"","background-media":"","overlay-type":"","overlay-color":"","overlay-opacity":"","overlay-gradient":""},"tablet":{"background-color":"","background-image":"","background-repeat":"repeat","background-position":"center center","background-size":"auto","background-attachment":"scroll","background-type":"","background-media":"","overlay-type":"","overlay-color":"","overlay-opacity":"","overlay-gradient":""},"mobile":{"background-color":"","background-image":"","background-repeat":"repeat","background-position":"center center","background-size":"auto","background-attachment":"scroll","background-type":"","background-media":"","overlay-type":"","overlay-color":"","overlay-opacity":"","overlay-gradient":""}},"ast-content-background-meta":{"desktop":{"background-color":"var(--ast-global-color-5)","background-image":"","background-repeat":"repeat","background-position":"center center","background-size":"auto","background-attachment":"scroll","background-type":"","background-media":"","overlay-type":"","overlay-color":"","overlay-opacity":"","overlay-gradient":""},"tablet":{"background-color":"var(--ast-global-color-5)","background-image":"","background-repeat":"repeat","background-position":"center center","background-size":"auto","background-attachment":"scroll","background-type":"","background-media":"","overlay-type":"","overlay-color":"","overlay-opacity":"","overlay-gradient":""},"mobile":{"background-color":"var(--ast-global-color-5)","background-image":"","background-repeat":"repeat","background-position":"center center","background-size":"auto","background-attachment":"scroll","background-type":"","background-media":"","overlay-type":"","overlay-color":"","overlay-opacity":"","overlay-gradient":""}},"footnotes":""},"categories":[526,1,29],"tags":[249,221,299],"class_list":["post-18808","post","type-post","status-publish","format-standard","has-post-thumbnail","hentry","category-articles","category-general","category-portada","tag-batxillerat","tag-educacio-per-a-la-salut","tag-educacio-secundaria"],"post_mailing_queue_ids":[],"_links":{"self":[{"href":"https:\/\/serveiseducatius.xtec.cat\/vallesoccidental6\/wp-json\/wp\/v2\/posts\/18808","targetHints":{"allow":["GET"]}}],"collection":[{"href":"https:\/\/serveiseducatius.xtec.cat\/vallesoccidental6\/wp-json\/wp\/v2\/posts"}],"about":[{"href":"https:\/\/serveiseducatius.xtec.cat\/vallesoccidental6\/wp-json\/wp\/v2\/types\/post"}],"author":[{"embeddable":true,"href":"https:\/\/serveiseducatius.xtec.cat\/vallesoccidental6\/wp-json\/wp\/v2\/users\/1"}],"replies":[{"embeddable":true,"href":"https:\/\/serveiseducatius.xtec.cat\/vallesoccidental6\/wp-json\/wp\/v2\/comments?post=18808"}],"version-history":[{"count":4,"href":"https:\/\/serveiseducatius.xtec.cat\/vallesoccidental6\/wp-json\/wp\/v2\/posts\/18808\/revisions"}],"predecessor-version":[{"id":18813,"href":"https:\/\/serveiseducatius.xtec.cat\/vallesoccidental6\/wp-json\/wp\/v2\/posts\/18808\/revisions\/18813"}],"wp:featuredmedia":[{"embeddable":true,"href":"https:\/\/serveiseducatius.xtec.cat\/vallesoccidental6\/wp-json\/wp\/v2\/media\/18809"}],"wp:attachment":[{"href":"https:\/\/serveiseducatius.xtec.cat\/vallesoccidental6\/wp-json\/wp\/v2\/media?parent=18808"}],"wp:term":[{"taxonomy":"category","embeddable":true,"href":"https:\/\/serveiseducatius.xtec.cat\/vallesoccidental6\/wp-json\/wp\/v2\/categories?post=18808"},{"taxonomy":"post_tag","embeddable":true,"href":"https:\/\/serveiseducatius.xtec.cat\/vallesoccidental6\/wp-json\/wp\/v2\/tags?post=18808"}],"curies":[{"name":"wp","href":"https:\/\/api.w.org\/{rel}","templated":true}]}}