{"id":18801,"date":"2025-09-30T10:26:17","date_gmt":"2025-09-30T08:26:17","guid":{"rendered":"https:\/\/serveiseducatius.xtec.cat\/vallesoccidental6\/?p=18801"},"modified":"2025-09-30T10:32:21","modified_gmt":"2025-09-30T08:32:21","slug":"ii-congres-internacional-de-teatre-i-educacio","status":"publish","type":"post","link":"https:\/\/serveiseducatius.xtec.cat\/vallesoccidental6\/general\/ii-congres-internacional-de-teatre-i-educacio\/","title":{"rendered":"II Congr\u00e9s Internacional de Teatre i Educaci\u00f3"},"content":{"rendered":"\n<h5 class=\"wp-block-heading\">Barcelona,&nbsp;<strong>22 i 23 de novembre de 2025<\/strong><\/h5>\n\n\n\n<p>Aquest congr\u00e9s vol ser un&nbsp;<strong>espai de trobada per a docents, artistes, centres educatius i entitats<\/strong>&nbsp;que entenen el teatre com una eina pedag\u00f2gica transformadora. Al llarg de dos dies, s\u2019hi combinaran&nbsp;<strong>confer\u00e8ncies, tallers pr\u00e0ctics, experi\u00e8ncies d\u2019aula i espais de di\u00e0leg<\/strong>.<\/p>\n\n\n\n<div class=\"wp-block-columns is-layout-flex wp-container-core-columns-is-layout-1 wp-block-columns-is-layout-flex\">\n<div class=\"wp-block-column is-layout-flow wp-block-column-is-layout-flow\">\n<figure class=\"wp-block-image size-full\"><a href=\"https:\/\/serveiseducatius.xtec.cat\/vallesoccidental6\/wp-content\/uploads\/usu1109\/2025\/09\/Trobades-pedagogiques-UB-ICE-i-DPT-1.png\"><img loading=\"lazy\" decoding=\"async\" width=\"800\" height=\"800\" src=\"https:\/\/serveiseducatius.xtec.cat\/vallesoccidental6\/wp-content\/uploads\/usu1109\/2025\/09\/Trobades-pedagogiques-UB-ICE-i-DPT-1.png\" alt=\"\" class=\"wp-image-18802\" srcset=\"https:\/\/serveiseducatius.xtec.cat\/vallesoccidental6\/wp-content\/uploads\/usu1109\/2025\/09\/Trobades-pedagogiques-UB-ICE-i-DPT-1.png 800w, https:\/\/serveiseducatius.xtec.cat\/vallesoccidental6\/wp-content\/uploads\/usu1109\/2025\/09\/Trobades-pedagogiques-UB-ICE-i-DPT-1-300x300.png 300w, https:\/\/serveiseducatius.xtec.cat\/vallesoccidental6\/wp-content\/uploads\/usu1109\/2025\/09\/Trobades-pedagogiques-UB-ICE-i-DPT-1-150x150.png 150w, https:\/\/serveiseducatius.xtec.cat\/vallesoccidental6\/wp-content\/uploads\/usu1109\/2025\/09\/Trobades-pedagogiques-UB-ICE-i-DPT-1-768x768.png 768w\" sizes=\"auto, (max-width: 800px) 100vw, 800px\" \/><\/a><\/figure>\n<\/div>\n\n\n\n<div class=\"wp-block-column is-layout-flow wp-block-column-is-layout-flow\">\n<p>&nbsp;Entre les persones convidades, comptarem amb figures de refer\u00e8ncia com:<br>\u2013&nbsp;<strong>Tom\u00e1s Motos i Emilio M\u00e9ndez<\/strong>, investigadors i autors especialitzats en teatre i educaci\u00f3<br>\u2013&nbsp;<strong>Birgit Fritz<\/strong>, experta europea en Teatre de l\u2019Oprimit<br>\u2013&nbsp;<strong>Segni Mossi<\/strong>, reconegut projecte itali\u00e0 sobre moviment, art i educaci\u00f3<br>\u2013&nbsp;<strong>David Gol<\/strong>, clown<br>\u2013 \u2026i moltes altres propostes que uneixen&nbsp;<strong>creativitat, cos, veu i emoci\u00f3 a l\u2019aula<\/strong><\/p>\n\n\n\n<p><strong>Inscripcions obertes<\/strong>&nbsp;\u2013 amb opci\u00f3 de dinar incl\u00f2s.<\/p>\n\n\n\n<p>Tota la informaci\u00f3 i formulari d&#8217;inscripci\u00f3: <\/p>\n\n\n\n<div class=\"wp-block-buttons is-content-justification-center is-layout-flex wp-container-core-buttons-is-layout-1 wp-block-buttons-is-layout-flex\" style=\"margin-top:var(--wp--preset--spacing--20);margin-bottom:var(--wp--preset--spacing--20);padding-top:var(--wp--preset--spacing--40);padding-right:var(--wp--preset--spacing--20);padding-bottom:var(--wp--preset--spacing--40);padding-left:var(--wp--preset--spacing--20)\">\n<div class=\"wp-block-button\"><a class=\"wp-block-button__link has-white-color has-ast-global-color-1-background-color has-text-color has-background has-link-color wp-element-button\" href=\"https:\/\/www.teatreieducacio.cat\/\" target=\"_blank\" rel=\"noreferrer noopener\">M\u00e9s informaci\u00f3 i inscripcions<\/a><\/div>\n<\/div>\n<\/div>\n<\/div>\n\n\n\n<h6 class=\"wp-block-heading\">Programa del Congr\u00e9s:<\/h6>\n\n\n\n<div data-wp-interactive=\"core\/file\" class=\"wp-block-file\"><object data-wp-bind--hidden=\"!state.hasPdfPreview\" hidden class=\"wp-block-file__embed\" data=\"https:\/\/serveiseducatius.xtec.cat\/vallesoccidental6\/wp-content\/uploads\/usu1109\/2025\/09\/Programa-del-congres-CATALA-per-enviar.pdf\" type=\"application\/pdf\" style=\"width:100%;height:600px\" aria-label=\"Incrustaci\u00f3 del fitxer Programa del congr\u00e9s - CATAL\u00c0 per enviar.\"><\/object><a id=\"wp-block-file--media-347facc4-5093-48e1-a93c-026700a8adb8\" href=\"https:\/\/serveiseducatius.xtec.cat\/vallesoccidental6\/wp-content\/uploads\/usu1109\/2025\/09\/Programa-del-congres-CATALA-per-enviar.pdf\">Programa del congr\u00e9s &#8211; CATAL\u00c0 per enviar<\/a><a href=\"https:\/\/serveiseducatius.xtec.cat\/vallesoccidental6\/wp-content\/uploads\/usu1109\/2025\/09\/Programa-del-congres-CATALA-per-enviar.pdf\" class=\"wp-block-file__button wp-element-button\" download aria-describedby=\"wp-block-file--media-347facc4-5093-48e1-a93c-026700a8adb8\">Baixa<\/a><\/div>\n","protected":false},"excerpt":{"rendered":"<p>Els dies 22 i 23 de novembre, se celebrar\u00e0 a Barcelona el II Congr\u00e9s Internacional de Teatre i Educaci\u00f3. Consulta aqu\u00ed tota la informaci\u00f3.<\/p>\n","protected":false},"author":1,"featured_media":18802,"comment_status":"closed","ping_status":"open","sticky":false,"template":"","format":"standard","meta":{"_bbp_topic_count":0,"_bbp_reply_count":0,"_bbp_total_topic_count":0,"_bbp_total_reply_count":0,"_bbp_voice_count":0,"_bbp_anonymous_reply_count":0,"_bbp_topic_count_hidden":0,"_bbp_reply_count_hidden":0,"_bbp_forum_subforum_count":0,"site-sidebar-layout":"default","site-content-layout":"","ast-site-content-layout":"default","site-content-style":"default","site-sidebar-style":"default","ast-global-header-display":"","ast-banner-title-visibility":"","ast-main-header-display":"","ast-hfb-above-header-display":"","ast-hfb-below-header-display":"","ast-hfb-mobile-header-display":"","site-post-title":"","ast-breadcrumbs-content":"","ast-featured-img":"","footer-sml-layout":"","theme-transparent-header-meta":"","adv-header-id-meta":"","stick-header-meta":"","header-above-stick-meta":"","header-main-stick-meta":"","header-below-stick-meta":"","astra-migrate-meta-layouts":"set","ast-page-background-enabled":"default","ast-page-background-meta":{"desktop":{"background-color":"var(--ast-global-color-4)","background-image":"","background-repeat":"repeat","background-position":"center center","background-size":"auto","background-attachment":"scroll","background-type":"","background-media":"","overlay-type":"","overlay-color":"","overlay-opacity":"","overlay-gradient":""},"tablet":{"background-color":"","background-image":"","background-repeat":"repeat","background-position":"center center","background-size":"auto","background-attachment":"scroll","background-type":"","background-media":"","overlay-type":"","overlay-color":"","overlay-opacity":"","overlay-gradient":""},"mobile":{"background-color":"","background-image":"","background-repeat":"repeat","background-position":"center center","background-size":"auto","background-attachment":"scroll","background-type":"","background-media":"","overlay-type":"","overlay-color":"","overlay-opacity":"","overlay-gradient":""}},"ast-content-background-meta":{"desktop":{"background-color":"var(--ast-global-color-5)","background-image":"","background-repeat":"repeat","background-position":"center center","background-size":"auto","background-attachment":"scroll","background-type":"","background-media":"","overlay-type":"","overlay-color":"","overlay-opacity":"","overlay-gradient":""},"tablet":{"background-color":"var(--ast-global-color-5)","background-image":"","background-repeat":"repeat","background-position":"center center","background-size":"auto","background-attachment":"scroll","background-type":"","background-media":"","overlay-type":"","overlay-color":"","overlay-opacity":"","overlay-gradient":""},"mobile":{"background-color":"var(--ast-global-color-5)","background-image":"","background-repeat":"repeat","background-position":"center center","background-size":"auto","background-attachment":"scroll","background-type":"","background-media":"","overlay-type":"","overlay-color":"","overlay-opacity":"","overlay-gradient":""}},"footnotes":""},"categories":[284,421,526,68,482,1,480,29],"tags":[539,226,236],"class_list":["post-18801","post","type-post","status-publish","format-standard","has-post-thumbnail","hentry","category-ambit-artistic","category-ambit-linguistic","category-articles","category-elic","category-formacions","category-general","category-jornades","category-portada","tag-educacio-artistica-musical","tag-formacio","tag-llengua-catalana"],"post_mailing_queue_ids":[],"_links":{"self":[{"href":"https:\/\/serveiseducatius.xtec.cat\/vallesoccidental6\/wp-json\/wp\/v2\/posts\/18801","targetHints":{"allow":["GET"]}}],"collection":[{"href":"https:\/\/serveiseducatius.xtec.cat\/vallesoccidental6\/wp-json\/wp\/v2\/posts"}],"about":[{"href":"https:\/\/serveiseducatius.xtec.cat\/vallesoccidental6\/wp-json\/wp\/v2\/types\/post"}],"author":[{"embeddable":true,"href":"https:\/\/serveiseducatius.xtec.cat\/vallesoccidental6\/wp-json\/wp\/v2\/users\/1"}],"replies":[{"embeddable":true,"href":"https:\/\/serveiseducatius.xtec.cat\/vallesoccidental6\/wp-json\/wp\/v2\/comments?post=18801"}],"version-history":[{"count":4,"href":"https:\/\/serveiseducatius.xtec.cat\/vallesoccidental6\/wp-json\/wp\/v2\/posts\/18801\/revisions"}],"predecessor-version":[{"id":18807,"href":"https:\/\/serveiseducatius.xtec.cat\/vallesoccidental6\/wp-json\/wp\/v2\/posts\/18801\/revisions\/18807"}],"wp:featuredmedia":[{"embeddable":true,"href":"https:\/\/serveiseducatius.xtec.cat\/vallesoccidental6\/wp-json\/wp\/v2\/media\/18802"}],"wp:attachment":[{"href":"https:\/\/serveiseducatius.xtec.cat\/vallesoccidental6\/wp-json\/wp\/v2\/media?parent=18801"}],"wp:term":[{"taxonomy":"category","embeddable":true,"href":"https:\/\/serveiseducatius.xtec.cat\/vallesoccidental6\/wp-json\/wp\/v2\/categories?post=18801"},{"taxonomy":"post_tag","embeddable":true,"href":"https:\/\/serveiseducatius.xtec.cat\/vallesoccidental6\/wp-json\/wp\/v2\/tags?post=18801"}],"curies":[{"name":"wp","href":"https:\/\/api.w.org\/{rel}","templated":true}]}}