{"id":18754,"date":"2025-09-17T18:25:34","date_gmt":"2025-09-17T16:25:34","guid":{"rendered":"https:\/\/serveiseducatius.xtec.cat\/vallesoccidental6\/?p=18754"},"modified":"2025-09-17T18:26:14","modified_gmt":"2025-09-17T16:26:14","slug":"cursos-en-linia-sobre-prevencio-de-lassetjament-escolar","status":"publish","type":"post","link":"https:\/\/serveiseducatius.xtec.cat\/vallesoccidental6\/general\/cursos-en-linia-sobre-prevencio-de-lassetjament-escolar\/","title":{"rendered":"Cursos en l\u00ednia sobre Prevenci\u00f3 de l&#8217;assetjament escolar"},"content":{"rendered":"\n<p>Des de l\u2019equip t\u00e8cnic del programa&nbsp;<strong>#aquiproubullying<\/strong>&nbsp;s&#8217;ha impulsat  la creaci\u00f3 d&#8217;un<strong>&nbsp;programa formatiu per a la prevenci\u00f3 de l&#8217;assetjament escolar en format en l\u00ednia que consta de dos cursos.&nbsp;<\/strong><\/p>\n\n\n\n<p class=\"has-white-color has-ast-global-color-1-background-color has-text-color has-background has-link-color wp-elements-7e296c0cd722aade5696597d6427a85b\"><strong>Primer curs&nbsp;<\/strong><strong><em>Prevenci\u00f3 de l&#8217;assetjament escolar: Sensibilitzaci\u00f3 i observaci\u00f3 conscient<\/em><\/strong>.<\/p>\n\n\n\n<p>\u00c9s un curs introductori sobre el concepte d&#8217;assetjament, la difer\u00e8ncia entre conflicte, viol\u00e8ncia i agressivitat, i aprofundeix en dues de les tres estrat\u00e8gies preventives que s\u00f3n la sensibilitzaci\u00f3 i l\u2019observaci\u00f3 conscient.<\/p>\n\n\n\n<p><strong>Inscripcions:\u00a0<\/strong>del 5 al 21 de setembre de 2025<\/p>\n\n\n\n<p><strong>Dates del curs:&nbsp;<\/strong>20\/10\/2025 fins a 17\/11\/2025&nbsp;<\/p>\n\n\n\n<p><strong>Hores:<\/strong>&nbsp;20 h<\/p>\n\n\n\n<p><strong>Enlla\u00e7 a la inscripci\u00f3:<\/strong><a href=\"https:\/\/aplicacions.gestioeducativa.gencat.cat\/ords\/pls\/soloas\/pk_for_mod_ins.p_for_detall_activitat?p_codi=9002000517&amp;p_curs=2025-2026&amp;p_es_inscr=S\" target=\"_blank\" rel=\"noreferrer noopener\"><strong>&nbsp;<\/strong><strong>Prevenci\u00f3 de l\u2019assetjament escolar: sensibilitzaci\u00f3 i observaci\u00f3 conscient<\/strong><\/a><\/p>\n\n\n\n<hr class=\"wp-block-separator has-alpha-channel-opacity\"\/>\n\n\n\n<p class=\"has-white-color has-ast-global-color-1-background-color has-text-color has-background has-link-color wp-elements-2d82b78758f66cc439c1aba1c4e8b79f\"><strong>Segon curs&nbsp;<\/strong><strong><em>Prevenci\u00f3 de l\u2019assetjament escolar: Prevenci\u00f3.<\/em><\/strong><\/p>\n\n\n\n<p>\u00c9s un curs m\u00e9s extens que aprofundeix en el concepte de provenci\u00f3 i com aplicar-la per a la creaci\u00f3 i formaci\u00f3 de grups. Aborda la import\u00e0ncia del desenvolupament de l&#8217;educaci\u00f3 socioemocional, situant la&nbsp;<strong>provenci\u00f3<\/strong>&nbsp;com una de les estrat\u00e8gies preventives m\u00e9s importants. Per a inscriure\u2019t a aquest segon curs \u00e9s recomanable haver cursat el primer.<\/p>\n\n\n\n<p><br><strong>Inscripcions:&nbsp;<\/strong>del 5 al 21 de setembre de 2025<\/p>\n\n\n\n<p><strong>Dates del curs:&nbsp;<\/strong>20\/10\/2025 fins a 01\/12\/2025&nbsp;<\/p>\n\n\n\n<p><strong>Hores:<\/strong>&nbsp;30 h<\/p>\n\n\n\n<p><strong>Enlla\u00e7 a la inscripci\u00f3:<\/strong><a href=\"https:\/\/aplicacions.gestioeducativa.gencat.cat\/ords\/pls\/soloas\/pk_for_mod_ins.p_for_cons_activitats?p_any=&amp;p_tipus_act=PROV&amp;p_totes=S&amp;p_paginar=N\" target=\"_blank\" rel=\"noreferrer noopener\"><strong>&nbsp;<\/strong><strong>Prevenci\u00f3 de l&#8217;assetjament escolar: provenci\u00f3<\/strong>.<\/a><\/p>\n","protected":false},"excerpt":{"rendered":"<p>Des de l\u2019equip t\u00e8cnic del programa\u00a0#aquiproubullying\u00a0s&#8217;ha impulsat  la creaci\u00f3 d&#8217;un\u00a0programa formatiu per a la prevenci\u00f3 de l&#8217;assetjament escolar en format en l\u00ednia que consta de dos cursos.\u00a0<\/p>\n","protected":false},"author":1,"featured_media":18756,"comment_status":"closed","ping_status":"open","sticky":false,"template":"","format":"standard","meta":{"_bbp_topic_count":0,"_bbp_reply_count":0,"_bbp_total_topic_count":0,"_bbp_total_reply_count":0,"_bbp_voice_count":0,"_bbp_anonymous_reply_count":0,"_bbp_topic_count_hidden":0,"_bbp_reply_count_hidden":0,"_bbp_forum_subforum_count":0,"site-sidebar-layout":"default","site-content-layout":"","ast-site-content-layout":"default","site-content-style":"default","site-sidebar-style":"default","ast-global-header-display":"","ast-banner-title-visibility":"","ast-main-header-display":"","ast-hfb-above-header-display":"","ast-hfb-below-header-display":"","ast-hfb-mobile-header-display":"","site-post-title":"","ast-breadcrumbs-content":"","ast-featured-img":"","footer-sml-layout":"","theme-transparent-header-meta":"","adv-header-id-meta":"","stick-header-meta":"","header-above-stick-meta":"","header-main-stick-meta":"","header-below-stick-meta":"","astra-migrate-meta-layouts":"set","ast-page-background-enabled":"default","ast-page-background-meta":{"desktop":{"background-color":"var(--ast-global-color-4)","background-image":"","background-repeat":"repeat","background-position":"center center","background-size":"auto","background-attachment":"scroll","background-type":"","background-media":"","overlay-type":"","overlay-color":"","overlay-opacity":"","overlay-gradient":""},"tablet":{"background-color":"","background-image":"","background-repeat":"repeat","background-position":"center center","background-size":"auto","background-attachment":"scroll","background-type":"","background-media":"","overlay-type":"","overlay-color":"","overlay-opacity":"","overlay-gradient":""},"mobile":{"background-color":"","background-image":"","background-repeat":"repeat","background-position":"center center","background-size":"auto","background-attachment":"scroll","background-type":"","background-media":"","overlay-type":"","overlay-color":"","overlay-opacity":"","overlay-gradient":""}},"ast-content-background-meta":{"desktop":{"background-color":"var(--ast-global-color-5)","background-image":"","background-repeat":"repeat","background-position":"center center","background-size":"auto","background-attachment":"scroll","background-type":"","background-media":"","overlay-type":"","overlay-color":"","overlay-opacity":"","overlay-gradient":""},"tablet":{"background-color":"var(--ast-global-color-5)","background-image":"","background-repeat":"repeat","background-position":"center center","background-size":"auto","background-attachment":"scroll","background-type":"","background-media":"","overlay-type":"","overlay-color":"","overlay-opacity":"","overlay-gradient":""},"mobile":{"background-color":"var(--ast-global-color-5)","background-image":"","background-repeat":"repeat","background-position":"center center","background-size":"auto","background-attachment":"scroll","background-type":"","background-media":"","overlay-type":"","overlay-color":"","overlay-opacity":"","overlay-gradient":""}},"footnotes":""},"categories":[482,1,473,29],"tags":[460,307,298,299],"class_list":["post-18754","post","type-post","status-publish","format-standard","has-post-thumbnail","hentry","category-formacions","category-general","category-inclusio","category-portada","tag-educacio-emocional","tag-educacio-valors","tag-educacio-primaria","tag-educacio-secundaria"],"post_mailing_queue_ids":[],"_links":{"self":[{"href":"https:\/\/serveiseducatius.xtec.cat\/vallesoccidental6\/wp-json\/wp\/v2\/posts\/18754","targetHints":{"allow":["GET"]}}],"collection":[{"href":"https:\/\/serveiseducatius.xtec.cat\/vallesoccidental6\/wp-json\/wp\/v2\/posts"}],"about":[{"href":"https:\/\/serveiseducatius.xtec.cat\/vallesoccidental6\/wp-json\/wp\/v2\/types\/post"}],"author":[{"embeddable":true,"href":"https:\/\/serveiseducatius.xtec.cat\/vallesoccidental6\/wp-json\/wp\/v2\/users\/1"}],"replies":[{"embeddable":true,"href":"https:\/\/serveiseducatius.xtec.cat\/vallesoccidental6\/wp-json\/wp\/v2\/comments?post=18754"}],"version-history":[{"count":2,"href":"https:\/\/serveiseducatius.xtec.cat\/vallesoccidental6\/wp-json\/wp\/v2\/posts\/18754\/revisions"}],"predecessor-version":[{"id":18757,"href":"https:\/\/serveiseducatius.xtec.cat\/vallesoccidental6\/wp-json\/wp\/v2\/posts\/18754\/revisions\/18757"}],"wp:featuredmedia":[{"embeddable":true,"href":"https:\/\/serveiseducatius.xtec.cat\/vallesoccidental6\/wp-json\/wp\/v2\/media\/18756"}],"wp:attachment":[{"href":"https:\/\/serveiseducatius.xtec.cat\/vallesoccidental6\/wp-json\/wp\/v2\/media?parent=18754"}],"wp:term":[{"taxonomy":"category","embeddable":true,"href":"https:\/\/serveiseducatius.xtec.cat\/vallesoccidental6\/wp-json\/wp\/v2\/categories?post=18754"},{"taxonomy":"post_tag","embeddable":true,"href":"https:\/\/serveiseducatius.xtec.cat\/vallesoccidental6\/wp-json\/wp\/v2\/tags?post=18754"}],"curies":[{"name":"wp","href":"https:\/\/api.w.org\/{rel}","templated":true}]}}