{"id":18479,"date":"2025-06-20T11:43:13","date_gmt":"2025-06-20T09:43:13","guid":{"rendered":"https:\/\/serveiseducatius.xtec.cat\/vallesoccidental6\/?p=18479"},"modified":"2025-06-20T11:46:27","modified_gmt":"2025-06-20T09:46:27","slug":"la-clau-ets-tu-apreneu-jugant-amb-lalumnat-de-3r-4t-deso-i-batxillerat-i-participa-en-el-concurs","status":"publish","type":"post","link":"https:\/\/serveiseducatius.xtec.cat\/vallesoccidental6\/general\/la-clau-ets-tu-apreneu-jugant-amb-lalumnat-de-3r-4t-deso-i-batxillerat-i-participa-en-el-concurs\/","title":{"rendered":"&#8220;La clau ets tu&#8221;: Joc per a 3r &#8211; 4t d&#8217;ESO i Batxillerat. Participa en el concurs."},"content":{"rendered":"\n<p><strong><a href=\"https:\/\/www.poblesabandonats.cat\/la-clau-ets-tu\" rel=\"noreferrer noopener\" target=\"_blank\">&#8220;La clau ets tu. El joc dels pobles imaginats&#8221;<\/a><\/strong>&nbsp;\u00e9s un recurs educatiu en format joc que pret\u00e9n treballar els Objectius de Desenvolupament Sostenible des del problema de l&#8217;abandonament i els desequilibris territorials.<\/p>\n\n\n\n<p>Al llarg del joc l&#8217;alumnat apr\u00e8n i decideix com voldria millorar l&#8217;entorn. En la part final, el convidem a reflexionar sobre la seva realitat m\u00e9s immediata i a fer propostes que ajudin a millorar-la, tot participant en el Concurs del joc.<\/p>\n\n\n\n<p>Aquest projecte \u00e9s una proposta de\u00a0l&#8217;Institut Ramon Muntaner, el Museu Terra &#8211; Fundaci\u00f3 Carulla, C\u00f2dol Educaci\u00f3 i ARGET de la Universitat Rovira i Virgili en el marc el projecte\u00a0<strong><a href=\"https:\/\/www.poblesabandonats.cat\/\" target=\"_blank\" rel=\"noreferrer noopener\">&#8220;Pobles Abandonats&#8221;<\/a><\/strong>.<\/p>\n\n\n\n<p>Consulta a continuaci\u00f3 el v\u00eddeo compartit en el <a href=\"https:\/\/www.instagram.com\/iramuntaner\/\" target=\"_blank\" rel=\"noreferrer noopener\">compte d&#8217;Instagram<\/a> de l&#8217;<a href=\"https:\/\/www.irmu.org\/\" target=\"_blank\" rel=\"noreferrer noopener\">Institut Ramon Muntaner<\/a>, i llegeix amb atenci\u00f3 la infografia seg\u00fcent. Per a qualsevol dubte, envia un correu a <a href=\"mailto:rnestcabre@irmu.org\">ernestcabre@irmu.org<\/a>.<\/p>\n\n\n\n<div class=\"wp-block-columns is-layout-flex wp-container-core-columns-is-layout-1 wp-block-columns-is-layout-flex\">\n<div class=\"wp-block-column is-layout-flow wp-block-column-is-layout-flow\">\n<figure class=\"wp-block-image size-full\"><a href=\"https:\/\/www.instagram.com\/p\/DByTs4PNfRh\/\" target=\"_blank\" rel=\" noreferrer noopener\"><img loading=\"lazy\" decoding=\"async\" width=\"789\" height=\"709\" src=\"https:\/\/serveiseducatius.xtec.cat\/vallesoccidental6\/wp-content\/uploads\/usu1109\/2025\/06\/insta.png\" alt=\"\" class=\"wp-image-18481\" srcset=\"https:\/\/serveiseducatius.xtec.cat\/vallesoccidental6\/wp-content\/uploads\/usu1109\/2025\/06\/insta.png 789w, https:\/\/serveiseducatius.xtec.cat\/vallesoccidental6\/wp-content\/uploads\/usu1109\/2025\/06\/insta-300x270.png 300w, https:\/\/serveiseducatius.xtec.cat\/vallesoccidental6\/wp-content\/uploads\/usu1109\/2025\/06\/insta-768x690.png 768w\" sizes=\"auto, (max-width: 789px) 100vw, 789px\" \/><\/a><\/figure>\n\n\n\n<p>V\u00eddeo explicatiu del funcionament del joc!<\/p>\n<\/div>\n\n\n\n<div class=\"wp-block-column is-layout-flow wp-block-column-is-layout-flow\">\n<div data-wp-interactive=\"core\/file\" class=\"wp-block-file\"><object data-wp-bind--hidden=\"!state.hasPdfPreview\" hidden class=\"wp-block-file__embed\" data=\"https:\/\/serveiseducatius.xtec.cat\/vallesoccidental6\/wp-content\/uploads\/usu1109\/2025\/06\/infografia_joc_LA_CLAU_ETS_TU.pdf\" type=\"application\/pdf\" style=\"width:100%;height:440px\" aria-label=\"Incrustaci\u00f3 del fitxer infografia_joc_LA_CLAU_ETS_TU.\"><\/object><a id=\"wp-block-file--media-6d96205b-8d08-48a0-a988-fb8be20ecc02\" href=\"https:\/\/serveiseducatius.xtec.cat\/vallesoccidental6\/wp-content\/uploads\/usu1109\/2025\/06\/infografia_joc_LA_CLAU_ETS_TU.pdf\">infografia_joc_LA_CLAU_ETS_TU<\/a><a href=\"https:\/\/serveiseducatius.xtec.cat\/vallesoccidental6\/wp-content\/uploads\/usu1109\/2025\/06\/infografia_joc_LA_CLAU_ETS_TU.pdf\" class=\"wp-block-file__button wp-element-button\" download aria-describedby=\"wp-block-file--media-6d96205b-8d08-48a0-a988-fb8be20ecc02\">Baixa<\/a><\/div>\n<\/div>\n<\/div>\n","protected":false},"excerpt":{"rendered":"<p>&#8220;La clau ets tu. El joc dels pobles imaginats&#8221; \u00e9s un recurs educatiu en format joc que pret\u00e9n treballar els ODS des del problema de l&#8217;abandonament i els desequilibris territorials. (3r-4t ESO i Batx.)<\/p>\n","protected":false},"author":1,"featured_media":18485,"comment_status":"closed","ping_status":"open","sticky":false,"template":"","format":"standard","meta":{"_bbp_topic_count":0,"_bbp_reply_count":0,"_bbp_total_topic_count":0,"_bbp_total_reply_count":0,"_bbp_voice_count":0,"_bbp_anonymous_reply_count":0,"_bbp_topic_count_hidden":0,"_bbp_reply_count_hidden":0,"_bbp_forum_subforum_count":0,"site-sidebar-layout":"default","site-content-layout":"","ast-site-content-layout":"default","site-content-style":"default","site-sidebar-style":"default","ast-global-header-display":"","ast-banner-title-visibility":"","ast-main-header-display":"","ast-hfb-above-header-display":"","ast-hfb-below-header-display":"","ast-hfb-mobile-header-display":"","site-post-title":"","ast-breadcrumbs-content":"","ast-featured-img":"","footer-sml-layout":"","theme-transparent-header-meta":"","adv-header-id-meta":"","stick-header-meta":"","header-above-stick-meta":"","header-main-stick-meta":"","header-below-stick-meta":"","astra-migrate-meta-layouts":"set","ast-page-background-enabled":"default","ast-page-background-meta":{"desktop":{"background-color":"var(--ast-global-color-4)","background-image":"","background-repeat":"repeat","background-position":"center center","background-size":"auto","background-attachment":"scroll","background-type":"","background-media":"","overlay-type":"","overlay-color":"","overlay-opacity":"","overlay-gradient":""},"tablet":{"background-color":"","background-image":"","background-repeat":"repeat","background-position":"center center","background-size":"auto","background-attachment":"scroll","background-type":"","background-media":"","overlay-type":"","overlay-color":"","overlay-opacity":"","overlay-gradient":""},"mobile":{"background-color":"","background-image":"","background-repeat":"repeat","background-position":"center center","background-size":"auto","background-attachment":"scroll","background-type":"","background-media":"","overlay-type":"","overlay-color":"","overlay-opacity":"","overlay-gradient":""}},"ast-content-background-meta":{"desktop":{"background-color":"var(--ast-global-color-5)","background-image":"","background-repeat":"repeat","background-position":"center center","background-size":"auto","background-attachment":"scroll","background-type":"","background-media":"","overlay-type":"","overlay-color":"","overlay-opacity":"","overlay-gradient":""},"tablet":{"background-color":"var(--ast-global-color-5)","background-image":"","background-repeat":"repeat","background-position":"center center","background-size":"auto","background-attachment":"scroll","background-type":"","background-media":"","overlay-type":"","overlay-color":"","overlay-opacity":"","overlay-gradient":""},"mobile":{"background-color":"var(--ast-global-color-5)","background-image":"","background-repeat":"repeat","background-position":"center center","background-size":"auto","background-attachment":"scroll","background-type":"","background-media":"","overlay-type":"","overlay-color":"","overlay-opacity":"","overlay-gradient":""}},"footnotes":""},"categories":[290,282,532,1,29],"tags":[249,299],"class_list":["post-18479","post","type-post","status-publish","format-standard","has-post-thumbnail","hentry","category-ambit-educacio-en-valors","category-ambit-coneixement-del-medi","category-ecosostenibilitat","category-general","category-portada","tag-batxillerat","tag-educacio-secundaria"],"post_mailing_queue_ids":[],"_links":{"self":[{"href":"https:\/\/serveiseducatius.xtec.cat\/vallesoccidental6\/wp-json\/wp\/v2\/posts\/18479","targetHints":{"allow":["GET"]}}],"collection":[{"href":"https:\/\/serveiseducatius.xtec.cat\/vallesoccidental6\/wp-json\/wp\/v2\/posts"}],"about":[{"href":"https:\/\/serveiseducatius.xtec.cat\/vallesoccidental6\/wp-json\/wp\/v2\/types\/post"}],"author":[{"embeddable":true,"href":"https:\/\/serveiseducatius.xtec.cat\/vallesoccidental6\/wp-json\/wp\/v2\/users\/1"}],"replies":[{"embeddable":true,"href":"https:\/\/serveiseducatius.xtec.cat\/vallesoccidental6\/wp-json\/wp\/v2\/comments?post=18479"}],"version-history":[{"count":6,"href":"https:\/\/serveiseducatius.xtec.cat\/vallesoccidental6\/wp-json\/wp\/v2\/posts\/18479\/revisions"}],"predecessor-version":[{"id":18488,"href":"https:\/\/serveiseducatius.xtec.cat\/vallesoccidental6\/wp-json\/wp\/v2\/posts\/18479\/revisions\/18488"}],"wp:featuredmedia":[{"embeddable":true,"href":"https:\/\/serveiseducatius.xtec.cat\/vallesoccidental6\/wp-json\/wp\/v2\/media\/18485"}],"wp:attachment":[{"href":"https:\/\/serveiseducatius.xtec.cat\/vallesoccidental6\/wp-json\/wp\/v2\/media?parent=18479"}],"wp:term":[{"taxonomy":"category","embeddable":true,"href":"https:\/\/serveiseducatius.xtec.cat\/vallesoccidental6\/wp-json\/wp\/v2\/categories?post=18479"},{"taxonomy":"post_tag","embeddable":true,"href":"https:\/\/serveiseducatius.xtec.cat\/vallesoccidental6\/wp-json\/wp\/v2\/tags?post=18479"}],"curies":[{"name":"wp","href":"https:\/\/api.w.org\/{rel}","templated":true}]}}