{"id":17347,"date":"2025-03-21T09:13:22","date_gmt":"2025-03-21T08:13:22","guid":{"rendered":"https:\/\/serveiseducatius.xtec.cat\/vallesoccidental6\/?p=17347"},"modified":"2025-03-21T09:13:23","modified_gmt":"2025-03-21T08:13:23","slug":"el-pati-de-lescola-en-igualtat-guia-de-diagnosi-i-dintervencio-amb-perspectiva-de-genere","status":"publish","type":"post","link":"https:\/\/serveiseducatius.xtec.cat\/vallesoccidental6\/general\/el-pati-de-lescola-en-igualtat-guia-de-diagnosi-i-dintervencio-amb-perspectiva-de-genere\/","title":{"rendered":"El Pati de l\u2019escola en igualtat: guia de diagnosi i d\u2019intervenci\u00f3 amb perspectiva de g\u00e8nere"},"content":{"rendered":"\n<p>Bibliografia recomanada per la subdirecci\u00f3 general d&#8217;Orientaci\u00f3, Participaci\u00f3 i Benestar de l&#8217;Alumnat.<\/p>\n\n\n\n<div class=\"wp-block-columns is-layout-flex wp-container-core-columns-is-layout-1 wp-block-columns-is-layout-flex\">\n<div class=\"wp-block-column is-layout-flow wp-block-column-is-layout-flow\">\n<p><strong><em>El pati de l\u2019escola en igualtat: guia de diagnosi i d\u2019intervenci\u00f3 amb perspectiva de g\u00e8nere<\/em><\/strong> \u00e9s una eina pr\u00e0ctica dirigida a professionals de l\u2019educaci\u00f3 que volen incorporar la perspectiva de g\u00e8nere en l\u2019espai escolar, especialment al pati de l\u2019escola. A trav\u00e9s d\u2019un enfocament de diagnosi i intervenci\u00f3, la guia ofereix estrat\u00e8gies per a identificar i abordar les desigualtats i discriminacions que poden sorgir en aquest entorn, promovent relacions m\u00e9s equitatives entre els alumnes. Amb recursos, activitats i propostes concretes, busca transformar el pati escolar en un espai inclusiu i respectu\u00f3s, i contribuir aix\u00ed a la creaci\u00f3 d\u2019un ambient educatiu igualitari per a tots els infants.<\/p>\n\n\n\n<p>Autors: Dafne Salda\u00f1a Blasco<\/p>\n\n\n\n<p>Editorial: Pol\u00b7len edicions<\/p>\n\n\n\n<p>Any: 2019<\/p>\n<\/div>\n\n\n\n<div class=\"wp-block-column is-layout-flow wp-block-column-is-layout-flow\">\n<figure class=\"wp-block-image size-full\"><a href=\"https:\/\/serveiseducatius.xtec.cat\/vallesoccidental6\/wp-content\/uploads\/usu1109\/2025\/03\/El-pati-de-lescola-en-igualtat.jpg\"><img loading=\"lazy\" decoding=\"async\" width=\"552\" height=\"794\" src=\"https:\/\/serveiseducatius.xtec.cat\/vallesoccidental6\/wp-content\/uploads\/usu1109\/2025\/03\/El-pati-de-lescola-en-igualtat.jpg\" alt=\"\" class=\"wp-image-17348\" srcset=\"https:\/\/serveiseducatius.xtec.cat\/vallesoccidental6\/wp-content\/uploads\/usu1109\/2025\/03\/El-pati-de-lescola-en-igualtat.jpg 552w, https:\/\/serveiseducatius.xtec.cat\/vallesoccidental6\/wp-content\/uploads\/usu1109\/2025\/03\/El-pati-de-lescola-en-igualtat-209x300.jpg 209w\" sizes=\"auto, (max-width: 552px) 100vw, 552px\" \/><\/a><\/figure>\n<\/div>\n<\/div>\n","protected":false},"excerpt":{"rendered":"<p>Bibliografia recomanada per la subdirecci\u00f3 general d&#8217;Orientaci\u00f3, Participaci\u00f3 i Benestar de l&#8217;Alumnat. El pati de l\u2019escola en igualtat: guia de [&hellip;]<\/p>\n","protected":false},"author":1,"featured_media":17348,"comment_status":"closed","ping_status":"open","sticky":false,"template":"","format":"standard","meta":{"_bbp_topic_count":0,"_bbp_reply_count":0,"_bbp_total_topic_count":0,"_bbp_total_reply_count":0,"_bbp_voice_count":0,"_bbp_anonymous_reply_count":0,"_bbp_topic_count_hidden":0,"_bbp_reply_count_hidden":0,"_bbp_forum_subforum_count":0,"site-sidebar-layout":"default","site-content-layout":"","ast-site-content-layout":"","site-content-style":"default","site-sidebar-style":"default","ast-global-header-display":"","ast-banner-title-visibility":"","ast-main-header-display":"","ast-hfb-above-header-display":"","ast-hfb-below-header-display":"","ast-hfb-mobile-header-display":"","site-post-title":"","ast-breadcrumbs-content":"","ast-featured-img":"","footer-sml-layout":"","theme-transparent-header-meta":"","adv-header-id-meta":"","stick-header-meta":"","header-above-stick-meta":"","header-main-stick-meta":"","header-below-stick-meta":"","astra-migrate-meta-layouts":"default","ast-page-background-enabled":"default","ast-page-background-meta":{"desktop":{"background-color":"var(--ast-global-color-4)","background-image":"","background-repeat":"repeat","background-position":"center center","background-size":"auto","background-attachment":"scroll","background-type":"","background-media":"","overlay-type":"","overlay-color":"","overlay-opacity":"","overlay-gradient":""},"tablet":{"background-color":"","background-image":"","background-repeat":"repeat","background-position":"center center","background-size":"auto","background-attachment":"scroll","background-type":"","background-media":"","overlay-type":"","overlay-color":"","overlay-opacity":"","overlay-gradient":""},"mobile":{"background-color":"","background-image":"","background-repeat":"repeat","background-position":"center center","background-size":"auto","background-attachment":"scroll","background-type":"","background-media":"","overlay-type":"","overlay-color":"","overlay-opacity":"","overlay-gradient":""}},"ast-content-background-meta":{"desktop":{"background-color":"var(--ast-global-color-5)","background-image":"","background-repeat":"repeat","background-position":"center center","background-size":"auto","background-attachment":"scroll","background-type":"","background-media":"","overlay-type":"","overlay-color":"","overlay-opacity":"","overlay-gradient":""},"tablet":{"background-color":"var(--ast-global-color-5)","background-image":"","background-repeat":"repeat","background-position":"center center","background-size":"auto","background-attachment":"scroll","background-type":"","background-media":"","overlay-type":"","overlay-color":"","overlay-opacity":"","overlay-gradient":""},"mobile":{"background-color":"var(--ast-global-color-5)","background-image":"","background-repeat":"repeat","background-position":"center center","background-size":"auto","background-attachment":"scroll","background-type":"","background-media":"","overlay-type":"","overlay-color":"","overlay-opacity":"","overlay-gradient":""}},"footnotes":""},"categories":[469,1,29],"tags":[583,574,221],"class_list":["post-17347","post","type-post","status-publish","format-standard","has-post-thumbnail","hentry","category-coeducacio","category-general","category-portada","tag-bibliografia","tag-coeducacio","tag-educacio-per-a-la-salut"],"post_mailing_queue_ids":[],"_links":{"self":[{"href":"https:\/\/serveiseducatius.xtec.cat\/vallesoccidental6\/wp-json\/wp\/v2\/posts\/17347","targetHints":{"allow":["GET"]}}],"collection":[{"href":"https:\/\/serveiseducatius.xtec.cat\/vallesoccidental6\/wp-json\/wp\/v2\/posts"}],"about":[{"href":"https:\/\/serveiseducatius.xtec.cat\/vallesoccidental6\/wp-json\/wp\/v2\/types\/post"}],"author":[{"embeddable":true,"href":"https:\/\/serveiseducatius.xtec.cat\/vallesoccidental6\/wp-json\/wp\/v2\/users\/1"}],"replies":[{"embeddable":true,"href":"https:\/\/serveiseducatius.xtec.cat\/vallesoccidental6\/wp-json\/wp\/v2\/comments?post=17347"}],"version-history":[{"count":1,"href":"https:\/\/serveiseducatius.xtec.cat\/vallesoccidental6\/wp-json\/wp\/v2\/posts\/17347\/revisions"}],"predecessor-version":[{"id":17349,"href":"https:\/\/serveiseducatius.xtec.cat\/vallesoccidental6\/wp-json\/wp\/v2\/posts\/17347\/revisions\/17349"}],"wp:featuredmedia":[{"embeddable":true,"href":"https:\/\/serveiseducatius.xtec.cat\/vallesoccidental6\/wp-json\/wp\/v2\/media\/17348"}],"wp:attachment":[{"href":"https:\/\/serveiseducatius.xtec.cat\/vallesoccidental6\/wp-json\/wp\/v2\/media?parent=17347"}],"wp:term":[{"taxonomy":"category","embeddable":true,"href":"https:\/\/serveiseducatius.xtec.cat\/vallesoccidental6\/wp-json\/wp\/v2\/categories?post=17347"},{"taxonomy":"post_tag","embeddable":true,"href":"https:\/\/serveiseducatius.xtec.cat\/vallesoccidental6\/wp-json\/wp\/v2\/tags?post=17347"}],"curies":[{"name":"wp","href":"https:\/\/api.w.org\/{rel}","templated":true}]}}