{"id":17153,"date":"2025-02-04T19:59:56","date_gmt":"2025-02-04T18:59:56","guid":{"rendered":"https:\/\/serveiseducatius.xtec.cat\/vallesoccidental6\/?p=17153"},"modified":"2025-05-12T19:33:19","modified_gmt":"2025-05-12T17:33:19","slug":"guies-per-orientar-i-facilitar-a-les-families-lus-del-mobil-per-part-dels-fills-i-les-filles","status":"publish","type":"post","link":"https:\/\/serveiseducatius.xtec.cat\/vallesoccidental6\/general\/guies-per-orientar-i-facilitar-a-les-families-lus-del-mobil-per-part-dels-fills-i-les-filles\/","title":{"rendered":"Guies per orientar i facilitar a les fam\u00edlies l&#8217;\u00fas del m\u00f2bil per part dels fills i les filles."},"content":{"rendered":"\n<p>La Cooperativa de telefonia i internet <strong><a href=\"https:\/\/somconnexio.coop\/\" target=\"_blank\" rel=\"noreferrer noopener\">SomConnexi\u00f3<\/a><\/strong> ha creat aquestes tres guies que volem compartir amb vosaltres. Creiem que podrien ajudar a acompanyar els joves en l&#8217;\u00fas dels m\u00f2bils, i orientar mares i pares sobre com abordar els problemes que es poden generar al voltant d&#8217;aquests dispositius.<\/p>\n\n\n\n<ul class=\"wp-block-list\">\n<li>Guia per a fam\u00edlies cruels i malvades. O com acompanyar els fills i les filles en la incorporaci\u00f3 del tel\u00e8fon m\u00f2bil.<\/li>\n\n\n\n<li>Repte sense m\u00f2bil, per a fam\u00edlies. Guia per aconseguir una relaci\u00f3 m\u00e9s sana amb el m\u00f2bil i les pantalles.<\/li>\n\n\n\n<li>Despantalla&#8217;m. Guia per criar sense pantalles 0-3.<\/li>\n<\/ul>\n\n\n\n<p>Descarrega-te-les aqu\u00ed:<\/p>\n\n\n\n<div class=\"wp-block-columns is-layout-flex wp-container-core-columns-is-layout-1 wp-block-columns-is-layout-flex\">\n<div class=\"wp-block-column is-layout-flow wp-block-column-is-layout-flow\">\n<div data-wp-interactive=\"core\/file\" class=\"wp-block-file\"><object data-wp-bind--hidden=\"!state.hasPdfPreview\" hidden class=\"wp-block-file__embed\" data=\"https:\/\/serveiseducatius.xtec.cat\/vallesoccidental6\/wp-content\/uploads\/usu1109\/2025\/02\/GuiaSomConnexio-Online-Catala-Pagines.pdf\" type=\"application\/pdf\" style=\"width:100%;height:340px\" aria-label=\"Incrustaci\u00f3 del fitxer GuiaSomConnexio-Online-Catala-Pagines.\"><\/object><a id=\"wp-block-file--media-e81e4a28-39df-4b9f-86b4-851d5f4789d6\" href=\"https:\/\/serveiseducatius.xtec.cat\/vallesoccidental6\/wp-content\/uploads\/usu1109\/2025\/02\/GuiaSomConnexio-Online-Catala-Pagines.pdf\">GuiaSomConnexio-Online-Catala-Pagines<\/a><\/div>\n<\/div>\n\n\n\n<div class=\"wp-block-column is-layout-flow wp-block-column-is-layout-flow\">\n<div data-wp-interactive=\"core\/file\" class=\"wp-block-file\"><object data-wp-bind--hidden=\"!state.hasPdfPreview\" hidden class=\"wp-block-file__embed\" data=\"https:\/\/serveiseducatius.xtec.cat\/vallesoccidental6\/wp-content\/uploads\/usu1109\/2025\/02\/SomConnexio_GuiaDetox_cat-1-1.pdf\" type=\"application\/pdf\" style=\"width:100%;height:340px\" aria-label=\"Incrustaci\u00f3 del fitxer SomConnexio_GuiaDetox_cat-1-1.\"><\/object><a id=\"wp-block-file--media-e13c9aed-2b7f-4bf9-89aa-8b91243ed83d\" href=\"https:\/\/serveiseducatius.xtec.cat\/vallesoccidental6\/wp-content\/uploads\/usu1109\/2025\/02\/SomConnexio_GuiaDetox_cat-1-1.pdf\">SomConnexio_GuiaDetox_cat-1-1<\/a><\/div>\n<\/div>\n\n\n\n<div class=\"wp-block-column is-layout-flow wp-block-column-is-layout-flow\">\n<div data-wp-interactive=\"core\/file\" class=\"wp-block-file\"><object data-wp-bind--hidden=\"!state.hasPdfPreview\" hidden class=\"wp-block-file__embed\" data=\"https:\/\/serveiseducatius.xtec.cat\/vallesoccidental6\/wp-content\/uploads\/usu1109\/2025\/02\/SomConnexio_GuiaInfantil_CAT-1-1.pdf\" type=\"application\/pdf\" style=\"width:100%;height:340px\" aria-label=\"Incrustaci\u00f3 del fitxer SomConnexio_GuiaInfantil_CAT-1-1.\"><\/object><a id=\"wp-block-file--media-646527ec-2119-46ab-a612-cf7f3ed7d148\" href=\"https:\/\/serveiseducatius.xtec.cat\/vallesoccidental6\/wp-content\/uploads\/usu1109\/2025\/02\/SomConnexio_GuiaInfantil_CAT-1-1.pdf\">SomConnexio_GuiaInfantil_CAT-1-1<\/a><\/div>\n<\/div>\n<\/div>\n","protected":false},"excerpt":{"rendered":"<p>La Cooperativa de telefonia i internet SomConnexi\u00f3 ha creat aquestes tres guies que volem compartir amb vosaltres. Creiem que podrien [&hellip;]<\/p>\n","protected":false},"author":1,"featured_media":17160,"comment_status":"closed","ping_status":"open","sticky":false,"template":"","format":"standard","meta":{"_bbp_topic_count":0,"_bbp_reply_count":0,"_bbp_total_topic_count":0,"_bbp_total_reply_count":0,"_bbp_voice_count":0,"_bbp_anonymous_reply_count":0,"_bbp_topic_count_hidden":0,"_bbp_reply_count_hidden":0,"_bbp_forum_subforum_count":0,"site-sidebar-layout":"default","site-content-layout":"","ast-site-content-layout":"default","site-content-style":"default","site-sidebar-style":"default","ast-global-header-display":"","ast-banner-title-visibility":"","ast-main-header-display":"","ast-hfb-above-header-display":"","ast-hfb-below-header-display":"","ast-hfb-mobile-header-display":"","site-post-title":"","ast-breadcrumbs-content":"","ast-featured-img":"","footer-sml-layout":"","theme-transparent-header-meta":"","adv-header-id-meta":"","stick-header-meta":"","header-above-stick-meta":"","header-main-stick-meta":"","header-below-stick-meta":"","astra-migrate-meta-layouts":"set","ast-page-background-enabled":"default","ast-page-background-meta":{"desktop":{"background-color":"var(--ast-global-color-4)","background-image":"","background-repeat":"repeat","background-position":"center center","background-size":"auto","background-attachment":"scroll","background-type":"","background-media":"","overlay-type":"","overlay-color":"","overlay-opacity":"","overlay-gradient":""},"tablet":{"background-color":"","background-image":"","background-repeat":"repeat","background-position":"center center","background-size":"auto","background-attachment":"scroll","background-type":"","background-media":"","overlay-type":"","overlay-color":"","overlay-opacity":"","overlay-gradient":""},"mobile":{"background-color":"","background-image":"","background-repeat":"repeat","background-position":"center center","background-size":"auto","background-attachment":"scroll","background-type":"","background-media":"","overlay-type":"","overlay-color":"","overlay-opacity":"","overlay-gradient":""}},"ast-content-background-meta":{"desktop":{"background-color":"var(--ast-global-color-5)","background-image":"","background-repeat":"repeat","background-position":"center center","background-size":"auto","background-attachment":"scroll","background-type":"","background-media":"","overlay-type":"","overlay-color":"","overlay-opacity":"","overlay-gradient":""},"tablet":{"background-color":"var(--ast-global-color-5)","background-image":"","background-repeat":"repeat","background-position":"center center","background-size":"auto","background-attachment":"scroll","background-type":"","background-media":"","overlay-type":"","overlay-color":"","overlay-opacity":"","overlay-gradient":""},"mobile":{"background-color":"var(--ast-global-color-5)","background-image":"","background-repeat":"repeat","background-position":"center center","background-size":"auto","background-attachment":"scroll","background-type":"","background-media":"","overlay-type":"","overlay-color":"","overlay-opacity":"","overlay-gradient":""}},"footnotes":""},"categories":[545,451,1,29],"tags":[567,568,570],"class_list":["post-17153","post","type-post","status-publish","format-standard","has-post-thumbnail","hentry","category-cultura-digital","category-familia-i-escola","category-general","category-portada","tag-0-3","tag-families","tag-tecnologia"],"post_mailing_queue_ids":[],"_links":{"self":[{"href":"https:\/\/serveiseducatius.xtec.cat\/vallesoccidental6\/wp-json\/wp\/v2\/posts\/17153","targetHints":{"allow":["GET"]}}],"collection":[{"href":"https:\/\/serveiseducatius.xtec.cat\/vallesoccidental6\/wp-json\/wp\/v2\/posts"}],"about":[{"href":"https:\/\/serveiseducatius.xtec.cat\/vallesoccidental6\/wp-json\/wp\/v2\/types\/post"}],"author":[{"embeddable":true,"href":"https:\/\/serveiseducatius.xtec.cat\/vallesoccidental6\/wp-json\/wp\/v2\/users\/1"}],"replies":[{"embeddable":true,"href":"https:\/\/serveiseducatius.xtec.cat\/vallesoccidental6\/wp-json\/wp\/v2\/comments?post=17153"}],"version-history":[{"count":4,"href":"https:\/\/serveiseducatius.xtec.cat\/vallesoccidental6\/wp-json\/wp\/v2\/posts\/17153\/revisions"}],"predecessor-version":[{"id":18142,"href":"https:\/\/serveiseducatius.xtec.cat\/vallesoccidental6\/wp-json\/wp\/v2\/posts\/17153\/revisions\/18142"}],"wp:featuredmedia":[{"embeddable":true,"href":"https:\/\/serveiseducatius.xtec.cat\/vallesoccidental6\/wp-json\/wp\/v2\/media\/17160"}],"wp:attachment":[{"href":"https:\/\/serveiseducatius.xtec.cat\/vallesoccidental6\/wp-json\/wp\/v2\/media?parent=17153"}],"wp:term":[{"taxonomy":"category","embeddable":true,"href":"https:\/\/serveiseducatius.xtec.cat\/vallesoccidental6\/wp-json\/wp\/v2\/categories?post=17153"},{"taxonomy":"post_tag","embeddable":true,"href":"https:\/\/serveiseducatius.xtec.cat\/vallesoccidental6\/wp-json\/wp\/v2\/tags?post=17153"}],"curies":[{"name":"wp","href":"https:\/\/api.w.org\/{rel}","templated":true}]}}