{"id":17042,"date":"2025-01-16T12:21:43","date_gmt":"2025-01-16T11:21:43","guid":{"rendered":"https:\/\/serveiseducatius.xtec.cat\/vallesoccidental6\/?p=17042"},"modified":"2025-01-16T12:25:07","modified_gmt":"2025-01-16T11:25:07","slug":"jornada-argo-de-geografia-justicia-global-a-laula-una-mirada-geografica-multidisciplinaria-des-de-les-ciencies-socials","status":"publish","type":"post","link":"https:\/\/serveiseducatius.xtec.cat\/vallesoccidental6\/general\/jornada-argo-de-geografia-justicia-global-a-laula-una-mirada-geografica-multidisciplinaria-des-de-les-ciencies-socials\/","title":{"rendered":"Jornada Arg\u00f3 de Geografia: &#8220;Just\u00edcia Global a l&#8217;aula: una mirada geogr\u00e0fica multidisciplin\u00e0ria des de les Ci\u00e8ncies Socials&#8221;"},"content":{"rendered":"\n<p>Espai per reflexionar sobre tem\u00e0tiques clau relacionades amb la Just\u00edcia Global, com la pau i la no viol\u00e8ncia, la just\u00edcia ambiental, la perspectiva feminista, la interculturalitat cr\u00edtica, la just\u00edcia econ\u00f2mica i social, o les relacions de poder i la governan\u00e7a.&nbsp;<\/p>\n\n\n\n<p class=\"has-text-align-center\"><strong>Lloc<\/strong>:&nbsp;<a href=\"https:\/\/www.uab.cat\/lletres\/\" target=\"_blank\" rel=\"noreferrer noopener\">Sala de Graus de la Facultat de Lletres de la UAB<\/a>.<\/p>\n\n\n\n<p class=\"has-text-align-center\"><strong>Data<\/strong>: dilluns 17&nbsp;i 24&nbsp;de febrer&nbsp;i dissabte 22&nbsp;de febrer de 2025.&nbsp;<\/p>\n\n\n\n<p class=\"has-text-align-center\"><strong>Horari<\/strong>: de 16&nbsp;a 20&nbsp;h els dilluns i de 9.30&nbsp;a 13.30 h el dissabte.<\/p>\n\n\n\n<p class=\"has-text-align-center\"><strong>Preu<\/strong>: 12\u20ac (dos dilluns) + 18\u20ac (dos dilluns + dissabte). <\/p>\n\n\n\n<p>Aquesta\u00a0jornada\u00a0est\u00e0\u00a0organitzada\u00a0per l\u2019equip Arg\u00f3 de Geografia, pel\u00a0<a href=\"https:\/\/www.uab.cat\/es\/geografia#:~:text=El%20Departamento%20de%20Geograf%C3%ADa%20se%20encarga%20de%20organizar,en%20diversos%20Grados%20y%20M%C3%A1sters%20de%20la%20UAB\" target=\"_blank\" rel=\"noreferrer noopener\">Departament de Geografia<\/a>\u00a0i l\u2019ICE de la UAB i s&#8217;adrecen\u00a0a professorat de CCSS de secund\u00e0ria i batxillerat.<\/p>\n\n\n\n<figure class=\"wp-block-image aligncenter size-full\"><a href=\"https:\/\/www.uab.cat\/es\/geografia#:~:text=El%20Departamento%20de%20Geograf%C3%ADa%20se%20encarga%20de%20organizar,en%20diversos%20Grados%20y%20M%C3%A1sters%20de%20la%20UAB\" target=\"_blank\" rel=\"noreferrer noopener\"><img loading=\"lazy\" decoding=\"async\" width=\"568\" height=\"148\" src=\"https:\/\/serveiseducatius.xtec.cat\/vallesoccidental6\/wp-content\/uploads\/usu1109\/2025\/01\/dpt-geografia.png\" alt=\"\" class=\"wp-image-17046\" srcset=\"https:\/\/serveiseducatius.xtec.cat\/vallesoccidental6\/wp-content\/uploads\/usu1109\/2025\/01\/dpt-geografia.png 568w, https:\/\/serveiseducatius.xtec.cat\/vallesoccidental6\/wp-content\/uploads\/usu1109\/2025\/01\/dpt-geografia-300x78.png 300w\" sizes=\"auto, (max-width: 568px) 100vw, 568px\" \/><\/a><\/figure>\n\n\n\n<div class=\"wp-block-buttons is-content-justification-center is-layout-flex wp-container-core-buttons-is-layout-1 wp-block-buttons-is-layout-flex\">\n<div class=\"wp-block-button\"><a class=\"wp-block-button__link has-white-color has-text-color has-background has-link-color wp-element-button\" href=\"https:\/\/www.uab.cat\/ca\/ice\/jornada-argo-geografia-24-25\" style=\"background-color:#5e3a73\" target=\"_blank\" rel=\"noreferrer noopener\">+ Informaci\u00f3<\/a><\/div>\n\n\n\n<div class=\"wp-block-button\"><a class=\"wp-block-button__link has-white-color has-text-color has-background has-link-color wp-element-button\" href=\"https:\/\/sigmatcs.uab.es\/cosmos\/Controlador\/?@ebf2f349580da806=@1bedd0984ff1624c&amp;@57b88e10f1a90c1a=@a039d9c04653ef8c&amp;@d2e9d205e120747b=@057dbf7322b5fb19&amp;@7768acd4afb2a0dcaab9840b9661a38391fdaa47be8ebfbb=@f6313b39283a9692&amp;@34ee43953e5fe695cf56daffdffb97681d601ab7f2118a8c=@a7b5c710971f2547&amp;@f159383c5f17f705a3a0887a97288719=@4664a1bc9552aa1f&amp;@516cbd36a6c7b80e=@badb6ddefeb754dd&amp;@cf98bb17a2e7a822=@abd5754964e9c1d3&amp;@4516f88622cf7bd9=@b71ccf07c4928a0e&amp;pardi2=4502&amp;pardi3=8&amp;idioma=ca&amp;pais=ES\" style=\"background-color:#5e3a73\" target=\"_blank\" rel=\"noreferrer noopener\">Inscripcions amb NIU (de la UAB)<\/a><\/div>\n\n\n\n<div class=\"wp-block-button\"><a class=\"wp-block-button__link has-white-color has-text-color has-background has-link-color wp-element-button\" href=\"https:\/\/sigmatcs.uab.es\/regis\/controlreg\/[mtoAlta]RegistroPublico?entradaPublica=true&amp;destino=ICE&amp;pardi1=DM&amp;pardi2=4502&amp;pardi3=8&amp;idioma=ca&amp;pais=ES\" style=\"background-color:#5e3a73\" target=\"_blank\" rel=\"noreferrer noopener\">Inscripcions sense NIU<\/a><\/div>\n<\/div>\n","protected":false},"excerpt":{"rendered":"<p>Espai per reflexionar sobre tem\u00e0tiques clau relacionades amb la Just\u00edcia Global, com la pau i la no viol\u00e8ncia, la just\u00edcia [&hellip;]<\/p>\n","protected":false},"author":1,"featured_media":17044,"comment_status":"closed","ping_status":"open","sticky":false,"template":"","format":"standard","meta":{"_bbp_topic_count":0,"_bbp_reply_count":0,"_bbp_total_topic_count":0,"_bbp_total_reply_count":0,"_bbp_voice_count":0,"_bbp_anonymous_reply_count":0,"_bbp_topic_count_hidden":0,"_bbp_reply_count_hidden":0,"_bbp_forum_subforum_count":0,"site-sidebar-layout":"default","site-content-layout":"","ast-site-content-layout":"","site-content-style":"default","site-sidebar-style":"default","ast-global-header-display":"","ast-banner-title-visibility":"","ast-main-header-display":"","ast-hfb-above-header-display":"","ast-hfb-below-header-display":"","ast-hfb-mobile-header-display":"","site-post-title":"","ast-breadcrumbs-content":"","ast-featured-img":"","footer-sml-layout":"","theme-transparent-header-meta":"","adv-header-id-meta":"","stick-header-meta":"","header-above-stick-meta":"","header-main-stick-meta":"","header-below-stick-meta":"","astra-migrate-meta-layouts":"default","ast-page-background-enabled":"default","ast-page-background-meta":{"desktop":{"background-color":"var(--ast-global-color-4)","background-image":"","background-repeat":"repeat","background-position":"center center","background-size":"auto","background-attachment":"scroll","background-type":"","background-media":"","overlay-type":"","overlay-color":"","overlay-opacity":"","overlay-gradient":""},"tablet":{"background-color":"","background-image":"","background-repeat":"repeat","background-position":"center center","background-size":"auto","background-attachment":"scroll","background-type":"","background-media":"","overlay-type":"","overlay-color":"","overlay-opacity":"","overlay-gradient":""},"mobile":{"background-color":"","background-image":"","background-repeat":"repeat","background-position":"center center","background-size":"auto","background-attachment":"scroll","background-type":"","background-media":"","overlay-type":"","overlay-color":"","overlay-opacity":"","overlay-gradient":""}},"ast-content-background-meta":{"desktop":{"background-color":"var(--ast-global-color-5)","background-image":"","background-repeat":"repeat","background-position":"center center","background-size":"auto","background-attachment":"scroll","background-type":"","background-media":"","overlay-type":"","overlay-color":"","overlay-opacity":"","overlay-gradient":""},"tablet":{"background-color":"var(--ast-global-color-5)","background-image":"","background-repeat":"repeat","background-position":"center center","background-size":"auto","background-attachment":"scroll","background-type":"","background-media":"","overlay-type":"","overlay-color":"","overlay-opacity":"","overlay-gradient":""},"mobile":{"background-color":"var(--ast-global-color-5)","background-image":"","background-repeat":"repeat","background-position":"center center","background-size":"auto","background-attachment":"scroll","background-type":"","background-media":"","overlay-type":"","overlay-color":"","overlay-opacity":"","overlay-gradient":""}},"footnotes":""},"categories":[1,480,29],"tags":[],"class_list":["post-17042","post","type-post","status-publish","format-standard","has-post-thumbnail","hentry","category-general","category-jornades","category-portada"],"post_mailing_queue_ids":[],"_links":{"self":[{"href":"https:\/\/serveiseducatius.xtec.cat\/vallesoccidental6\/wp-json\/wp\/v2\/posts\/17042","targetHints":{"allow":["GET"]}}],"collection":[{"href":"https:\/\/serveiseducatius.xtec.cat\/vallesoccidental6\/wp-json\/wp\/v2\/posts"}],"about":[{"href":"https:\/\/serveiseducatius.xtec.cat\/vallesoccidental6\/wp-json\/wp\/v2\/types\/post"}],"author":[{"embeddable":true,"href":"https:\/\/serveiseducatius.xtec.cat\/vallesoccidental6\/wp-json\/wp\/v2\/users\/1"}],"replies":[{"embeddable":true,"href":"https:\/\/serveiseducatius.xtec.cat\/vallesoccidental6\/wp-json\/wp\/v2\/comments?post=17042"}],"version-history":[{"count":4,"href":"https:\/\/serveiseducatius.xtec.cat\/vallesoccidental6\/wp-json\/wp\/v2\/posts\/17042\/revisions"}],"predecessor-version":[{"id":17048,"href":"https:\/\/serveiseducatius.xtec.cat\/vallesoccidental6\/wp-json\/wp\/v2\/posts\/17042\/revisions\/17048"}],"wp:featuredmedia":[{"embeddable":true,"href":"https:\/\/serveiseducatius.xtec.cat\/vallesoccidental6\/wp-json\/wp\/v2\/media\/17044"}],"wp:attachment":[{"href":"https:\/\/serveiseducatius.xtec.cat\/vallesoccidental6\/wp-json\/wp\/v2\/media?parent=17042"}],"wp:term":[{"taxonomy":"category","embeddable":true,"href":"https:\/\/serveiseducatius.xtec.cat\/vallesoccidental6\/wp-json\/wp\/v2\/categories?post=17042"},{"taxonomy":"post_tag","embeddable":true,"href":"https:\/\/serveiseducatius.xtec.cat\/vallesoccidental6\/wp-json\/wp\/v2\/tags?post=17042"}],"curies":[{"name":"wp","href":"https:\/\/api.w.org\/{rel}","templated":true}]}}