{"id":16138,"date":"2024-06-18T11:43:59","date_gmt":"2024-06-18T09:43:59","guid":{"rendered":"https:\/\/serveiseducatius.xtec.cat\/vallesoccidental6\/?p=16138"},"modified":"2024-06-18T11:43:59","modified_gmt":"2024-06-18T09:43:59","slug":"jornada-obrim-les-portes-a-lescoltam","status":"publish","type":"post","link":"https:\/\/serveiseducatius.xtec.cat\/vallesoccidental6\/general\/jornada-obrim-les-portes-a-lescoltam\/","title":{"rendered":"Jornada Obrim les portes a l\u2019Escolta\u2019m"},"content":{"rendered":"<p><img loading=\"lazy\" decoding=\"async\" class=\"size-full wp-image-16139 alignleft\" src=\"https:\/\/serveiseducatius.xtec.cat\/vallesoccidental6\/wp-content\/uploads\/usu1109\/2024\/06\/unnamed.jpg\" alt=\"\" width=\"208\" height=\"293\" \/><\/p>\n<p>Jornada Obrim les portes a l\u2019Escolta\u2019m, que se celebrar\u00e0 el proper 27 de juny de 2024 al Palau de les Heures del campus Mundet, de 9:00 a 14:00 hores.<\/p>\n<p>Aquesta jornada t\u00e9 com a objectiu retrobar-nos amb els centres que esteu implementant el projecte Escolta\u2019m: tutoria personalitzada a les vostres escoles i convidar a participar-hi a d\u2019altres persones i centres interessats en el projecte. Les persones que assisteixin a tota la jornada rebran un certificat de 5 hores.<\/p>\n<p>La jornada inclour\u00e0 una pon\u00e8ncia principal titulada \u201cEscoltar des de la ment i el cor\u201d, a c\u00e0rrec de la Dra. Anna For\u00e9s Miravalles, aix\u00ed com tallers vivencials i informatius. L\u2019esmorzar ser\u00e0 comunitari, i es prega als assistents que portin algun producte t\u00edpic del seu territori per compartir.<\/p>\n<p>Us agrairem la m\u00e0xima difusi\u00f3 d\u2019aquest esdeveniment i esperem comptar amb la vostra pres\u00e8ncia.<\/p>\n<p>Les inscripcions a la jornada, es poden fer a trav\u00e9s del seg\u00fcent enlla\u00e7:\u00a0<a href=\"http:\/\/www.ub.edu\/gidp-matice\/faces\/formatice?curs=59420\" target=\"_blank\" rel=\"noreferrer noopener\">http:\/\/www.ub.edu\/gidp-matice\/faces\/formatice?curs=59420<\/a><\/p>\n<p>Per a qualsevol dubte o necessiteu m\u00e9s informaci\u00f3, contactar amb\u00a0<a href=\"mailto:idp.cursos@ub.edu\" target=\"_blank\" rel=\"noreferrer noopener\">idp.cursos@ub.edu<\/a>.<\/p>\n","protected":false},"excerpt":{"rendered":"<p>Jornada Obrim les portes a l\u2019Escolta\u2019m, que se celebrar\u00e0 el proper 27 de juny de 2024 al Palau de les Heures del campus Mundet, de 9:00 a 14:00 hores.<\/p>\n","protected":false},"author":1,"featured_media":16139,"comment_status":"closed","ping_status":"closed","sticky":false,"template":"","format":"standard","meta":{"_bbp_topic_count":0,"_bbp_reply_count":0,"_bbp_total_topic_count":0,"_bbp_total_reply_count":0,"_bbp_voice_count":0,"_bbp_anonymous_reply_count":0,"_bbp_topic_count_hidden":0,"_bbp_reply_count_hidden":0,"_bbp_forum_subforum_count":0,"site-sidebar-layout":"default","site-content-layout":"","ast-site-content-layout":"","site-content-style":"default","site-sidebar-style":"default","ast-global-header-display":"","ast-banner-title-visibility":"","ast-main-header-display":"","ast-hfb-above-header-display":"","ast-hfb-below-header-display":"","ast-hfb-mobile-header-display":"","site-post-title":"","ast-breadcrumbs-content":"","ast-featured-img":"","footer-sml-layout":"","theme-transparent-header-meta":"","adv-header-id-meta":"","stick-header-meta":"","header-above-stick-meta":"","header-main-stick-meta":"","header-below-stick-meta":"","astra-migrate-meta-layouts":"default","ast-page-background-enabled":"default","ast-page-background-meta":{"desktop":{"background-color":"var(--ast-global-color-4)","background-image":"","background-repeat":"repeat","background-position":"center center","background-size":"auto","background-attachment":"scroll","background-type":"","background-media":"","overlay-type":"","overlay-color":"","overlay-opacity":"","overlay-gradient":""},"tablet":{"background-color":"","background-image":"","background-repeat":"repeat","background-position":"center center","background-size":"auto","background-attachment":"scroll","background-type":"","background-media":"","overlay-type":"","overlay-color":"","overlay-opacity":"","overlay-gradient":""},"mobile":{"background-color":"","background-image":"","background-repeat":"repeat","background-position":"center center","background-size":"auto","background-attachment":"scroll","background-type":"","background-media":"","overlay-type":"","overlay-color":"","overlay-opacity":"","overlay-gradient":""}},"ast-content-background-meta":{"desktop":{"background-color":"var(--ast-global-color-5)","background-image":"","background-repeat":"repeat","background-position":"center center","background-size":"auto","background-attachment":"scroll","background-type":"","background-media":"","overlay-type":"","overlay-color":"","overlay-opacity":"","overlay-gradient":""},"tablet":{"background-color":"var(--ast-global-color-5)","background-image":"","background-repeat":"repeat","background-position":"center center","background-size":"auto","background-attachment":"scroll","background-type":"","background-media":"","overlay-type":"","overlay-color":"","overlay-opacity":"","overlay-gradient":""},"mobile":{"background-color":"var(--ast-global-color-5)","background-image":"","background-repeat":"repeat","background-position":"center center","background-size":"auto","background-attachment":"scroll","background-type":"","background-media":"","overlay-type":"","overlay-color":"","overlay-opacity":"","overlay-gradient":""}},"footnotes":""},"categories":[1,29,531],"tags":[],"class_list":["post-16138","post","type-post","status-publish","format-standard","has-post-thumbnail","hentry","category-general","category-portada","category-telegram"],"post_mailing_queue_ids":[],"_links":{"self":[{"href":"https:\/\/serveiseducatius.xtec.cat\/vallesoccidental6\/wp-json\/wp\/v2\/posts\/16138","targetHints":{"allow":["GET"]}}],"collection":[{"href":"https:\/\/serveiseducatius.xtec.cat\/vallesoccidental6\/wp-json\/wp\/v2\/posts"}],"about":[{"href":"https:\/\/serveiseducatius.xtec.cat\/vallesoccidental6\/wp-json\/wp\/v2\/types\/post"}],"author":[{"embeddable":true,"href":"https:\/\/serveiseducatius.xtec.cat\/vallesoccidental6\/wp-json\/wp\/v2\/users\/1"}],"replies":[{"embeddable":true,"href":"https:\/\/serveiseducatius.xtec.cat\/vallesoccidental6\/wp-json\/wp\/v2\/comments?post=16138"}],"version-history":[{"count":1,"href":"https:\/\/serveiseducatius.xtec.cat\/vallesoccidental6\/wp-json\/wp\/v2\/posts\/16138\/revisions"}],"predecessor-version":[{"id":16140,"href":"https:\/\/serveiseducatius.xtec.cat\/vallesoccidental6\/wp-json\/wp\/v2\/posts\/16138\/revisions\/16140"}],"wp:featuredmedia":[{"embeddable":true,"href":"https:\/\/serveiseducatius.xtec.cat\/vallesoccidental6\/wp-json\/wp\/v2\/media\/16139"}],"wp:attachment":[{"href":"https:\/\/serveiseducatius.xtec.cat\/vallesoccidental6\/wp-json\/wp\/v2\/media?parent=16138"}],"wp:term":[{"taxonomy":"category","embeddable":true,"href":"https:\/\/serveiseducatius.xtec.cat\/vallesoccidental6\/wp-json\/wp\/v2\/categories?post=16138"},{"taxonomy":"post_tag","embeddable":true,"href":"https:\/\/serveiseducatius.xtec.cat\/vallesoccidental6\/wp-json\/wp\/v2\/tags?post=16138"}],"curies":[{"name":"wp","href":"https:\/\/api.w.org\/{rel}","templated":true}]}}