{"id":16103,"date":"2024-05-10T12:19:55","date_gmt":"2024-05-10T10:19:55","guid":{"rendered":"https:\/\/serveiseducatius.xtec.cat\/vallesoccidental6\/?p=16103"},"modified":"2024-05-08T14:37:07","modified_gmt":"2024-05-08T12:37:07","slug":"estrategies-per-a-les-families-per-afavorir-el-llenguatge-i-la-comunicacio-oral-dels-infants-signes-dalerta","status":"publish","type":"post","link":"https:\/\/serveiseducatius.xtec.cat\/vallesoccidental6\/general\/estrategies-per-a-les-families-per-afavorir-el-llenguatge-i-la-comunicacio-oral-dels-infants-signes-dalerta\/","title":{"rendered":"Estrat\u00e8gies per a les fam\u00edlies per afavorir el llenguatge i la comunicaci\u00f3 oral dels infants, signes d\u2019alerta"},"content":{"rendered":"<p>La detecci\u00f3 preco\u00e7 dels problemes d\u2019aprenentatge, de la comunicaci\u00f3 i del llenguatge, en edats molt primerenques, \u00e9s una pr\u00e0ctica educativa fonamental per al desenvolupament harm\u00f2nic dels infants, donat que permet detectar les necessitats espec\u00edfiques de l\u2019alumnat, prioritzar les intervencions i minimitzar les repercussions a nivell personal, acad\u00e8mic i social que se\u2019n puguin derivar.<\/p>\n<p>El programa de Cooperaci\u00f3 Territorial d\u2019Educaci\u00f3 Inclusiva t\u00e9 com a finalitat incrementar la provisi\u00f3 de recursos especialitzats que atenguin la diversitat de l\u2019alumnat i optimitzar-ne l\u2019organitzaci\u00f3, impulsar la detecci\u00f3 i intervenci\u00f3 precoces i potenciar el paper central de les fam\u00edlies en les etapes inicials del proc\u00e9s educatiu.<\/p>\n<p>\u00c9s per aix\u00f2 que presentem la INFOGRAFIA\u00a0<a href=\"https:\/\/projectes.xtec.cat\/educacioinclusiva\/wp-content\/uploads\/usu2065\/2024\/05\/INFOGRAFIA_Comunicacio-Oral-Estrategies-Signes-Alerta-pdf-020524.pdf\" target=\"_blank\" rel=\"noopener\">Estrat\u00e8gies per afavorir el llenguatge i la comunicaci\u00f3 oral dels infants, signes d\u2019alerta,<\/a>\u00a0adre\u00e7ada a les fam\u00edlies\u00a0de l\u2019alumnat d\u2019Educaci\u00f3 Infantil.<\/p>\n<p>Les fam\u00edlies i els centres educatius han de cooperar estretament en l\u2019educaci\u00f3 dels infants, en un exercici de corresponsabilitat, coher\u00e8ncia i comprom\u00eds com\u00fa, per contribuir al seu benestar i creixement integral.<a href=\"https:\/\/serveiseducatius.xtec.cat\/vallesoccidental6\/?attachment_id=16104\" rel=\"attachment wp-att-16104\"><img loading=\"lazy\" decoding=\"async\" class=\"aligncenter size-full wp-image-16104\" src=\"https:\/\/serveiseducatius.xtec.cat\/vallesoccidental6\/wp-content\/uploads\/usu1109\/2024\/05\/INFOGRAFIA_Comunicacio-Oral-Estrategies-Signes-Alerta-pdf-020524-410x1024-1.jpg\" alt=\"\" width=\"410\" height=\"1024\" srcset=\"https:\/\/serveiseducatius.xtec.cat\/vallesoccidental6\/wp-content\/uploads\/usu1109\/2024\/05\/INFOGRAFIA_Comunicacio-Oral-Estrategies-Signes-Alerta-pdf-020524-410x1024-1.jpg 410w, https:\/\/serveiseducatius.xtec.cat\/vallesoccidental6\/wp-content\/uploads\/usu1109\/2024\/05\/INFOGRAFIA_Comunicacio-Oral-Estrategies-Signes-Alerta-pdf-020524-410x1024-1-120x300.jpg 120w\" sizes=\"auto, (max-width: 410px) 100vw, 410px\" \/><\/a><\/p>\n","protected":false},"excerpt":{"rendered":"<p>El programa de Cooperaci\u00f3 Territorial d\u2019Educaci\u00f3 Inclusiva t\u00e9 com a finalitat incrementar la provisi\u00f3 de recursos especialitzats que atenguin la diversitat de l\u2019alumnat i optimitzar-ne l\u2019organitzaci\u00f3, impulsar la detecci\u00f3 i intervenci\u00f3 precoces i potenciar el paper central de les fam\u00edlies en les etapes inicials del proc\u00e9s educatiu.<\/p>\n","protected":false},"author":1,"featured_media":16105,"comment_status":"closed","ping_status":"closed","sticky":false,"template":"","format":"standard","meta":{"_bbp_topic_count":0,"_bbp_reply_count":0,"_bbp_total_topic_count":0,"_bbp_total_reply_count":0,"_bbp_voice_count":0,"_bbp_anonymous_reply_count":0,"_bbp_topic_count_hidden":0,"_bbp_reply_count_hidden":0,"_bbp_forum_subforum_count":0,"site-sidebar-layout":"default","site-content-layout":"","ast-site-content-layout":"","site-content-style":"default","site-sidebar-style":"default","ast-global-header-display":"","ast-banner-title-visibility":"","ast-main-header-display":"","ast-hfb-above-header-display":"","ast-hfb-below-header-display":"","ast-hfb-mobile-header-display":"","site-post-title":"","ast-breadcrumbs-content":"","ast-featured-img":"","footer-sml-layout":"","theme-transparent-header-meta":"","adv-header-id-meta":"","stick-header-meta":"","header-above-stick-meta":"","header-main-stick-meta":"","header-below-stick-meta":"","astra-migrate-meta-layouts":"default","ast-page-background-enabled":"default","ast-page-background-meta":{"desktop":{"background-color":"var(--ast-global-color-4)","background-image":"","background-repeat":"repeat","background-position":"center center","background-size":"auto","background-attachment":"scroll","background-type":"","background-media":"","overlay-type":"","overlay-color":"","overlay-opacity":"","overlay-gradient":""},"tablet":{"background-color":"","background-image":"","background-repeat":"repeat","background-position":"center center","background-size":"auto","background-attachment":"scroll","background-type":"","background-media":"","overlay-type":"","overlay-color":"","overlay-opacity":"","overlay-gradient":""},"mobile":{"background-color":"","background-image":"","background-repeat":"repeat","background-position":"center center","background-size":"auto","background-attachment":"scroll","background-type":"","background-media":"","overlay-type":"","overlay-color":"","overlay-opacity":"","overlay-gradient":""}},"ast-content-background-meta":{"desktop":{"background-color":"var(--ast-global-color-5)","background-image":"","background-repeat":"repeat","background-position":"center center","background-size":"auto","background-attachment":"scroll","background-type":"","background-media":"","overlay-type":"","overlay-color":"","overlay-opacity":"","overlay-gradient":""},"tablet":{"background-color":"var(--ast-global-color-5)","background-image":"","background-repeat":"repeat","background-position":"center center","background-size":"auto","background-attachment":"scroll","background-type":"","background-media":"","overlay-type":"","overlay-color":"","overlay-opacity":"","overlay-gradient":""},"mobile":{"background-color":"var(--ast-global-color-5)","background-image":"","background-repeat":"repeat","background-position":"center center","background-size":"auto","background-attachment":"scroll","background-type":"","background-media":"","overlay-type":"","overlay-color":"","overlay-opacity":"","overlay-gradient":""}},"footnotes":""},"categories":[1,29,531],"tags":[],"class_list":["post-16103","post","type-post","status-publish","format-standard","has-post-thumbnail","hentry","category-general","category-portada","category-telegram"],"post_mailing_queue_ids":[],"_links":{"self":[{"href":"https:\/\/serveiseducatius.xtec.cat\/vallesoccidental6\/wp-json\/wp\/v2\/posts\/16103","targetHints":{"allow":["GET"]}}],"collection":[{"href":"https:\/\/serveiseducatius.xtec.cat\/vallesoccidental6\/wp-json\/wp\/v2\/posts"}],"about":[{"href":"https:\/\/serveiseducatius.xtec.cat\/vallesoccidental6\/wp-json\/wp\/v2\/types\/post"}],"author":[{"embeddable":true,"href":"https:\/\/serveiseducatius.xtec.cat\/vallesoccidental6\/wp-json\/wp\/v2\/users\/1"}],"replies":[{"embeddable":true,"href":"https:\/\/serveiseducatius.xtec.cat\/vallesoccidental6\/wp-json\/wp\/v2\/comments?post=16103"}],"version-history":[{"count":1,"href":"https:\/\/serveiseducatius.xtec.cat\/vallesoccidental6\/wp-json\/wp\/v2\/posts\/16103\/revisions"}],"predecessor-version":[{"id":16106,"href":"https:\/\/serveiseducatius.xtec.cat\/vallesoccidental6\/wp-json\/wp\/v2\/posts\/16103\/revisions\/16106"}],"wp:featuredmedia":[{"embeddable":true,"href":"https:\/\/serveiseducatius.xtec.cat\/vallesoccidental6\/wp-json\/wp\/v2\/media\/16105"}],"wp:attachment":[{"href":"https:\/\/serveiseducatius.xtec.cat\/vallesoccidental6\/wp-json\/wp\/v2\/media?parent=16103"}],"wp:term":[{"taxonomy":"category","embeddable":true,"href":"https:\/\/serveiseducatius.xtec.cat\/vallesoccidental6\/wp-json\/wp\/v2\/categories?post=16103"},{"taxonomy":"post_tag","embeddable":true,"href":"https:\/\/serveiseducatius.xtec.cat\/vallesoccidental6\/wp-json\/wp\/v2\/tags?post=16103"}],"curies":[{"name":"wp","href":"https:\/\/api.w.org\/{rel}","templated":true}]}}