{"id":15783,"date":"2023-11-08T13:51:55","date_gmt":"2023-11-08T12:51:55","guid":{"rendered":"https:\/\/serveiseducatius.xtec.cat\/vallesoccidental6\/?p=15783"},"modified":"2023-11-08T13:51:55","modified_gmt":"2023-11-08T12:51:55","slug":"nova-publicacio-sobre-latencio-educativa-a-tot-lalumnat-en-el-marc-dun-sistema-educatiu-inclusiu","status":"publish","type":"post","link":"https:\/\/serveiseducatius.xtec.cat\/vallesoccidental6\/general\/nova-publicacio-sobre-latencio-educativa-a-tot-lalumnat-en-el-marc-dun-sistema-educatiu-inclusiu\/","title":{"rendered":"Nova publicaci\u00f3 sobre l\u2019atenci\u00f3 educativa a tot l\u2019alumnat en el marc d\u2019un sistema educatiu inclusiu"},"content":{"rendered":"<p><a href=\"https:\/\/educacio.gencat.cat\/ca\/departament\/publicacions\/colleccions\/inclusio\/mesures-suports-universals-centre-educatiu\/\"><img loading=\"lazy\" decoding=\"async\" class=\"size-full wp-image-15784 alignleft\" src=\"https:\/\/serveiseducatius.xtec.cat\/vallesoccidental6\/wp-content\/uploads\/usu1109\/2023\/11\/Document-MISU-220x300-1.jpg\" alt=\"\" width=\"220\" height=\"300\" \/><\/a>Ja tenim aqu\u00ed el\u00a0<a href=\"https:\/\/educacio.gencat.cat\/ca\/departament\/publicacions\/colleccions\/inclusio\/mesures-suports-universals-centre-educatiu\/\" target=\"_blank\" rel=\"noopener\"><strong>nou document d\u2019orientaci\u00f3 per a la planificaci\u00f3 i implementaci\u00f3 de les mesures i suports universals en el centre educatiu.<\/strong><\/a>\u00a0Aquest document \u00e9s una eina per a la millora de l\u2019atenci\u00f3 educativa a tot l\u2019alumnat en el marc de l\u2019escola inclusiva.<\/p>\n<p>Les mesures i els suports universals<strong>\u00a0s\u2019adrecen a tot l\u2019alumnat\u00a0<\/strong>i poden ser aplicats per a tots els professionals del centre, liderats per l\u2019equip directiu i coordinats per l\u2019equip docent, amb la implicaci\u00f3 de tota la comunitat educativa.<\/p>\n<p>El document contempla diverses opcions per ajustar-se a les necessitats de la persona lectora. La lectura acurada de tot el document, seguint l\u2019ordre dels diversos apartats correlativament, facilita el coneixement de la normativa i afavoreix fer-se una representaci\u00f3 dels principis conceptuals que sustenten l\u2019atenci\u00f3 educativa en el marc d\u2019un sistema educatiu inclusiu. Al mateix temps, \u00e9s possible accedir directament als diferents apartats o tamb\u00e9, al final del document, consultar el quadre-llista de les mesures i suports universals amb els enlla\u00e7os per accedir a la informaci\u00f3.<\/p>\n<p>Les mesures i suports universals, descrits en els diferents apartats d\u2019aquest document, no es poden entendre de manera a\u00efllada o fragmentada at\u00e8s el seu car\u00e0cter transversal i universal.<\/p>\n","protected":false},"excerpt":{"rendered":"<p>Ja tenim aqu\u00ed el\u00a0nou document d\u2019orientaci\u00f3 per a la planificaci\u00f3 i implementaci\u00f3 de les mesures i suports universals en el centre educatiu.\u00a0Aquest document \u00e9s una eina per a la millora de l\u2019atenci\u00f3 educativa a tot l\u2019alumnat en el marc de l\u2019escola inclusiva.<\/p>\n","protected":false},"author":1,"featured_media":15784,"comment_status":"closed","ping_status":"closed","sticky":false,"template":"","format":"standard","meta":{"_bbp_topic_count":0,"_bbp_reply_count":0,"_bbp_total_topic_count":0,"_bbp_total_reply_count":0,"_bbp_voice_count":0,"_bbp_anonymous_reply_count":0,"_bbp_topic_count_hidden":0,"_bbp_reply_count_hidden":0,"_bbp_forum_subforum_count":0,"site-sidebar-layout":"default","site-content-layout":"","ast-site-content-layout":"","site-content-style":"default","site-sidebar-style":"default","ast-global-header-display":"","ast-banner-title-visibility":"","ast-main-header-display":"","ast-hfb-above-header-display":"","ast-hfb-below-header-display":"","ast-hfb-mobile-header-display":"","site-post-title":"","ast-breadcrumbs-content":"","ast-featured-img":"","footer-sml-layout":"","theme-transparent-header-meta":"","adv-header-id-meta":"","stick-header-meta":"","header-above-stick-meta":"","header-main-stick-meta":"","header-below-stick-meta":"","astra-migrate-meta-layouts":"default","ast-page-background-enabled":"default","ast-page-background-meta":{"desktop":{"background-color":"var(--ast-global-color-4)","background-image":"","background-repeat":"repeat","background-position":"center center","background-size":"auto","background-attachment":"scroll","background-type":"","background-media":"","overlay-type":"","overlay-color":"","overlay-opacity":"","overlay-gradient":""},"tablet":{"background-color":"","background-image":"","background-repeat":"repeat","background-position":"center center","background-size":"auto","background-attachment":"scroll","background-type":"","background-media":"","overlay-type":"","overlay-color":"","overlay-opacity":"","overlay-gradient":""},"mobile":{"background-color":"","background-image":"","background-repeat":"repeat","background-position":"center center","background-size":"auto","background-attachment":"scroll","background-type":"","background-media":"","overlay-type":"","overlay-color":"","overlay-opacity":"","overlay-gradient":""}},"ast-content-background-meta":{"desktop":{"background-color":"var(--ast-global-color-5)","background-image":"","background-repeat":"repeat","background-position":"center center","background-size":"auto","background-attachment":"scroll","background-type":"","background-media":"","overlay-type":"","overlay-color":"","overlay-opacity":"","overlay-gradient":""},"tablet":{"background-color":"var(--ast-global-color-5)","background-image":"","background-repeat":"repeat","background-position":"center center","background-size":"auto","background-attachment":"scroll","background-type":"","background-media":"","overlay-type":"","overlay-color":"","overlay-opacity":"","overlay-gradient":""},"mobile":{"background-color":"var(--ast-global-color-5)","background-image":"","background-repeat":"repeat","background-position":"center center","background-size":"auto","background-attachment":"scroll","background-type":"","background-media":"","overlay-type":"","overlay-color":"","overlay-opacity":"","overlay-gradient":""}},"footnotes":""},"categories":[1,29,531],"tags":[],"class_list":["post-15783","post","type-post","status-publish","format-standard","has-post-thumbnail","hentry","category-general","category-portada","category-telegram"],"post_mailing_queue_ids":[],"_links":{"self":[{"href":"https:\/\/serveiseducatius.xtec.cat\/vallesoccidental6\/wp-json\/wp\/v2\/posts\/15783","targetHints":{"allow":["GET"]}}],"collection":[{"href":"https:\/\/serveiseducatius.xtec.cat\/vallesoccidental6\/wp-json\/wp\/v2\/posts"}],"about":[{"href":"https:\/\/serveiseducatius.xtec.cat\/vallesoccidental6\/wp-json\/wp\/v2\/types\/post"}],"author":[{"embeddable":true,"href":"https:\/\/serveiseducatius.xtec.cat\/vallesoccidental6\/wp-json\/wp\/v2\/users\/1"}],"replies":[{"embeddable":true,"href":"https:\/\/serveiseducatius.xtec.cat\/vallesoccidental6\/wp-json\/wp\/v2\/comments?post=15783"}],"version-history":[{"count":1,"href":"https:\/\/serveiseducatius.xtec.cat\/vallesoccidental6\/wp-json\/wp\/v2\/posts\/15783\/revisions"}],"predecessor-version":[{"id":15785,"href":"https:\/\/serveiseducatius.xtec.cat\/vallesoccidental6\/wp-json\/wp\/v2\/posts\/15783\/revisions\/15785"}],"wp:featuredmedia":[{"embeddable":true,"href":"https:\/\/serveiseducatius.xtec.cat\/vallesoccidental6\/wp-json\/wp\/v2\/media\/15784"}],"wp:attachment":[{"href":"https:\/\/serveiseducatius.xtec.cat\/vallesoccidental6\/wp-json\/wp\/v2\/media?parent=15783"}],"wp:term":[{"taxonomy":"category","embeddable":true,"href":"https:\/\/serveiseducatius.xtec.cat\/vallesoccidental6\/wp-json\/wp\/v2\/categories?post=15783"},{"taxonomy":"post_tag","embeddable":true,"href":"https:\/\/serveiseducatius.xtec.cat\/vallesoccidental6\/wp-json\/wp\/v2\/tags?post=15783"}],"curies":[{"name":"wp","href":"https:\/\/api.w.org\/{rel}","templated":true}]}}