{"id":15347,"date":"2023-02-20T12:24:36","date_gmt":"2023-02-20T11:24:36","guid":{"rendered":"https:\/\/serveiseducatius.xtec.cat\/vallesoccidental6\/?p=15347"},"modified":"2023-02-16T12:25:46","modified_gmt":"2023-02-16T11:25:46","slug":"millor-projecte-educatiu-en-mobilitat-segura-i-saludable-16a-edicio-de-joves-i-mobilitat","status":"publish","type":"post","link":"https:\/\/serveiseducatius.xtec.cat\/vallesoccidental6\/general\/millor-projecte-educatiu-en-mobilitat-segura-i-saludable-16a-edicio-de-joves-i-mobilitat\/","title":{"rendered":"Millor projecte educatiu en mobilitat segura i saludable \u2013 #16a edici\u00f3 de Joves i Mobilitat"},"content":{"rendered":"<p><img loading=\"lazy\" decoding=\"async\" class=\"size-medium wp-image-18666 alignleft\" src=\"https:\/\/serveiseducatius.xtec.cat\/vallesoriental4\/wp-content\/uploads\/usu1133\/2023\/02\/unnamed-4-300x214.jpg\" sizes=\"auto, (max-width: 300px) 100vw, 300px\" srcset=\"https:\/\/serveiseducatius.xtec.cat\/vallesoriental4\/wp-content\/uploads\/usu1133\/2023\/02\/unnamed-4-300x214.jpg 300w, https:\/\/serveiseducatius.xtec.cat\/vallesoriental4\/wp-content\/uploads\/usu1133\/2023\/02\/unnamed-4-1024x732.jpg 1024w, https:\/\/serveiseducatius.xtec.cat\/vallesoriental4\/wp-content\/uploads\/usu1133\/2023\/02\/unnamed-4-768x549.jpg 768w, https:\/\/serveiseducatius.xtec.cat\/vallesoriental4\/wp-content\/uploads\/usu1133\/2023\/02\/unnamed-4-1536x1098.jpg 1536w, https:\/\/serveiseducatius.xtec.cat\/vallesoriental4\/wp-content\/uploads\/usu1133\/2023\/02\/unnamed-4.jpg 1968w\" alt=\"\" width=\"300\" height=\"214\" \/><\/p>\n<h6><strong>CONCURS EDUCATIU\u00a0\u00a0<\/strong><strong>JOVES I MOBILITAT\u00a0<\/strong><\/h6>\n<p><strong>#16a EDICI\u00d3<\/strong><\/p>\n<p>Les bicicletes, els \u00a0joves i les noves mobilitats<\/p>\n<h6><strong>PREMI PER A CENTRES DOCENTS<\/strong><\/h6>\n<p>Millor projecte educatiu en mobilitat segura i sostenible<\/p>\n<h6><strong>RECONEIXEMENT A UNA TASCA<\/strong><\/h6>\n<p>L\u2019objectiu d\u2019aquest guard\u00f3 de Joves i Mobilitat \u00e9s destacar alguna acci\u00f3, projecte o activitat desenvolupada pels centres escolars a l\u2019\u00e0mbit de la mobilitat i la seguretat vi\u00e0ria.<\/p>\n<p>La idea central d\u2019aquesta nova categoria del concurs \u00e9s posar en valor i donar rellev\u00e0ncia i notorietat a les activitats que ja es realitzen regularment durant el curs escolar.<\/p>\n<h6><strong>QU\u00c8 CAL FER?<\/strong><\/h6>\n<p>Per avaluar l\u2019activitat duta a terme en un centre, caldr\u00e0 que es registri a\u00a0<a href=\"https:\/\/r.nicnacmail.com\/mk\/cl\/f\/xKd3dtns6xzLvYnuUg5IwuIKldvdaw9IbBRfWtC7D8vnSUcjiiKch4a-rGUGLjbXFDmCG2MJSndvBVoVTpA9IaoLABN320tTgF8PmJfiEm49tmmscx_geg7Ex_CXl-oVBhmbya0eacmXoVIoJGs5DhSY_560kxywae_EV5cohhfVCHmefYtxzw7w_1XQxxjK2vEEWGE\" data-saferedirecturl=\"https:\/\/www.google.com\/url?q=https:\/\/r.nicnacmail.com\/mk\/cl\/f\/xKd3dtns6xzLvYnuUg5IwuIKldvdaw9IbBRfWtC7D8vnSUcjiiKch4a-rGUGLjbXFDmCG2MJSndvBVoVTpA9IaoLABN320tTgF8PmJfiEm49tmmscx_geg7Ex_CXl-oVBhmbya0eacmXoVIoJGs5DhSY_560kxywae_EV5cohhfVCHmefYtxzw7w_1XQxxjK2vEEWGE&amp;source=gmail&amp;ust=1676453222386000&amp;usg=AOvVaw0ha8wPVoe2BcBR7iVGYo8W\">www.jovesimobilitat.cat<\/a>\u00a0una mem\u00f2ria del projecte desenvolupat durant aquest curs, amb el suport fotogr\u00e0fic i\/o audiovisual de la mateixa.<\/p>\n<p>La informaci\u00f3 que ha de contenir aquesta mem\u00f2ria, aix\u00ed com els criteris d\u2019avaluaci\u00f3 i els recursos disponibles es poden trobar a\u00a0<a href=\"https:\/\/r.nicnacmail.com\/mk\/cl\/f\/EzlEHo-bdQZAWRhguBEji1LZKssr6NG0zLCGrR_4fP43sbsnppkg7yXsGSwcLobJpkOJ_QPdyK978noh9jPgIvAPRqqNCM6YhwOWMvQ0dsbyWRfyXp5_xRCP2_wiF1MtZe827OHsdBWvL9gjQCe5dy6YTuidotEqR55IujHBBGg6-91X8GKTwV0VJ7Xmvt7XlqKWIeM\" data-saferedirecturl=\"https:\/\/www.google.com\/url?q=https:\/\/r.nicnacmail.com\/mk\/cl\/f\/EzlEHo-bdQZAWRhguBEji1LZKssr6NG0zLCGrR_4fP43sbsnppkg7yXsGSwcLobJpkOJ_QPdyK978noh9jPgIvAPRqqNCM6YhwOWMvQ0dsbyWRfyXp5_xRCP2_wiF1MtZe827OHsdBWvL9gjQCe5dy6YTuidotEqR55IujHBBGg6-91X8GKTwV0VJ7Xmvt7XlqKWIeM&amp;source=gmail&amp;ust=1676453222386000&amp;usg=AOvVaw19fb2nitwVi-KWb0iJFHmY\">www.jovesimobilitat.cat<\/a><\/p>\n<h6><strong>CALENDARI<\/strong><\/h6>\n<p>La data l\u00edmit per presentar les mem\u00f2ries \u00e9s el 16 d\u2019abril de 2023<\/p>\n<p><strong><a class=\"m_5394832602588068125r32-r m_5394832602588068125default-button\" href=\"https:\/\/r.nicnacmail.com\/mk\/cl\/f\/tSq28cnJYyUFMyhpfe-uH4F9bGL_zzaZuAymd6H2SWN8KMZGbCSmKMSpecQD-PCjmC6_sT19m7SgbIfkIi9YUR2Wc6eujKsnd-TByluFakEaCggbujZRIClznA-4Y-pDZRaT9AZYrit2kEXBn0Xly7bMe53LR6QRNy8u7DrRz1WrgU9CBq_AW0kV2oHZz-Kg335qmoc\" target=\"_blank\" rel=\"noopener\" data-saferedirecturl=\"https:\/\/www.google.com\/url?q=https:\/\/r.nicnacmail.com\/mk\/cl\/f\/tSq28cnJYyUFMyhpfe-uH4F9bGL_zzaZuAymd6H2SWN8KMZGbCSmKMSpecQD-PCjmC6_sT19m7SgbIfkIi9YUR2Wc6eujKsnd-TByluFakEaCggbujZRIClznA-4Y-pDZRaT9AZYrit2kEXBn0Xly7bMe53LR6QRNy8u7DrRz1WrgU9CBq_AW0kV2oHZz-Kg335qmoc&amp;source=gmail&amp;ust=1676453222387000&amp;usg=AOvVaw3BFkRag6HHi6BLIyx9LVCB\">M\u00e9s informaci\u00f3<\/a><\/strong><\/p>\n<p><img loading=\"lazy\" decoding=\"async\" class=\"size-medium wp-image-18667 alignleft\" src=\"https:\/\/serveiseducatius.xtec.cat\/vallesoriental4\/wp-content\/uploads\/usu1133\/2023\/02\/unnamed-3-300x110.png\" sizes=\"auto, (max-width: 300px) 100vw, 300px\" srcset=\"https:\/\/serveiseducatius.xtec.cat\/vallesoriental4\/wp-content\/uploads\/usu1133\/2023\/02\/unnamed-3-300x110.png 300w, https:\/\/serveiseducatius.xtec.cat\/vallesoriental4\/wp-content\/uploads\/usu1133\/2023\/02\/unnamed-3.png 400w\" alt=\"\" width=\"300\" height=\"110\" \/><\/p>\n<p>&nbsp;<\/p>\n<p>&nbsp;<\/p>\n<div class=\"addtoany_share_save_container addtoany_content addtoany_content_bottom\">\n<div class=\"a2a_kit a2a_kit_size_25 addtoany_list\" data-a2a-url=\"https:\/\/serveiseducatius.xtec.cat\/vallesoriental4\/general\/millor-projecte-educatiu-en-mobilitat-segura-i-saludable-16a-edicio-de-joves-i-mobilitat\/\" data-a2a-title=\"Millor projecte educatiu en mobilitat segura i saludable \u2013 #16a edici\u00f3 de Joves i Mobilitat\"><a class=\"a2a_button_facebook\" title=\"Facebook\" href=\"https:\/\/serveiseducatius.xtec.cat\/#facebook\" target=\"_blank\" rel=\"nofollow noopener\"><span class=\"a2a_label\">Facebook<\/span><\/a><a class=\"a2a_button_twitter\" title=\"Twitter\" href=\"https:\/\/serveiseducatius.xtec.cat\/#twitter\" target=\"_blank\" rel=\"nofollow noopener\"><span class=\"a2a_label\">Twitter<\/span><\/a><a class=\"a2a_button_whatsapp\" title=\"WhatsApp\" href=\"https:\/\/serveiseducatius.xtec.cat\/#whatsapp\" target=\"_blank\" rel=\"nofollow noopener\"><span class=\"a2a_label\">WhatsApp<\/span><\/a><a class=\"a2a_button_google_gmail\" title=\"Gmail\" href=\"https:\/\/serveiseducatius.xtec.cat\/#google_gmail\" target=\"_blank\" rel=\"nofollow noopener\"><span class=\"a2a_label\">Gmail<\/span><\/a><\/div>\n<\/div>\n","protected":false},"excerpt":{"rendered":"<p>L\u2019objectiu d\u2019aquest guard\u00f3 de Joves i Mobilitat \u00e9s destacar alguna acci\u00f3, projecte o activitat desenvolupada pels centres escolars a l\u2019\u00e0mbit de la mobilitat i la seguretat vi\u00e0ria.<\/p>\n<p>La idea central d\u2019aquesta nova categoria del concurs \u00e9s posar en valor i donar rellev\u00e0ncia i notorietat a les activitats que ja es realitzen regularment durant el curs escolar.<\/p>\n","protected":false},"author":1,"featured_media":15348,"comment_status":"closed","ping_status":"closed","sticky":false,"template":"","format":"standard","meta":{"_bbp_topic_count":0,"_bbp_reply_count":0,"_bbp_total_topic_count":0,"_bbp_total_reply_count":0,"_bbp_voice_count":0,"_bbp_anonymous_reply_count":0,"_bbp_topic_count_hidden":0,"_bbp_reply_count_hidden":0,"_bbp_forum_subforum_count":0,"site-sidebar-layout":"default","site-content-layout":"","ast-site-content-layout":"","site-content-style":"default","site-sidebar-style":"default","ast-global-header-display":"","ast-banner-title-visibility":"","ast-main-header-display":"","ast-hfb-above-header-display":"","ast-hfb-below-header-display":"","ast-hfb-mobile-header-display":"","site-post-title":"","ast-breadcrumbs-content":"","ast-featured-img":"","footer-sml-layout":"","theme-transparent-header-meta":"","adv-header-id-meta":"","stick-header-meta":"","header-above-stick-meta":"","header-main-stick-meta":"","header-below-stick-meta":"","astra-migrate-meta-layouts":"default","ast-page-background-enabled":"default","ast-page-background-meta":{"desktop":{"background-color":"var(--ast-global-color-4)","background-image":"","background-repeat":"repeat","background-position":"center center","background-size":"auto","background-attachment":"scroll","background-type":"","background-media":"","overlay-type":"","overlay-color":"","overlay-opacity":"","overlay-gradient":""},"tablet":{"background-color":"","background-image":"","background-repeat":"repeat","background-position":"center center","background-size":"auto","background-attachment":"scroll","background-type":"","background-media":"","overlay-type":"","overlay-color":"","overlay-opacity":"","overlay-gradient":""},"mobile":{"background-color":"","background-image":"","background-repeat":"repeat","background-position":"center center","background-size":"auto","background-attachment":"scroll","background-type":"","background-media":"","overlay-type":"","overlay-color":"","overlay-opacity":"","overlay-gradient":""}},"ast-content-background-meta":{"desktop":{"background-color":"var(--ast-global-color-5)","background-image":"","background-repeat":"repeat","background-position":"center center","background-size":"auto","background-attachment":"scroll","background-type":"","background-media":"","overlay-type":"","overlay-color":"","overlay-opacity":"","overlay-gradient":""},"tablet":{"background-color":"var(--ast-global-color-5)","background-image":"","background-repeat":"repeat","background-position":"center center","background-size":"auto","background-attachment":"scroll","background-type":"","background-media":"","overlay-type":"","overlay-color":"","overlay-opacity":"","overlay-gradient":""},"mobile":{"background-color":"var(--ast-global-color-5)","background-image":"","background-repeat":"repeat","background-position":"center center","background-size":"auto","background-attachment":"scroll","background-type":"","background-media":"","overlay-type":"","overlay-color":"","overlay-opacity":"","overlay-gradient":""}},"footnotes":""},"categories":[1,29,531],"tags":[],"class_list":["post-15347","post","type-post","status-publish","format-standard","has-post-thumbnail","hentry","category-general","category-portada","category-telegram"],"post_mailing_queue_ids":[],"_links":{"self":[{"href":"https:\/\/serveiseducatius.xtec.cat\/vallesoccidental6\/wp-json\/wp\/v2\/posts\/15347","targetHints":{"allow":["GET"]}}],"collection":[{"href":"https:\/\/serveiseducatius.xtec.cat\/vallesoccidental6\/wp-json\/wp\/v2\/posts"}],"about":[{"href":"https:\/\/serveiseducatius.xtec.cat\/vallesoccidental6\/wp-json\/wp\/v2\/types\/post"}],"author":[{"embeddable":true,"href":"https:\/\/serveiseducatius.xtec.cat\/vallesoccidental6\/wp-json\/wp\/v2\/users\/1"}],"replies":[{"embeddable":true,"href":"https:\/\/serveiseducatius.xtec.cat\/vallesoccidental6\/wp-json\/wp\/v2\/comments?post=15347"}],"version-history":[{"count":1,"href":"https:\/\/serveiseducatius.xtec.cat\/vallesoccidental6\/wp-json\/wp\/v2\/posts\/15347\/revisions"}],"predecessor-version":[{"id":15349,"href":"https:\/\/serveiseducatius.xtec.cat\/vallesoccidental6\/wp-json\/wp\/v2\/posts\/15347\/revisions\/15349"}],"wp:featuredmedia":[{"embeddable":true,"href":"https:\/\/serveiseducatius.xtec.cat\/vallesoccidental6\/wp-json\/wp\/v2\/media\/15348"}],"wp:attachment":[{"href":"https:\/\/serveiseducatius.xtec.cat\/vallesoccidental6\/wp-json\/wp\/v2\/media?parent=15347"}],"wp:term":[{"taxonomy":"category","embeddable":true,"href":"https:\/\/serveiseducatius.xtec.cat\/vallesoccidental6\/wp-json\/wp\/v2\/categories?post=15347"},{"taxonomy":"post_tag","embeddable":true,"href":"https:\/\/serveiseducatius.xtec.cat\/vallesoccidental6\/wp-json\/wp\/v2\/tags?post=15347"}],"curies":[{"name":"wp","href":"https:\/\/api.w.org\/{rel}","templated":true}]}}