{"id":15344,"date":"2023-02-17T12:20:33","date_gmt":"2023-02-17T11:20:33","guid":{"rendered":"https:\/\/serveiseducatius.xtec.cat\/vallesoccidental6\/?p=15344"},"modified":"2023-02-16T12:23:15","modified_gmt":"2023-02-16T11:23:15","slug":"conferencia-de-jaume-funes-fer-se-preguntes-i-descobrir-els-altres-escola-ciencia-i-etica","status":"publish","type":"post","link":"https:\/\/serveiseducatius.xtec.cat\/vallesoccidental6\/general\/conferencia-de-jaume-funes-fer-se-preguntes-i-descobrir-els-altres-escola-ciencia-i-etica\/","title":{"rendered":"Confer\u00e8ncia de Jaume Funes: &#8220;Fer-se preguntes i descobrir els altres. Escola, ci\u00e8ncia i \u00e8tica&#8221;"},"content":{"rendered":"<p><strong>Confer\u00e8ncia de\u00a0Jaume Funes: \u201cFer-se preguntes i descobrir els altres. Escola, ci\u00e8ncia i \u00e8tica\u201d<\/strong><\/p>\n<p><img loading=\"lazy\" decoding=\"async\" class=\"size-medium wp-image-18670 aligncenter\" src=\"https:\/\/serveiseducatius.xtec.cat\/vallesoriental4\/wp-content\/uploads\/usu1133\/2023\/02\/unnamed-11-300x204.jpg\" sizes=\"auto, (max-width: 300px) 100vw, 300px\" srcset=\"https:\/\/serveiseducatius.xtec.cat\/vallesoriental4\/wp-content\/uploads\/usu1133\/2023\/02\/unnamed-11-300x204.jpg 300w, https:\/\/serveiseducatius.xtec.cat\/vallesoriental4\/wp-content\/uploads\/usu1133\/2023\/02\/unnamed-11-768x521.jpg 768w, https:\/\/serveiseducatius.xtec.cat\/vallesoriental4\/wp-content\/uploads\/usu1133\/2023\/02\/unnamed-11.jpg 794w\" alt=\"\" width=\"300\" height=\"204\" \/><\/p>\n<table border=\"0\" width=\"100%\" cellspacing=\"0\" cellpadding=\"0\" align=\"center\">\n<tbody>\n<tr>\n<td>\n<div style=\"text-align: center;\"><strong>27 de febrer a les 18:00h al Palau Macaya de Barcelona.<\/strong><\/div>\n<\/td>\n<\/tr>\n<\/tbody>\n<\/table>\n<p style=\"text-align: center;\"><strong>Jaume Funes<\/strong>, psic\u00f2leg, educador i periodista, impartir\u00e0 la confer\u00e8ncia \u201c<strong>Fer-se preguntes i descobrir els altres. Escola, ci\u00e8ncia i \u00e8tica<\/strong>\u201d en l\u2019acte de lliurament de premis \u00c8tica i Ci\u00e8ncia de la Fundaci\u00f3 V\u00edctor Gr\u00edfols i Lucas.<\/p>\n<p>La xerrada parlar\u00e0 de com els infants i els adolescents poden\u00a0<strong>transformar la seva curiositat en preguntes i aprendre a trobar les respostes<\/strong>. El seu discurs tractar\u00e0 tamb\u00e9 el paper que l\u2019escola juga en aquest proc\u00e9s i com el pensament cient\u00edfic pot ajudar a\u00a0<strong>entendre el m\u00f3n<\/strong>.<\/p>\n<p>Despr\u00e9s de la seva confer\u00e8ncia, es procedir\u00e0 a<strong>\u00a0lliurar els Premis \u00c8tica i Ci\u00e8ncia\u00a0<\/strong>per a centres educatius<strong>.<\/strong>\u00a0Els tres projectes guanyadors no es desvetllaran fins el dia l\u2019acte.<\/p>\n<p>En acabar farem un\u00a0brindis amb els premiats.<\/p>\n<p><strong>27 de febrer a les 18h<br \/>\nPalau Macaya<br \/>\nPg. de Sant Joan, 108, 08037 Barcelona<\/strong><\/p>\n<table align=\"center\" bgcolor=\" #1a4386\">\n<tbody>\n<tr>\n<td><strong><a href=\"https:\/\/www.email-index.com\/click.php?L=QuLvHN6a892E3BVTu892q892ppYg&amp;J=7AQvCfCBKmLUsp6B08922VwA&amp;C=IW8922x4oemKuxFirhjTcVGQ&amp;F=HKFRcCbcnmxmc4f43DJP5g\" target=\"_blank\" rel=\"noopener\" data-saferedirecturl=\"https:\/\/www.google.com\/url?q=https:\/\/www.email-index.com\/click.php?L%3DQuLvHN6a892E3BVTu892q892ppYg%26J%3D7AQvCfCBKmLUsp6B08922VwA%26C%3DIW8922x4oemKuxFirhjTcVGQ%26F%3DHKFRcCbcnmxmc4f43DJP5g&amp;source=gmail&amp;ust=1676457991037000&amp;usg=AOvVaw3_7-0kCMtTQyb8Q-2zfNBX\">Inscripcions aqu\u00ed!<\/a><\/strong><\/td>\n<\/tr>\n<\/tbody>\n<\/table>\n<p><img loading=\"lazy\" decoding=\"async\" class=\"size-medium wp-image-18671 aligncenter\" src=\"https:\/\/serveiseducatius.xtec.cat\/vallesoriental4\/wp-content\/uploads\/usu1133\/2023\/02\/unnamed-4-300x91.png\" sizes=\"auto, (max-width: 300px) 100vw, 300px\" srcset=\"https:\/\/serveiseducatius.xtec.cat\/vallesoriental4\/wp-content\/uploads\/usu1133\/2023\/02\/unnamed-4-300x91.png 300w, https:\/\/serveiseducatius.xtec.cat\/vallesoriental4\/wp-content\/uploads\/usu1133\/2023\/02\/unnamed-4.png 580w\" alt=\"\" width=\"300\" height=\"91\" \/><\/p>\n<div class=\"addtoany_share_save_container addtoany_content addtoany_content_bottom\">\n<div class=\"a2a_kit a2a_kit_size_25 addtoany_list\" data-a2a-url=\"https:\/\/serveiseducatius.xtec.cat\/vallesoriental4\/portada\/27-02-conferencia-sobre-educacio-amb-jaume-funes\/\" data-a2a-title=\"27\/02: Confer\u00e8ncia sobre educaci\u00f3 amb Jaume Funes\"><\/div>\n<\/div>\n","protected":false},"excerpt":{"rendered":"<p>La xerrada parlar\u00e0 de com els infants i els adolescents poden\u00a0transformar la seva curiositat en preguntes i aprendre a trobar les respostes. El seu discurs tractar\u00e0 tamb\u00e9 el paper que l\u2019escola juga en aquest proc\u00e9s i com el pensament cient\u00edfic pot ajudar a\u00a0entendre el m\u00f3n.<\/p>\n","protected":false},"author":1,"featured_media":15345,"comment_status":"closed","ping_status":"closed","sticky":false,"template":"","format":"standard","meta":{"_bbp_topic_count":0,"_bbp_reply_count":0,"_bbp_total_topic_count":0,"_bbp_total_reply_count":0,"_bbp_voice_count":0,"_bbp_anonymous_reply_count":0,"_bbp_topic_count_hidden":0,"_bbp_reply_count_hidden":0,"_bbp_forum_subforum_count":0,"site-sidebar-layout":"default","site-content-layout":"","ast-site-content-layout":"","site-content-style":"default","site-sidebar-style":"default","ast-global-header-display":"","ast-banner-title-visibility":"","ast-main-header-display":"","ast-hfb-above-header-display":"","ast-hfb-below-header-display":"","ast-hfb-mobile-header-display":"","site-post-title":"","ast-breadcrumbs-content":"","ast-featured-img":"","footer-sml-layout":"","theme-transparent-header-meta":"","adv-header-id-meta":"","stick-header-meta":"","header-above-stick-meta":"","header-main-stick-meta":"","header-below-stick-meta":"","astra-migrate-meta-layouts":"default","ast-page-background-enabled":"default","ast-page-background-meta":{"desktop":{"background-color":"var(--ast-global-color-4)","background-image":"","background-repeat":"repeat","background-position":"center center","background-size":"auto","background-attachment":"scroll","background-type":"","background-media":"","overlay-type":"","overlay-color":"","overlay-opacity":"","overlay-gradient":""},"tablet":{"background-color":"","background-image":"","background-repeat":"repeat","background-position":"center center","background-size":"auto","background-attachment":"scroll","background-type":"","background-media":"","overlay-type":"","overlay-color":"","overlay-opacity":"","overlay-gradient":""},"mobile":{"background-color":"","background-image":"","background-repeat":"repeat","background-position":"center center","background-size":"auto","background-attachment":"scroll","background-type":"","background-media":"","overlay-type":"","overlay-color":"","overlay-opacity":"","overlay-gradient":""}},"ast-content-background-meta":{"desktop":{"background-color":"var(--ast-global-color-5)","background-image":"","background-repeat":"repeat","background-position":"center center","background-size":"auto","background-attachment":"scroll","background-type":"","background-media":"","overlay-type":"","overlay-color":"","overlay-opacity":"","overlay-gradient":""},"tablet":{"background-color":"var(--ast-global-color-5)","background-image":"","background-repeat":"repeat","background-position":"center center","background-size":"auto","background-attachment":"scroll","background-type":"","background-media":"","overlay-type":"","overlay-color":"","overlay-opacity":"","overlay-gradient":""},"mobile":{"background-color":"var(--ast-global-color-5)","background-image":"","background-repeat":"repeat","background-position":"center center","background-size":"auto","background-attachment":"scroll","background-type":"","background-media":"","overlay-type":"","overlay-color":"","overlay-opacity":"","overlay-gradient":""}},"footnotes":""},"categories":[1,480,29,531],"tags":[],"class_list":["post-15344","post","type-post","status-publish","format-standard","has-post-thumbnail","hentry","category-general","category-jornades","category-portada","category-telegram"],"post_mailing_queue_ids":[],"_links":{"self":[{"href":"https:\/\/serveiseducatius.xtec.cat\/vallesoccidental6\/wp-json\/wp\/v2\/posts\/15344","targetHints":{"allow":["GET"]}}],"collection":[{"href":"https:\/\/serveiseducatius.xtec.cat\/vallesoccidental6\/wp-json\/wp\/v2\/posts"}],"about":[{"href":"https:\/\/serveiseducatius.xtec.cat\/vallesoccidental6\/wp-json\/wp\/v2\/types\/post"}],"author":[{"embeddable":true,"href":"https:\/\/serveiseducatius.xtec.cat\/vallesoccidental6\/wp-json\/wp\/v2\/users\/1"}],"replies":[{"embeddable":true,"href":"https:\/\/serveiseducatius.xtec.cat\/vallesoccidental6\/wp-json\/wp\/v2\/comments?post=15344"}],"version-history":[{"count":1,"href":"https:\/\/serveiseducatius.xtec.cat\/vallesoccidental6\/wp-json\/wp\/v2\/posts\/15344\/revisions"}],"predecessor-version":[{"id":15346,"href":"https:\/\/serveiseducatius.xtec.cat\/vallesoccidental6\/wp-json\/wp\/v2\/posts\/15344\/revisions\/15346"}],"wp:featuredmedia":[{"embeddable":true,"href":"https:\/\/serveiseducatius.xtec.cat\/vallesoccidental6\/wp-json\/wp\/v2\/media\/15345"}],"wp:attachment":[{"href":"https:\/\/serveiseducatius.xtec.cat\/vallesoccidental6\/wp-json\/wp\/v2\/media?parent=15344"}],"wp:term":[{"taxonomy":"category","embeddable":true,"href":"https:\/\/serveiseducatius.xtec.cat\/vallesoccidental6\/wp-json\/wp\/v2\/categories?post=15344"},{"taxonomy":"post_tag","embeddable":true,"href":"https:\/\/serveiseducatius.xtec.cat\/vallesoccidental6\/wp-json\/wp\/v2\/tags?post=15344"}],"curies":[{"name":"wp","href":"https:\/\/api.w.org\/{rel}","templated":true}]}}