{"id":15235,"date":"2023-01-13T11:25:35","date_gmt":"2023-01-13T10:25:35","guid":{"rendered":"https:\/\/serveiseducatius.xtec.cat\/vallesoccidental6\/?p=15235"},"modified":"2023-01-10T12:30:01","modified_gmt":"2023-01-10T11:30:01","slug":"oberta-la-inscripcio-a-les-conferencies-sobre-cultura-gitana-russa-ucrainesa-i-xinesa","status":"publish","type":"post","link":"https:\/\/serveiseducatius.xtec.cat\/vallesoccidental6\/general\/oberta-la-inscripcio-a-les-conferencies-sobre-cultura-gitana-russa-ucrainesa-i-xinesa\/","title":{"rendered":"Oberta la inscripci\u00f3 a les confer\u00e8ncies sobre cultura gitana, russa, ucra\u00efnesa i xinesa"},"content":{"rendered":"<p style=\"font-weight: 400;\"><img loading=\"lazy\" decoding=\"async\" class=\" wp-image-15236 alignleft\" src=\"https:\/\/serveiseducatius.xtec.cat\/vallesoccidental6\/wp-content\/uploads\/usu1109\/2023\/01\/colors-Photo-by-Krzysztof-Biernat.png\" alt=\"\" width=\"569\" height=\"377\" srcset=\"https:\/\/serveiseducatius.xtec.cat\/vallesoccidental6\/wp-content\/uploads\/usu1109\/2023\/01\/colors-Photo-by-Krzysztof-Biernat.png 984w, https:\/\/serveiseducatius.xtec.cat\/vallesoccidental6\/wp-content\/uploads\/usu1109\/2023\/01\/colors-Photo-by-Krzysztof-Biernat-300x199.png 300w, https:\/\/serveiseducatius.xtec.cat\/vallesoccidental6\/wp-content\/uploads\/usu1109\/2023\/01\/colors-Photo-by-Krzysztof-Biernat-768x509.png 768w\" sizes=\"auto, (max-width: 569px) 100vw, 569px\" \/>Us informem que en el marc de la formaci\u00f3 adre\u00e7ada a CLIC i tutors i tutores d&#8217;aula d&#8217;acollida, enguany s&#8217;han organitzat conjunt de confer\u00e8ncies pel que fa cultura gitana, russa, ucra\u00efnesa i xinesa.<\/p>\n<p style=\"font-weight: 400;\">Les confer\u00e8ncies s\u00f3n en format telem\u00e0tic i per assistir-hi cal fer la inscripci\u00f3. Totes les inscripcions estan obertes del 07\/01\/2023 al 17\/01\/2023.<\/p>\n<p style=\"font-weight: 400;\"><strong>4024261402\u00a0\u00a0<\/strong><strong><a href=\"https:\/\/aplicacions.gestioeducativa.gencat.cat\/pls\/soloas\/pk_for_mod_ins.p_for_detall_activitat?p_header=Llista%20d%27activitats%5Epk_for_mod_ins.p_for_cons_activitats?p_crp=402%26p_any=2022-2023%26p_totes=S%26p_inici=1%26p_excloure_crp_rec=F&amp;p_codi=4024261402&amp;p_curs=2022-2023&amp;p_excloure_crp_rec=F\" data-saferedirecturl=\"https:\/\/www.google.com\/url?q=https:\/\/aplicacions.gestioeducativa.gencat.cat\/pls\/soloas\/pk_for_mod_ins.p_for_detall_activitat?p_header%3DLlista%2520d%2527activitats%255Epk_for_mod_ins.p_for_cons_activitats?p_crp%3D402%2526p_any%3D2022-2023%2526p_totes%3DS%2526p_inici%3D1%2526p_excloure_crp_rec%3DF%26p_codi%3D4024261402%26p_curs%3D2022-2023%26p_excloure_crp_rec%3DF&amp;source=gmail&amp;ust=1673421401562000&amp;usg=AOvVaw0oggKDGKdVhmq-xshZ4xcr\">Constru\u00efm ponts. Coneixent el poble gitano<\/a><\/strong><\/p>\n<p style=\"font-weight: 400;\"><strong>El 16\/1\/2023 ( 2 hores ) de 15:30h a 17:30h.\u00a0<\/strong><strong>Confer\u00e8ncia adre\u00e7ada a CLIC i a TIS (aquesta confer\u00e8ncia no s\u2019adre\u00e7a a tutors i tutores d&#8217;aula d&#8217;acollida)<\/strong><\/p>\n<p style=\"font-weight: 400;\"><u>Descripci\u00f3<\/u><\/p>\n<p style=\"font-weight: 400;\"><em>Sessi\u00f3 formativa que t\u00e9 com a objectiu principal contribuir a la construcci\u00f3 de ponts d&#8217;entesa entre l&#8217;escola i les fam\u00edlies i l&#8217;alumnat gitano, de tal manera de poder afavorir el seu creixement personal i promoci\u00f3 educativa, perqu\u00e8 aquest jovent pugui tenir el m\u00e0xim d&#8217;oportunitats i una millor qualitat de vida.<\/em><\/p>\n<p><em>La sessi\u00f3 ser\u00e0 en format online, i tindr\u00e0 una part expositiva, una part de debat i una altra, de presentaci\u00f3 de pr\u00e0ctiques inspiradores de suport educatiu i acompanyament als NNA gitanos i a les seves fam\u00edlies.<\/em><\/p>\n<p style=\"font-weight: 400;\"><strong>4003030542\u00a0 \u00a0\u00a0<a href=\"https:\/\/aplicacions.gestioeducativa.gencat.cat\/pls\/soloas\/pk_for_mod_ins.p_for_cons_activitats?p_any=2022-2023&amp;p_codi=4003030542\" data-saferedirecturl=\"https:\/\/www.google.com\/url?q=https:\/\/aplicacions.gestioeducativa.gencat.cat\/pls\/soloas\/pk_for_mod_ins.p_for_cons_activitats?p_any%3D2022-2023%26p_codi%3D4003030542&amp;source=gmail&amp;ust=1673421401562000&amp;usg=AOvVaw1B43APpM0IU2jqcCfuyvri\">L\u2019alumnat ucra\u00efn\u00e8s i rus en el context actual<\/a><\/strong><\/p>\n<p style=\"font-weight: 400;\"><strong>El 7\/2\/2023 (2 hores) de 15:30h a 17:30h.\u00a0<\/strong><strong>Confer\u00e8ncia adre\u00e7ada als CLIC i Tutors d\u2019aula d\u2019acollida.<\/strong><\/p>\n<p style=\"font-weight: 400;\"><u>Descripci\u00f3<\/u><\/p>\n<p style=\"font-weight: 400;\"><em>Els assistents tindran l&#8217;oportunitat de con\u00e8ixer els or\u00edgens de les cultures i de les lleng\u00fces russa i ucra\u00efnesa, com tamb\u00e9 costums d\u2019aquests pobles en l&#8217;\u00e0mbit dom\u00e8stic i educatiu. Coneixeran algunes particularitats de les lleng\u00fces eslaves que poden facilitar o, pel contrari, dificultar l\u2019adquisici\u00f3 de catal\u00e0.<\/em><\/p>\n<p style=\"font-weight: 400;\"><em><u>Objectius<\/u><\/em><\/p>\n<p style=\"font-weight: 400;\"><em>Con\u00e8ixer les bases de les cultures i lleng\u00fces russa i ucra\u00efnesa, entendre els or\u00edgens de les seves similituds i difer\u00e8ncies.<\/em><\/p>\n<p style=\"font-weight: 400;\"><em>La import\u00e0ncia de la identitat cultural i la llengua\u00a0 pr\u00f2pies per a les persones immigrades.<\/em><\/p>\n<p style=\"font-weight: 400;\"><em>Potenciar l\u2019empatia envers les persones for\u00e7ades a despla\u00e7ar-se a causa de for\u00e7a major i que aspiren a una integraci\u00f3 a Catalunya.<\/em><\/p>\n<p style=\"font-weight: 400;\"><em>Facilitar un recull d\u2019eines i\/o activitats adre\u00e7ades a la inclusi\u00f3 de l\u2019alumnat dins i fora de l\u2019aula.<\/em><\/p>\n<p style=\"font-weight: 400;\"><strong>4003020542 \u00a0\u00a0<a href=\"https:\/\/aplicacions.gestioeducativa.gencat.cat\/pls\/soloas\/pk_for_mod_ins.p_for_cons_activitats?p_any=2022-2023&amp;p_codi=4003020542\" data-saferedirecturl=\"https:\/\/www.google.com\/url?q=https:\/\/aplicacions.gestioeducativa.gencat.cat\/pls\/soloas\/pk_for_mod_ins.p_for_cons_activitats?p_any%3D2022-2023%26p_codi%3D4003020542&amp;source=gmail&amp;ust=1673421401562000&amp;usg=AOvVaw2ZW0nEHc8AuGdKBR9CmVdi\">La cultura xinesa: qu\u00e8 hem de saber per millorar l\u2019\u00e8xit educatiu de l\u2019alumnat d\u2019origen xin\u00e8s<\/a><\/strong><\/p>\n<p style=\"font-weight: 400;\"><strong>El 9\/3\/2023 (2 hores) de 15:30h a 17:30h.\u00a0<\/strong><strong>Confer\u00e8ncia adre\u00e7ada als CLIC i Tutors d&#8217;aula d&#8217;acollida.<\/strong><\/p>\n<p style=\"font-weight: 400;\"><em><u>Descripci\u00f3<\/u><\/em><\/p>\n<p style=\"font-weight: 400;\"><em>Confer\u00e8ncia que pret\u00e9n donar a con\u00e8ixer les caracter\u00edstiques i necessitats espec\u00edfiques de l&#8217;aprenentatge de la llengua catalana des de la perspectiva de l\u2019aprenent xin\u00e8s.<\/em><\/p>\n<p style=\"font-weight: 400;\"><em><u>Objectius<\/u><\/em><\/p>\n<p style=\"font-weight: 400;\"><em>Con\u00e8ixer la identitat i els perfils generals i t\u00edpics dels aprenents de la llengua catalana de proced\u00e8ncia xinesa.<\/em><\/p>\n<p style=\"font-weight: 400;\"><em>Comparaci\u00f3 de les caracter\u00edstiques fonamentals del xin\u00e8s est\u00e0ndard (mandar\u00ed\/putonghu\u00e0) i el catal\u00e0<\/em><\/p>\n<p style=\"font-weight: 400;\"><em>Con\u00e8ixer el model d\u2019aprenentatge dels alumnes xinesos i les estrat\u00e8gies did\u00e0ctiques adequades per a aquesta comunitat.<\/em><\/p>\n<p style=\"font-weight: 400;\"><em>Reflexionar la viabilitat i efic\u00e0cia dels materials did\u00e0ctiques actuals per a l&#8217;aprenentatge dels alumnes d&#8217;origen xin\u00e8s.<\/em><\/p>\n<p style=\"font-weight: 400;\"><em>Presentar pautes, estrat\u00e8gies i bones pr\u00e0ctiques dins i fora de l\u2019aula per facilitar l&#8217;aprenentatge dels aprenents de proced\u00e8ncia xinesa.<\/em><\/p>\n<pre><em>Foto by Krzysztof Biernat<\/em><\/pre>\n","protected":false},"excerpt":{"rendered":"<p>Us informem que en el marc de la formaci\u00f3 adre\u00e7ada a CLIC i tutors i tutores d&#8217;aula d&#8217;acollida, enguany s&#8217;han organitzat conjunt de confer\u00e8ncies pel que fa cultura gitana, russa, ucra\u00efnesa i xinesa.<\/p>\n<p>Les confer\u00e8ncies s\u00f3n en format telem\u00e0tic i per assistir-hi cal fer la inscripci\u00f3. Totes les inscripcions estan obertes del 07\/01\/2023 al 17\/01\/2023.<\/p>\n","protected":false},"author":1,"featured_media":15236,"comment_status":"closed","ping_status":"closed","sticky":false,"template":"","format":"standard","meta":{"_bbp_topic_count":0,"_bbp_reply_count":0,"_bbp_total_topic_count":0,"_bbp_total_reply_count":0,"_bbp_voice_count":0,"_bbp_anonymous_reply_count":0,"_bbp_topic_count_hidden":0,"_bbp_reply_count_hidden":0,"_bbp_forum_subforum_count":0,"site-sidebar-layout":"default","site-content-layout":"","ast-site-content-layout":"","site-content-style":"default","site-sidebar-style":"default","ast-global-header-display":"","ast-banner-title-visibility":"","ast-main-header-display":"","ast-hfb-above-header-display":"","ast-hfb-below-header-display":"","ast-hfb-mobile-header-display":"","site-post-title":"","ast-breadcrumbs-content":"","ast-featured-img":"","footer-sml-layout":"","theme-transparent-header-meta":"","adv-header-id-meta":"","stick-header-meta":"","header-above-stick-meta":"","header-main-stick-meta":"","header-below-stick-meta":"","astra-migrate-meta-layouts":"default","ast-page-background-enabled":"default","ast-page-background-meta":{"desktop":{"background-color":"var(--ast-global-color-4)","background-image":"","background-repeat":"repeat","background-position":"center center","background-size":"auto","background-attachment":"scroll","background-type":"","background-media":"","overlay-type":"","overlay-color":"","overlay-opacity":"","overlay-gradient":""},"tablet":{"background-color":"","background-image":"","background-repeat":"repeat","background-position":"center center","background-size":"auto","background-attachment":"scroll","background-type":"","background-media":"","overlay-type":"","overlay-color":"","overlay-opacity":"","overlay-gradient":""},"mobile":{"background-color":"","background-image":"","background-repeat":"repeat","background-position":"center center","background-size":"auto","background-attachment":"scroll","background-type":"","background-media":"","overlay-type":"","overlay-color":"","overlay-opacity":"","overlay-gradient":""}},"ast-content-background-meta":{"desktop":{"background-color":"var(--ast-global-color-5)","background-image":"","background-repeat":"repeat","background-position":"center center","background-size":"auto","background-attachment":"scroll","background-type":"","background-media":"","overlay-type":"","overlay-color":"","overlay-opacity":"","overlay-gradient":""},"tablet":{"background-color":"var(--ast-global-color-5)","background-image":"","background-repeat":"repeat","background-position":"center center","background-size":"auto","background-attachment":"scroll","background-type":"","background-media":"","overlay-type":"","overlay-color":"","overlay-opacity":"","overlay-gradient":""},"mobile":{"background-color":"var(--ast-global-color-5)","background-image":"","background-repeat":"repeat","background-position":"center center","background-size":"auto","background-attachment":"scroll","background-type":"","background-media":"","overlay-type":"","overlay-color":"","overlay-opacity":"","overlay-gradient":""}},"footnotes":""},"categories":[1],"tags":[],"class_list":["post-15235","post","type-post","status-publish","format-standard","has-post-thumbnail","hentry","category-general"],"post_mailing_queue_ids":[],"_links":{"self":[{"href":"https:\/\/serveiseducatius.xtec.cat\/vallesoccidental6\/wp-json\/wp\/v2\/posts\/15235","targetHints":{"allow":["GET"]}}],"collection":[{"href":"https:\/\/serveiseducatius.xtec.cat\/vallesoccidental6\/wp-json\/wp\/v2\/posts"}],"about":[{"href":"https:\/\/serveiseducatius.xtec.cat\/vallesoccidental6\/wp-json\/wp\/v2\/types\/post"}],"author":[{"embeddable":true,"href":"https:\/\/serveiseducatius.xtec.cat\/vallesoccidental6\/wp-json\/wp\/v2\/users\/1"}],"replies":[{"embeddable":true,"href":"https:\/\/serveiseducatius.xtec.cat\/vallesoccidental6\/wp-json\/wp\/v2\/comments?post=15235"}],"version-history":[{"count":1,"href":"https:\/\/serveiseducatius.xtec.cat\/vallesoccidental6\/wp-json\/wp\/v2\/posts\/15235\/revisions"}],"predecessor-version":[{"id":15237,"href":"https:\/\/serveiseducatius.xtec.cat\/vallesoccidental6\/wp-json\/wp\/v2\/posts\/15235\/revisions\/15237"}],"wp:featuredmedia":[{"embeddable":true,"href":"https:\/\/serveiseducatius.xtec.cat\/vallesoccidental6\/wp-json\/wp\/v2\/media\/15236"}],"wp:attachment":[{"href":"https:\/\/serveiseducatius.xtec.cat\/vallesoccidental6\/wp-json\/wp\/v2\/media?parent=15235"}],"wp:term":[{"taxonomy":"category","embeddable":true,"href":"https:\/\/serveiseducatius.xtec.cat\/vallesoccidental6\/wp-json\/wp\/v2\/categories?post=15235"},{"taxonomy":"post_tag","embeddable":true,"href":"https:\/\/serveiseducatius.xtec.cat\/vallesoccidental6\/wp-json\/wp\/v2\/tags?post=15235"}],"curies":[{"name":"wp","href":"https:\/\/api.w.org\/{rel}","templated":true}]}}