{"id":15228,"date":"2023-01-13T10:41:46","date_gmt":"2023-01-13T09:41:46","guid":{"rendered":"https:\/\/serveiseducatius.xtec.cat\/vallesoccidental6\/?p=15228"},"modified":"2023-01-10T11:25:26","modified_gmt":"2023-01-10T10:25:26","slug":"3-noves-guies-pedagogiques-i-experiencies-daula-deducacio-per-la-pau-i-la-justicia-global-des-del-pensament-critic","status":"publish","type":"post","link":"https:\/\/serveiseducatius.xtec.cat\/vallesoccidental6\/general\/3-noves-guies-pedagogiques-i-experiencies-daula-deducacio-per-la-pau-i-la-justicia-global-des-del-pensament-critic\/","title":{"rendered":"3 noves guies pedag\u00f2giques i experi\u00e8ncies d\u2019aula d\u2019educaci\u00f3 per la pau i la just\u00edcia global des del pensament cr\u00edtic"},"content":{"rendered":"<p><span style=\"font-family: inherit; font-size: 1em;\">Des de l\u2019<\/span><a style=\"font-family: inherit; font-size: 1em;\" href=\"https:\/\/escolapau.uab.cat\/ca\/inicio\/\" target=\"_blank\" rel=\"noopener\">Escola de Cultura de Pau de la UAB<\/a><span style=\"font-family: inherit; font-size: 1em;\">\u00a0han elaborat\u00a0<\/span><strong style=\"font-family: inherit; font-size: 1em;\">3 noves guies did\u00e0ctiques<\/strong><span style=\"font-family: inherit; font-size: 1em;\">, recollides en la col\u00b7lecci\u00f3 Experi\u00e8ncies de pensament cr\u00edtic, on expliquen <\/span><strong style=\"font-family: inherit; font-size: 1em;\">tres experi\u00e8ncies d\u2019educaci\u00f3 per la pau i la just\u00edcia global des del pensament cr\u00edtic a l\u2019aula<\/strong><span style=\"font-family: inherit; font-size: 1em;\">\u00a0realitzades el curs 2021-2022 i sistematitzades.<\/span><\/p>\n<p><a href=\"https:\/\/escolapau.uab.cat\/wp-content\/uploads\/2022\/12\/GUIA_Camvi_01.pdf\" target=\"_blank\" rel=\"noopener\">Conflictes armats i ecofeminisme. Guia pedag\u00f2gica i experi\u00e8ncia d\u2019aula<\/a>. Escola Torres Jonama.<\/p>\n<p><a href=\"https:\/\/escolapau.uab.cat\/wp-content\/uploads\/2022\/12\/GUIA_Camvi_02.pdf\" target=\"_blank\" rel=\"noopener\">La Gran Guerra. Conflictes armats i dimensi\u00f3 de g\u00e8nere en temps de pand\u00e8mia.\u00a0Guia pedag\u00f2gica i experi\u00e8ncia d\u2019aula<\/a>.\u00a0\u00a0INS Ca\u2019n Oriach.<\/p>\n<p><a href=\"https:\/\/escolapau.uab.cat\/wp-content\/uploads\/2022\/12\/GUIA_Camvi_03.pdf\" target=\"_blank\" rel=\"noopener\">Projecte Refugi. Conflictes armats, despla\u00e7ament for\u00e7at i pand\u00e8mia. Guia pedag\u00f2gica i experi\u00e8ncia d\u2019aula<\/a>. IE Sant Esteve.<\/p>\n<table style=\"border-collapse: collapse; width: 100%;\">\n<tbody>\n<tr>\n<td style=\"width: 33.3333%;\"><a href=\"https:\/\/escolapau.uab.cat\/wp-content\/uploads\/2022\/12\/GUIA_Camvi_01.pdf\" target=\"_blank\" rel=\"noopener\"><img loading=\"lazy\" decoding=\"async\" class=\"aligncenter wp-image-15232 size-large\" src=\"https:\/\/serveiseducatius.xtec.cat\/vallesoccidental6\/wp-content\/uploads\/usu1109\/2023\/01\/pau3-724x1024.png\" alt=\"\" width=\"724\" height=\"1024\" srcset=\"https:\/\/serveiseducatius.xtec.cat\/vallesoccidental6\/wp-content\/uploads\/usu1109\/2023\/01\/pau3-724x1024.png 724w, https:\/\/serveiseducatius.xtec.cat\/vallesoccidental6\/wp-content\/uploads\/usu1109\/2023\/01\/pau3-212x300.png 212w, https:\/\/serveiseducatius.xtec.cat\/vallesoccidental6\/wp-content\/uploads\/usu1109\/2023\/01\/pau3-768x1086.png 768w, https:\/\/serveiseducatius.xtec.cat\/vallesoccidental6\/wp-content\/uploads\/usu1109\/2023\/01\/pau3.png 905w\" sizes=\"auto, (max-width: 724px) 100vw, 724px\" \/><\/a><\/td>\n<td style=\"width: 33.3333%;\"><a href=\"https:\/\/escolapau.uab.cat\/wp-content\/uploads\/2022\/12\/GUIA_Camvi_02.pdf\" target=\"_blank\" rel=\"noopener\"><img loading=\"lazy\" decoding=\"async\" class=\"aligncenter wp-image-15230 size-large\" src=\"https:\/\/serveiseducatius.xtec.cat\/vallesoccidental6\/wp-content\/uploads\/usu1109\/2023\/01\/pau1-724x1024.png\" alt=\"\" width=\"724\" height=\"1024\" srcset=\"https:\/\/serveiseducatius.xtec.cat\/vallesoccidental6\/wp-content\/uploads\/usu1109\/2023\/01\/pau1-724x1024.png 724w, https:\/\/serveiseducatius.xtec.cat\/vallesoccidental6\/wp-content\/uploads\/usu1109\/2023\/01\/pau1-212x300.png 212w, https:\/\/serveiseducatius.xtec.cat\/vallesoccidental6\/wp-content\/uploads\/usu1109\/2023\/01\/pau1-768x1086.png 768w, https:\/\/serveiseducatius.xtec.cat\/vallesoccidental6\/wp-content\/uploads\/usu1109\/2023\/01\/pau1.png 905w\" sizes=\"auto, (max-width: 724px) 100vw, 724px\" \/><\/a><\/td>\n<td style=\"width: 33.3333%;\"><a href=\"https:\/\/escolapau.uab.cat\/wp-content\/uploads\/2022\/12\/GUIA_Camvi_03.pdf\" target=\"_blank\" rel=\"noopener\"><img loading=\"lazy\" decoding=\"async\" class=\"aligncenter wp-image-15231 size-large\" src=\"https:\/\/serveiseducatius.xtec.cat\/vallesoccidental6\/wp-content\/uploads\/usu1109\/2023\/01\/pau2-724x1024.png\" alt=\"\" width=\"724\" height=\"1024\" srcset=\"https:\/\/serveiseducatius.xtec.cat\/vallesoccidental6\/wp-content\/uploads\/usu1109\/2023\/01\/pau2-724x1024.png 724w, https:\/\/serveiseducatius.xtec.cat\/vallesoccidental6\/wp-content\/uploads\/usu1109\/2023\/01\/pau2-212x300.png 212w, https:\/\/serveiseducatius.xtec.cat\/vallesoccidental6\/wp-content\/uploads\/usu1109\/2023\/01\/pau2-768x1086.png 768w, https:\/\/serveiseducatius.xtec.cat\/vallesoccidental6\/wp-content\/uploads\/usu1109\/2023\/01\/pau2.png 905w\" sizes=\"auto, (max-width: 724px) 100vw, 724px\" \/><\/a><\/td>\n<\/tr>\n<\/tbody>\n<\/table>\n<div class=\"addtoany_share_save_container addtoany_content addtoany_content_bottom\">\n<div class=\"a2a_kit a2a_kit_size_25 addtoany_list\" data-a2a-url=\"https:\/\/serveiseducatius.xtec.cat\/lescorts\/portada\/3-noves-guies-pedagogiques-i-experiencies-daula-deducacio-per-la-pau-i-la-justicia-global-des-del-pensament-critic\/\" data-a2a-title=\"3 noves guies pedag\u00f2giques i experi\u00e8ncies d\u2019aula d\u2019educaci\u00f3 per la pau i la just\u00edcia global des del pensament cr\u00edtic\"><\/div>\n<\/div>\n","protected":false},"excerpt":{"rendered":"<p>Des de l\u2019Escola de Cultura de Pau de la UAB\u00a0han elaborat\u00a03 noves guies did\u00e0ctiques, recollides en la col\u00b7lecci\u00f3 Experi\u00e8ncies de pensament cr\u00edtic, on expliquen tres experi\u00e8ncies d\u2019educaci\u00f3 per la pau i la just\u00edcia global des del pensament cr\u00edtic a l\u2019aula\u00a0realitzades el curs 2021-2022 i sistematitzades. Valen molt la pena! <\/p>\n","protected":false},"author":1,"featured_media":15233,"comment_status":"closed","ping_status":"closed","sticky":false,"template":"","format":"standard","meta":{"_bbp_topic_count":0,"_bbp_reply_count":0,"_bbp_total_topic_count":0,"_bbp_total_reply_count":0,"_bbp_voice_count":0,"_bbp_anonymous_reply_count":0,"_bbp_topic_count_hidden":0,"_bbp_reply_count_hidden":0,"_bbp_forum_subforum_count":0,"site-sidebar-layout":"default","site-content-layout":"","ast-site-content-layout":"","site-content-style":"default","site-sidebar-style":"default","ast-global-header-display":"","ast-banner-title-visibility":"","ast-main-header-display":"","ast-hfb-above-header-display":"","ast-hfb-below-header-display":"","ast-hfb-mobile-header-display":"","site-post-title":"","ast-breadcrumbs-content":"","ast-featured-img":"","footer-sml-layout":"","theme-transparent-header-meta":"","adv-header-id-meta":"","stick-header-meta":"","header-above-stick-meta":"","header-main-stick-meta":"","header-below-stick-meta":"","astra-migrate-meta-layouts":"default","ast-page-background-enabled":"default","ast-page-background-meta":{"desktop":{"background-color":"var(--ast-global-color-4)","background-image":"","background-repeat":"repeat","background-position":"center center","background-size":"auto","background-attachment":"scroll","background-type":"","background-media":"","overlay-type":"","overlay-color":"","overlay-opacity":"","overlay-gradient":""},"tablet":{"background-color":"","background-image":"","background-repeat":"repeat","background-position":"center center","background-size":"auto","background-attachment":"scroll","background-type":"","background-media":"","overlay-type":"","overlay-color":"","overlay-opacity":"","overlay-gradient":""},"mobile":{"background-color":"","background-image":"","background-repeat":"repeat","background-position":"center center","background-size":"auto","background-attachment":"scroll","background-type":"","background-media":"","overlay-type":"","overlay-color":"","overlay-opacity":"","overlay-gradient":""}},"ast-content-background-meta":{"desktop":{"background-color":"var(--ast-global-color-5)","background-image":"","background-repeat":"repeat","background-position":"center center","background-size":"auto","background-attachment":"scroll","background-type":"","background-media":"","overlay-type":"","overlay-color":"","overlay-opacity":"","overlay-gradient":""},"tablet":{"background-color":"var(--ast-global-color-5)","background-image":"","background-repeat":"repeat","background-position":"center center","background-size":"auto","background-attachment":"scroll","background-type":"","background-media":"","overlay-type":"","overlay-color":"","overlay-opacity":"","overlay-gradient":""},"mobile":{"background-color":"var(--ast-global-color-5)","background-image":"","background-repeat":"repeat","background-position":"center center","background-size":"auto","background-attachment":"scroll","background-type":"","background-media":"","overlay-type":"","overlay-color":"","overlay-opacity":"","overlay-gradient":""}},"footnotes":""},"categories":[526,1,473,480,29],"tags":[],"class_list":["post-15228","post","type-post","status-publish","format-standard","has-post-thumbnail","hentry","category-articles","category-general","category-inclusio","category-jornades","category-portada"],"post_mailing_queue_ids":[],"_links":{"self":[{"href":"https:\/\/serveiseducatius.xtec.cat\/vallesoccidental6\/wp-json\/wp\/v2\/posts\/15228","targetHints":{"allow":["GET"]}}],"collection":[{"href":"https:\/\/serveiseducatius.xtec.cat\/vallesoccidental6\/wp-json\/wp\/v2\/posts"}],"about":[{"href":"https:\/\/serveiseducatius.xtec.cat\/vallesoccidental6\/wp-json\/wp\/v2\/types\/post"}],"author":[{"embeddable":true,"href":"https:\/\/serveiseducatius.xtec.cat\/vallesoccidental6\/wp-json\/wp\/v2\/users\/1"}],"replies":[{"embeddable":true,"href":"https:\/\/serveiseducatius.xtec.cat\/vallesoccidental6\/wp-json\/wp\/v2\/comments?post=15228"}],"version-history":[{"count":1,"href":"https:\/\/serveiseducatius.xtec.cat\/vallesoccidental6\/wp-json\/wp\/v2\/posts\/15228\/revisions"}],"predecessor-version":[{"id":15234,"href":"https:\/\/serveiseducatius.xtec.cat\/vallesoccidental6\/wp-json\/wp\/v2\/posts\/15228\/revisions\/15234"}],"wp:featuredmedia":[{"embeddable":true,"href":"https:\/\/serveiseducatius.xtec.cat\/vallesoccidental6\/wp-json\/wp\/v2\/media\/15233"}],"wp:attachment":[{"href":"https:\/\/serveiseducatius.xtec.cat\/vallesoccidental6\/wp-json\/wp\/v2\/media?parent=15228"}],"wp:term":[{"taxonomy":"category","embeddable":true,"href":"https:\/\/serveiseducatius.xtec.cat\/vallesoccidental6\/wp-json\/wp\/v2\/categories?post=15228"},{"taxonomy":"post_tag","embeddable":true,"href":"https:\/\/serveiseducatius.xtec.cat\/vallesoccidental6\/wp-json\/wp\/v2\/tags?post=15228"}],"curies":[{"name":"wp","href":"https:\/\/api.w.org\/{rel}","templated":true}]}}