{"id":15206,"date":"2022-12-20T10:30:26","date_gmt":"2022-12-20T09:30:26","guid":{"rendered":"https:\/\/serveiseducatius.xtec.cat\/vallesoccidental6\/?p=15206"},"modified":"2022-12-20T10:30:26","modified_gmt":"2022-12-20T09:30:26","slug":"xxi-premi-antoni-quintana-i-mari-2","status":"publish","type":"post","link":"https:\/\/serveiseducatius.xtec.cat\/vallesoccidental6\/general\/xxi-premi-antoni-quintana-i-mari-2\/","title":{"rendered":"XXI Premi Antoni Quintana i Mar\u00ed"},"content":{"rendered":"<p><a href=\"https:\/\/blogs.iec.cat\/schct\/xxi-premi-antoni-quintana-i-mari\/\"><img loading=\"lazy\" decoding=\"async\" class=\"size-full wp-image-15207 alignleft\" src=\"https:\/\/serveiseducatius.xtec.cat\/vallesoccidental6\/wp-content\/uploads\/usu1109\/2022\/12\/societat-catalana-historia-ciencia-tecnica.jpg\" alt=\"\" width=\"281\" height=\"166\" \/><\/a>Amb l\u2019objectiu de despertar l\u2019inter\u00e8s per l\u2019estudi i la recerca de la hist\u00f2ria de la ci\u00e8ncia i de la t\u00e8cnica entre els estudiants d\u2019ensenyament secundari, l<span lang=\"CA\">a Societat Catalana d\u2019Hist\u00f2ria de la Ci\u00e8ncia i de la T\u00e8cnica (SCHCT)\u00a0convoca el proper any el\u00a0<b>XXII Premi Antoni Quintana i Mar\u00ed<\/b>, per a treballs de recerca d\u2019estudiants d\u2019ensenyament secundari obligatori i postobligatori.<\/span><\/p>\n<p>Podeu consultar les bases del premi de l\u2019edici\u00f3 XXI\u00a0<a href=\"https:\/\/blogs.iec.cat\/schct\/xxi-premi-antoni-quintana-i-mari\/\">en aquest enlla\u00e7<\/a><\/p>\n<p>Enguany els treballs guanyadors han estat:<\/p>\n<p><strong>\u2013 Categoria de secund\u00e0ria obligat\u00f2ria: \u00abLa tercera expedici\u00f3. La mesura del meridi\u00e0\u00bb de: Marc Bisquert F\u00edgols, Laura Pasqual Palencia, Jos\u00e9 David Romero i Joana Segarra Mart\u00ednez (IES Antoni Llid\u00f3 de X\u00e0bia).<\/strong><\/p>\n<p><strong>\u2013 Categoria de secund\u00e0ria post obligat\u00f2ria: \u00abTrementinaires. Unes dones avan\u00e7ades al seu temps\u00bb de l\u2019autora Judit Pou Molas (Institut Jaume Call\u00eds de Vic).<\/strong><\/p>\n<p>El termini de presentaci\u00f3 dels treballs ser\u00e0 mitjans de<b>\u00a0setembre de 2023<\/b>, la data exacta de termini i el formulari per lliurar els treballs es faran p\u00fablics a finals d\u2019abril.<\/p>\n","protected":false},"excerpt":{"rendered":"<p>Amb l\u2019objectiu de despertar l\u2019inter\u00e8s per l\u2019estudi i la recerca de la hist\u00f2ria de la ci\u00e8ncia i de la t\u00e8cnica entre els estudiants d\u2019ensenyament secundari, la Societat Catalana d\u2019Hist\u00f2ria de la Ci\u00e8ncia i de la T\u00e8cnica (SCHCT)\u00a0convoca el proper any el\u00a0XXII Premi Antoni Quintana i Mar\u00ed, per a treballs de recerca d\u2019estudiants d\u2019ensenyament secundari obligatori i postobligatori.<\/p>\n","protected":false},"author":1,"featured_media":15207,"comment_status":"closed","ping_status":"closed","sticky":false,"template":"","format":"standard","meta":{"_bbp_topic_count":0,"_bbp_reply_count":0,"_bbp_total_topic_count":0,"_bbp_total_reply_count":0,"_bbp_voice_count":0,"_bbp_anonymous_reply_count":0,"_bbp_topic_count_hidden":0,"_bbp_reply_count_hidden":0,"_bbp_forum_subforum_count":0,"site-sidebar-layout":"default","site-content-layout":"","ast-site-content-layout":"","site-content-style":"default","site-sidebar-style":"default","ast-global-header-display":"","ast-banner-title-visibility":"","ast-main-header-display":"","ast-hfb-above-header-display":"","ast-hfb-below-header-display":"","ast-hfb-mobile-header-display":"","site-post-title":"","ast-breadcrumbs-content":"","ast-featured-img":"","footer-sml-layout":"","theme-transparent-header-meta":"","adv-header-id-meta":"","stick-header-meta":"","header-above-stick-meta":"","header-main-stick-meta":"","header-below-stick-meta":"","astra-migrate-meta-layouts":"default","ast-page-background-enabled":"default","ast-page-background-meta":{"desktop":{"background-color":"var(--ast-global-color-4)","background-image":"","background-repeat":"repeat","background-position":"center center","background-size":"auto","background-attachment":"scroll","background-type":"","background-media":"","overlay-type":"","overlay-color":"","overlay-opacity":"","overlay-gradient":""},"tablet":{"background-color":"","background-image":"","background-repeat":"repeat","background-position":"center center","background-size":"auto","background-attachment":"scroll","background-type":"","background-media":"","overlay-type":"","overlay-color":"","overlay-opacity":"","overlay-gradient":""},"mobile":{"background-color":"","background-image":"","background-repeat":"repeat","background-position":"center center","background-size":"auto","background-attachment":"scroll","background-type":"","background-media":"","overlay-type":"","overlay-color":"","overlay-opacity":"","overlay-gradient":""}},"ast-content-background-meta":{"desktop":{"background-color":"var(--ast-global-color-5)","background-image":"","background-repeat":"repeat","background-position":"center center","background-size":"auto","background-attachment":"scroll","background-type":"","background-media":"","overlay-type":"","overlay-color":"","overlay-opacity":"","overlay-gradient":""},"tablet":{"background-color":"var(--ast-global-color-5)","background-image":"","background-repeat":"repeat","background-position":"center center","background-size":"auto","background-attachment":"scroll","background-type":"","background-media":"","overlay-type":"","overlay-color":"","overlay-opacity":"","overlay-gradient":""},"mobile":{"background-color":"var(--ast-global-color-5)","background-image":"","background-repeat":"repeat","background-position":"center center","background-size":"auto","background-attachment":"scroll","background-type":"","background-media":"","overlay-type":"","overlay-color":"","overlay-opacity":"","overlay-gradient":""}},"footnotes":""},"categories":[1,29,531],"tags":[],"class_list":["post-15206","post","type-post","status-publish","format-standard","has-post-thumbnail","hentry","category-general","category-portada","category-telegram"],"post_mailing_queue_ids":[],"_links":{"self":[{"href":"https:\/\/serveiseducatius.xtec.cat\/vallesoccidental6\/wp-json\/wp\/v2\/posts\/15206","targetHints":{"allow":["GET"]}}],"collection":[{"href":"https:\/\/serveiseducatius.xtec.cat\/vallesoccidental6\/wp-json\/wp\/v2\/posts"}],"about":[{"href":"https:\/\/serveiseducatius.xtec.cat\/vallesoccidental6\/wp-json\/wp\/v2\/types\/post"}],"author":[{"embeddable":true,"href":"https:\/\/serveiseducatius.xtec.cat\/vallesoccidental6\/wp-json\/wp\/v2\/users\/1"}],"replies":[{"embeddable":true,"href":"https:\/\/serveiseducatius.xtec.cat\/vallesoccidental6\/wp-json\/wp\/v2\/comments?post=15206"}],"version-history":[{"count":1,"href":"https:\/\/serveiseducatius.xtec.cat\/vallesoccidental6\/wp-json\/wp\/v2\/posts\/15206\/revisions"}],"predecessor-version":[{"id":15208,"href":"https:\/\/serveiseducatius.xtec.cat\/vallesoccidental6\/wp-json\/wp\/v2\/posts\/15206\/revisions\/15208"}],"wp:featuredmedia":[{"embeddable":true,"href":"https:\/\/serveiseducatius.xtec.cat\/vallesoccidental6\/wp-json\/wp\/v2\/media\/15207"}],"wp:attachment":[{"href":"https:\/\/serveiseducatius.xtec.cat\/vallesoccidental6\/wp-json\/wp\/v2\/media?parent=15206"}],"wp:term":[{"taxonomy":"category","embeddable":true,"href":"https:\/\/serveiseducatius.xtec.cat\/vallesoccidental6\/wp-json\/wp\/v2\/categories?post=15206"},{"taxonomy":"post_tag","embeddable":true,"href":"https:\/\/serveiseducatius.xtec.cat\/vallesoccidental6\/wp-json\/wp\/v2\/tags?post=15206"}],"curies":[{"name":"wp","href":"https:\/\/api.w.org\/{rel}","templated":true}]}}