{"id":15188,"date":"2022-12-19T10:05:27","date_gmt":"2022-12-19T09:05:27","guid":{"rendered":"https:\/\/serveiseducatius.xtec.cat\/vallesoccidental6\/?p=15188"},"modified":"2022-12-13T14:16:53","modified_gmt":"2022-12-13T13:16:53","slug":"formacions-per-a-professorat-programa-coeducat","status":"publish","type":"post","link":"https:\/\/serveiseducatius.xtec.cat\/vallesoccidental6\/general\/formacions-per-a-professorat-programa-coeducat\/","title":{"rendered":"Formacions per a professorat Programa Coeduca&#8217;t"},"content":{"rendered":"<p><img loading=\"lazy\" decoding=\"async\" class=\" wp-image-12689 alignleft\" src=\"https:\/\/serveiseducatius.xtec.cat\/vallesoccidental6\/wp-content\/uploads\/usu1109\/2021\/10\/COEDUCAT.png\" alt=\"\" width=\"315\" height=\"233\" srcset=\"https:\/\/serveiseducatius.xtec.cat\/vallesoccidental6\/wp-content\/uploads\/usu1109\/2021\/10\/COEDUCAT.png 643w, https:\/\/serveiseducatius.xtec.cat\/vallesoccidental6\/wp-content\/uploads\/usu1109\/2021\/10\/COEDUCAT-300x222.png 300w\" sizes=\"auto, (max-width: 315px) 100vw, 315px\" \/><\/p>\n<p style=\"font-weight: 400;\">Us informem de les activitats formatives del programa Coeduca\u2019t, adre\u00e7ades al professorat, que es realitzaran al llarg del 2n i 3r trimestre del curs 2022-2023.<\/p>\n<p style=\"font-weight: 400;\">Com sabreu, aquest Programa s&#8217;emmarca com una de les actuacions del Pla d&#8217;igualtat del sistema educatiu per tal de donar resposta a l\u2019Acord GOV\/5\/2015.<\/p>\n<p style=\"font-weight: 400;\">Ambdues formacions estan pensades perqu\u00e8 hi assisteixi m\u00e9s d&#8217;una persona per centre i fins a un m\u00e0xim de quatre.<\/p>\n<p style=\"font-weight: 400;\"><strong>Activitats formatives:<\/strong><\/p>\n<p style=\"font-weight: 400;\">Cursos a dist\u00e0ncia (per\u00f2 es pot planificar alguna sessi\u00f3 presencial)<\/p>\n<p style=\"font-weight: 400;\">Codi activitat:\u00a0<a href=\"https:\/\/aplicacions.gestioeducativa.gencat.cat\/pls\/soloas\/pk_for_mod_ins.p_for_cons_activitats?p_any=2022-2023&amp;p_codi=4000120509\" data-saferedirecturl=\"https:\/\/www.google.com\/url?q=https:\/\/aplicacions.gestioeducativa.gencat.cat\/pls\/soloas\/pk_for_mod_ins.p_for_cons_activitats?p_any%3D2022-2023%26p_codi%3D4000120509&amp;source=gmail&amp;ust=1671007062424000&amp;usg=AOvVaw0lacFaS5yEn4bH8mm_IyyY\">4000120509 <\/a>\u00a0<strong>Coeduca&#8217;t amb el curr\u00edculum. <\/strong>En dimecres, del 18 de gener al 15 de mar\u00e7, de 17:30h a 19:30h. <a href=\"https:\/\/aplicacions.gestioeducativa.gencat.cat\/pls\/soloas\/pk_for_mod_ins.p_for_cons_activitats?p_any=2022-2023&amp;p_codi=4000120509\" data-saferedirecturl=\"https:\/\/www.google.com\/url?q=https:\/\/aplicacions.gestioeducativa.gencat.cat\/pls\/soloas\/pk_for_mod_ins.p_for_cons_activitats?p_any%3D2022-2023%26p_codi%3D4000120509&amp;source=gmail&amp;ust=1671007062425000&amp;usg=AOvVaw3iLjAa5eD1ts-olPqA6Vcy\">Inscripci\u00f3<\/a>\u00a0\u00a0\u00a0 de \u00a0l\u2019 01\/01\/2023 \u00a0al 18\/01\/2023<\/p>\n<p style=\"font-weight: 400;\">Codi activitat:\u00a0<a href=\"https:\/\/aplicacions.gestioeducativa.gencat.cat\/pls\/soloas\/pk_for_mod_ins.p_for_cons_activitats?p_any=2022-2023&amp;p_codi=4000130509\" data-saferedirecturl=\"https:\/\/www.google.com\/url?q=https:\/\/aplicacions.gestioeducativa.gencat.cat\/pls\/soloas\/pk_for_mod_ins.p_for_cons_activitats?p_any%3D2022-2023%26p_codi%3D4000130509&amp;source=gmail&amp;ust=1671007062425000&amp;usg=AOvVaw0bsEgDVYiBVc7L8N56EvCS\">4000130509<\/a>\u00a0<strong>Coeduca&#8217;t al centre. <\/strong>En dilluns, del 23 de gener al 27 de mar\u00e7, de 15:30h a 19:30h. <a href=\"https:\/\/aplicacions.gestioeducativa.gencat.cat\/pls\/soloas\/pk_for_mod_ins.p_for_cons_activitats?p_any=2022-2023&amp;p_codi=4000130509\" data-saferedirecturl=\"https:\/\/www.google.com\/url?q=https:\/\/aplicacions.gestioeducativa.gencat.cat\/pls\/soloas\/pk_for_mod_ins.p_for_cons_activitats?p_any%3D2022-2023%26p_codi%3D4000130509&amp;source=gmail&amp;ust=1671007062425000&amp;usg=AOvVaw0bsEgDVYiBVc7L8N56EvCS\">Inscripci\u00f3<\/a>: 07\/01\/2023 &#8211; 17\/01\/2023<\/p>\n<p>Codi activitat:\u00a0<a href=\"https:\/\/aplicacions.gestioeducativa.gencat.cat\/pls\/soloas\/pk_for_mod_ins.p_for_cons_activitats?p_any=2022-2023&amp;p_codi=4000140509\" data-saferedirecturl=\"https:\/\/www.google.com\/url?q=https:\/\/aplicacions.gestioeducativa.gencat.cat\/pls\/soloas\/pk_for_mod_ins.p_for_cons_activitats?p_any%3D2022-2023%26p_codi%3D4000140509&amp;source=gmail&amp;ust=1671007062425000&amp;usg=AOvVaw1tlROpUmTBKSEZxQ9C8XUO\">4000140509<\/a> <strong>Coeduca&#8217;t al centre. <\/strong>En dilluns, del 23 de gener al 27 de mar\u00e7, de 15:30h a 19:30h. <a href=\"https:\/\/aplicacions.gestioeducativa.gencat.cat\/pls\/soloas\/pk_for_mod_ins.p_for_cons_activitats?p_any=2022-2023&amp;p_codi=4000140509\" data-saferedirecturl=\"https:\/\/www.google.com\/url?q=https:\/\/aplicacions.gestioeducativa.gencat.cat\/pls\/soloas\/pk_for_mod_ins.p_for_cons_activitats?p_any%3D2022-2023%26p_codi%3D4000140509&amp;source=gmail&amp;ust=1671007062425000&amp;usg=AOvVaw1tlROpUmTBKSEZxQ9C8XUO\">Inscripci\u00f3<\/a>: 07\/01\/2023 &#8211; 17\/01\/2023<\/p>\n<p>Codi activitat:\u00a0<a href=\"https:\/\/aplicacions.gestioeducativa.gencat.cat\/pls\/soloas\/pk_for_mod_ins.p_for_cons_activitats?p_any=2022-2023&amp;p_codi=4000150509\" data-saferedirecturl=\"https:\/\/www.google.com\/url?q=https:\/\/aplicacions.gestioeducativa.gencat.cat\/pls\/soloas\/pk_for_mod_ins.p_for_cons_activitats?p_any%3D2022-2023%26p_codi%3D4000150509&amp;source=gmail&amp;ust=1671007062425000&amp;usg=AOvVaw36sg9V1xODjdIbyJ9ypoje\">4000150509<\/a> <strong>Coeduca&#8217;t al centre. <\/strong>Del dimecres 8 de mar\u00e7 al 31\/de maig de 15:30h a 17:30h. <a href=\"https:\/\/aplicacions.gestioeducativa.gencat.cat\/pls\/soloas\/pk_for_mod_ins.p_for_cons_activitats?p_any=2022-2023&amp;p_codi=4000150509\" data-saferedirecturl=\"https:\/\/www.google.com\/url?q=https:\/\/aplicacions.gestioeducativa.gencat.cat\/pls\/soloas\/pk_for_mod_ins.p_for_cons_activitats?p_any%3D2022-2023%26p_codi%3D4000150509&amp;source=gmail&amp;ust=1671007062425000&amp;usg=AOvVaw36sg9V1xODjdIbyJ9ypoje\">Inscripci\u00f3<\/a>: 01\/01\/2023 &#8211; 08\/03\/2023<\/p>\n<p style=\"font-weight: 400;\"><strong>En el cas de les formacions Coeduca&#8217;t al centre. <\/strong>Requisit: M\u00ednim una de les persones assistents del centre ha d&#8217;haver fet la formaci\u00f3 \u201cCoeduca\u2019t amb el curr\u00edculum&#8221; o acreditar formaci\u00f3 en coeducaci\u00f3. L&#8217;equip directiu ha d&#8217;estar informat i donar espais de treball i coordinaci\u00f3.<\/p>\n","protected":false},"excerpt":{"rendered":"<p>Us informem de les activitats formatives del programa Coeduca\u2019t, adre\u00e7ades al professorat, que es realitzaran al llarg del 2n i 3r trimestre del curs 2022-2023.<\/p>\n<p>Com sabreu, aquest Programa s&#8217;emmarca com una de les actuacions del Pla d&#8217;igualtat del sistema educatiu per tal de donar resposta a l\u2019Acord GOV\/5\/2015.<\/p>\n","protected":false},"author":1,"featured_media":12689,"comment_status":"closed","ping_status":"closed","sticky":false,"template":"","format":"standard","meta":{"_bbp_topic_count":0,"_bbp_reply_count":0,"_bbp_total_topic_count":0,"_bbp_total_reply_count":0,"_bbp_voice_count":0,"_bbp_anonymous_reply_count":0,"_bbp_topic_count_hidden":0,"_bbp_reply_count_hidden":0,"_bbp_forum_subforum_count":0,"site-sidebar-layout":"default","site-content-layout":"","ast-site-content-layout":"","site-content-style":"default","site-sidebar-style":"default","ast-global-header-display":"","ast-banner-title-visibility":"","ast-main-header-display":"","ast-hfb-above-header-display":"","ast-hfb-below-header-display":"","ast-hfb-mobile-header-display":"","site-post-title":"","ast-breadcrumbs-content":"","ast-featured-img":"","footer-sml-layout":"","theme-transparent-header-meta":"","adv-header-id-meta":"","stick-header-meta":"","header-above-stick-meta":"","header-main-stick-meta":"","header-below-stick-meta":"","astra-migrate-meta-layouts":"default","ast-page-background-enabled":"default","ast-page-background-meta":{"desktop":{"background-color":"var(--ast-global-color-4)","background-image":"","background-repeat":"repeat","background-position":"center center","background-size":"auto","background-attachment":"scroll","background-type":"","background-media":"","overlay-type":"","overlay-color":"","overlay-opacity":"","overlay-gradient":""},"tablet":{"background-color":"","background-image":"","background-repeat":"repeat","background-position":"center center","background-size":"auto","background-attachment":"scroll","background-type":"","background-media":"","overlay-type":"","overlay-color":"","overlay-opacity":"","overlay-gradient":""},"mobile":{"background-color":"","background-image":"","background-repeat":"repeat","background-position":"center center","background-size":"auto","background-attachment":"scroll","background-type":"","background-media":"","overlay-type":"","overlay-color":"","overlay-opacity":"","overlay-gradient":""}},"ast-content-background-meta":{"desktop":{"background-color":"var(--ast-global-color-5)","background-image":"","background-repeat":"repeat","background-position":"center center","background-size":"auto","background-attachment":"scroll","background-type":"","background-media":"","overlay-type":"","overlay-color":"","overlay-opacity":"","overlay-gradient":""},"tablet":{"background-color":"var(--ast-global-color-5)","background-image":"","background-repeat":"repeat","background-position":"center center","background-size":"auto","background-attachment":"scroll","background-type":"","background-media":"","overlay-type":"","overlay-color":"","overlay-opacity":"","overlay-gradient":""},"mobile":{"background-color":"var(--ast-global-color-5)","background-image":"","background-repeat":"repeat","background-position":"center center","background-size":"auto","background-attachment":"scroll","background-type":"","background-media":"","overlay-type":"","overlay-color":"","overlay-opacity":"","overlay-gradient":""}},"footnotes":""},"categories":[469,482,1,29],"tags":[],"class_list":["post-15188","post","type-post","status-publish","format-standard","has-post-thumbnail","hentry","category-coeducacio","category-formacions","category-general","category-portada"],"post_mailing_queue_ids":[],"_links":{"self":[{"href":"https:\/\/serveiseducatius.xtec.cat\/vallesoccidental6\/wp-json\/wp\/v2\/posts\/15188","targetHints":{"allow":["GET"]}}],"collection":[{"href":"https:\/\/serveiseducatius.xtec.cat\/vallesoccidental6\/wp-json\/wp\/v2\/posts"}],"about":[{"href":"https:\/\/serveiseducatius.xtec.cat\/vallesoccidental6\/wp-json\/wp\/v2\/types\/post"}],"author":[{"embeddable":true,"href":"https:\/\/serveiseducatius.xtec.cat\/vallesoccidental6\/wp-json\/wp\/v2\/users\/1"}],"replies":[{"embeddable":true,"href":"https:\/\/serveiseducatius.xtec.cat\/vallesoccidental6\/wp-json\/wp\/v2\/comments?post=15188"}],"version-history":[{"count":2,"href":"https:\/\/serveiseducatius.xtec.cat\/vallesoccidental6\/wp-json\/wp\/v2\/posts\/15188\/revisions"}],"predecessor-version":[{"id":15190,"href":"https:\/\/serveiseducatius.xtec.cat\/vallesoccidental6\/wp-json\/wp\/v2\/posts\/15188\/revisions\/15190"}],"wp:featuredmedia":[{"embeddable":true,"href":"https:\/\/serveiseducatius.xtec.cat\/vallesoccidental6\/wp-json\/wp\/v2\/media\/12689"}],"wp:attachment":[{"href":"https:\/\/serveiseducatius.xtec.cat\/vallesoccidental6\/wp-json\/wp\/v2\/media?parent=15188"}],"wp:term":[{"taxonomy":"category","embeddable":true,"href":"https:\/\/serveiseducatius.xtec.cat\/vallesoccidental6\/wp-json\/wp\/v2\/categories?post=15188"},{"taxonomy":"post_tag","embeddable":true,"href":"https:\/\/serveiseducatius.xtec.cat\/vallesoccidental6\/wp-json\/wp\/v2\/tags?post=15188"}],"curies":[{"name":"wp","href":"https:\/\/api.w.org\/{rel}","templated":true}]}}