{"id":15079,"date":"2022-11-29T11:57:55","date_gmt":"2022-11-29T10:57:55","guid":{"rendered":"https:\/\/serveiseducatius.xtec.cat\/vallesoccidental6\/?p=15079"},"modified":"2022-12-07T12:17:32","modified_gmt":"2022-12-07T11:17:32","slug":"mueve-la-lengua-que-el-cerebro-te-seguira-75-acciones-linguisticas-para-ensenar-a-pensar-ciencias","status":"publish","type":"post","link":"https:\/\/serveiseducatius.xtec.cat\/vallesoccidental6\/general\/mueve-la-lengua-que-el-cerebro-te-seguira-75-acciones-linguisticas-para-ensenar-a-pensar-ciencias\/","title":{"rendered":"\u201cMueve la Lengua, que el cerebro te seguir\u00e1. 75 acciones ling\u00fc\u00edsticas para ense\u00f1ar a pensar Ciencias\u201d."},"content":{"rendered":"<p>En Jordi Dom\u00e8nech ens comparteix:<\/p>\n<blockquote>\n<p style=\"font-weight: 400;\">Amb el temps, m\u2019he anat adonant que ensenyar els alumnes a pensar ci\u00e8ncia tamb\u00e9 necessita \u00a0ensenyar-los a comunicar-se en el llenguatge de la ci\u00e8ncia. Els darrers anys he anat provant, llegint, conversant, i construint recursos docents i suports (plantilles, r\u00fabriques, etc&#8230;) que he organitzat en una web que vaig anomenar ProjecteC3 (<a href=\"https:\/\/sites.google.com\/a\/xtec.cat\/c3\/home\" data-saferedirecturl=\"https:\/\/www.google.com\/url?q=https:\/\/sites.google.com\/a\/xtec.cat\/c3\/home&amp;source=gmail&amp;ust=1669734015514000&amp;usg=AOvVaw2AXp_chvMBvriFZva38oXP\">https:\/\/sites.google.com\/a\/xtec.cat\/c3\/home<\/a>\u00a0, on els pots descarregar de manera lliure i oberta.<\/p>\n<p style=\"font-weight: 400;\">Tot i que penso que els recursos s\u00f3n \u00fatils, m\u2019he anat adonant que el docents tamb\u00e9 necessitem explicacions o narracions que ens ajudin a entendre els motius i proc\u00e9s de construcci\u00f3 de cada recurs. Perqu\u00e8 al final, el que ens construeix de deb\u00f2 com a docents no s\u00f3n els recursos que puguem acumular, sin\u00f3 els motius i perspectives que ens han portat a considerar-los \u00fatils o necessaris. Perqu\u00e8 \u00e9s important que els alumnes a ci\u00e8ncies aprenguin a argumentar? A formular preguntes cient\u00edfiques, se n\u2019apr\u00e8n? Com? Quines dificultats et trobes, quan ho proves? Perqu\u00e8 a les Ci\u00e8ncies \u201cExplicar\u201d no vol dir el mateix que a altres mat\u00e8ries?<\/p>\n<p style=\"font-weight: 400;\"><img loading=\"lazy\" decoding=\"async\" class=\" wp-image-15080 alignleft\" src=\"https:\/\/serveiseducatius.xtec.cat\/vallesoccidental6\/wp-content\/uploads\/usu1109\/2022\/11\/unnamed-1.png\" alt=\"\" width=\"326\" height=\"473\" srcset=\"https:\/\/serveiseducatius.xtec.cat\/vallesoccidental6\/wp-content\/uploads\/usu1109\/2022\/11\/unnamed-1.png 476w, https:\/\/serveiseducatius.xtec.cat\/vallesoccidental6\/wp-content\/uploads\/usu1109\/2022\/11\/unnamed-1-207x300.png 207w\" sizes=\"auto, (max-width: 326px) 100vw, 326px\" \/>De tot aix\u00f2 en va sortir el llibre que s\u2019acaba de publicar:<\/p>\n<p style=\"font-weight: 400;\">\u201c<em>Mueve la Lengua, que el cerebro te seguir\u00e1. 75 acciones ling\u00fc\u00edsticas para ense\u00f1ar a pensar Ciencias<\/em>\u201d. Gra\u00f3: Barcelona.<\/p>\n<p style=\"font-weight: 400;\">Pots consultar l\u2019\u00edndex de continguts i altres informacions sobre el llibre a:\u00a0<a href=\"https:\/\/wp.me\/p25seH-Wh\" data-saferedirecturl=\"https:\/\/www.google.com\/url?q=https:\/\/wp.me\/p25seH-Wh&amp;source=gmail&amp;ust=1669734015514000&amp;usg=AOvVaw3EM0dRRlEGdklsKJ00L8J9\">https:\/\/wp.me\/p25seH-Wh<\/a>. El llibre va ser premiat amb el premi Joan Profit\u00f3s d\u2019assaig pedag\u00f2gic, en l\u2019edici\u00f3 de 2021.<\/p>\n<p style=\"font-weight: 400;\">He integrat en aquest llibre el relat d\u2019experi\u00e8ncies d\u2019aula, la seva an\u00e0lisi cr\u00edtica tenint en compte els marcs te\u00f2rics de la did\u00e0ctica sobre ensenyament de les ci\u00e8ncies i llenguatge i consells, recursos i orientacions pr\u00e0ctiques per a l\u2019aula.. De fet, inicialment havia de ser un cap\u00edtol del meu llibre anterior :\u201d<em>Aprenentatge Basat en Projectes, Treballs pr\u00e0ctics i Controv\u00e8rsies. 28 propostes i reflexions per a ensenyar Ci\u00e8ncies<\/em>\u201d (<a href=\"https:\/\/wp.me\/p25seH-HD\" data-saferedirecturl=\"https:\/\/www.google.com\/url?q=https:\/\/wp.me\/p25seH-HD&amp;source=gmail&amp;ust=1669734015514000&amp;usg=AOvVaw1EMA5VHtYpZOnWwZVvrb4b\">https:\/\/wp.me\/p25seH-HD<\/a>), per\u00f2 va resultar que per parlar de llenguatge calia m\u00e9s espai.<\/p>\n<p style=\"font-weight: 400;\">M\u2019ha semblat que podria interessar-te i per aix\u00f2 t\u2019he escrit. Si coneixes altres persones a qui els pogu\u00e9s interessar, t\u2019agrair\u00e9 que els reenviis el missatge.<\/p>\n<p style=\"font-weight: 400;\">Per a mi ha estat un plaer escriure aquest llibre. Com deia Caryl Emerson: \u201c<em>Quan hom aconsegueix dialogar sobre un tema, no ho fa perqu\u00e8 ha aconseguit exterioritzar les seves idees com a paraules, sin\u00f3 perqu\u00e8 ha aconseguit interioritzar les seves interaccions comunicatives com a idees<\/em>\u201d. I aix\u00ed ha estat.<\/p>\n<\/blockquote>\n","protected":false},"excerpt":{"rendered":"<p>Us presentem el llibre de Jordi Domenech. Perqu\u00e8 \u00e9s important que els alumnes a ci\u00e8ncies aprenguin a argumentar? A formular preguntes cient\u00edfiques, se n\u2019apr\u00e8n? Com? Quines dificultats et trobes, quan ho proves? Perqu\u00e8 a les Ci\u00e8ncies \u201cExplicar\u201d no vol dir el mateix que a altres mat\u00e8ries?<\/p>\n","protected":false},"author":1,"featured_media":15081,"comment_status":"closed","ping_status":"closed","sticky":false,"template":"","format":"standard","meta":{"_bbp_topic_count":0,"_bbp_reply_count":0,"_bbp_total_topic_count":0,"_bbp_total_reply_count":0,"_bbp_voice_count":0,"_bbp_anonymous_reply_count":0,"_bbp_topic_count_hidden":0,"_bbp_reply_count_hidden":0,"_bbp_forum_subforum_count":0,"site-sidebar-layout":"default","site-content-layout":"","ast-site-content-layout":"","site-content-style":"default","site-sidebar-style":"default","ast-global-header-display":"","ast-banner-title-visibility":"","ast-main-header-display":"","ast-hfb-above-header-display":"","ast-hfb-below-header-display":"","ast-hfb-mobile-header-display":"","site-post-title":"","ast-breadcrumbs-content":"","ast-featured-img":"","footer-sml-layout":"","theme-transparent-header-meta":"","adv-header-id-meta":"","stick-header-meta":"","header-above-stick-meta":"","header-main-stick-meta":"","header-below-stick-meta":"","astra-migrate-meta-layouts":"default","ast-page-background-enabled":"default","ast-page-background-meta":{"desktop":{"background-color":"var(--ast-global-color-4)","background-image":"","background-repeat":"repeat","background-position":"center center","background-size":"auto","background-attachment":"scroll","background-type":"","background-media":"","overlay-type":"","overlay-color":"","overlay-opacity":"","overlay-gradient":""},"tablet":{"background-color":"","background-image":"","background-repeat":"repeat","background-position":"center center","background-size":"auto","background-attachment":"scroll","background-type":"","background-media":"","overlay-type":"","overlay-color":"","overlay-opacity":"","overlay-gradient":""},"mobile":{"background-color":"","background-image":"","background-repeat":"repeat","background-position":"center center","background-size":"auto","background-attachment":"scroll","background-type":"","background-media":"","overlay-type":"","overlay-color":"","overlay-opacity":"","overlay-gradient":""}},"ast-content-background-meta":{"desktop":{"background-color":"var(--ast-global-color-5)","background-image":"","background-repeat":"repeat","background-position":"center center","background-size":"auto","background-attachment":"scroll","background-type":"","background-media":"","overlay-type":"","overlay-color":"","overlay-opacity":"","overlay-gradient":""},"tablet":{"background-color":"var(--ast-global-color-5)","background-image":"","background-repeat":"repeat","background-position":"center center","background-size":"auto","background-attachment":"scroll","background-type":"","background-media":"","overlay-type":"","overlay-color":"","overlay-opacity":"","overlay-gradient":""},"mobile":{"background-color":"var(--ast-global-color-5)","background-image":"","background-repeat":"repeat","background-position":"center center","background-size":"auto","background-attachment":"scroll","background-type":"","background-media":"","overlay-type":"","overlay-color":"","overlay-opacity":"","overlay-gradient":""}},"footnotes":""},"categories":[282,526,1,480,29,531],"tags":[],"class_list":["post-15079","post","type-post","status-publish","format-standard","has-post-thumbnail","hentry","category-ambit-coneixement-del-medi","category-articles","category-general","category-jornades","category-portada","category-telegram"],"post_mailing_queue_ids":[],"_links":{"self":[{"href":"https:\/\/serveiseducatius.xtec.cat\/vallesoccidental6\/wp-json\/wp\/v2\/posts\/15079","targetHints":{"allow":["GET"]}}],"collection":[{"href":"https:\/\/serveiseducatius.xtec.cat\/vallesoccidental6\/wp-json\/wp\/v2\/posts"}],"about":[{"href":"https:\/\/serveiseducatius.xtec.cat\/vallesoccidental6\/wp-json\/wp\/v2\/types\/post"}],"author":[{"embeddable":true,"href":"https:\/\/serveiseducatius.xtec.cat\/vallesoccidental6\/wp-json\/wp\/v2\/users\/1"}],"replies":[{"embeddable":true,"href":"https:\/\/serveiseducatius.xtec.cat\/vallesoccidental6\/wp-json\/wp\/v2\/comments?post=15079"}],"version-history":[{"count":1,"href":"https:\/\/serveiseducatius.xtec.cat\/vallesoccidental6\/wp-json\/wp\/v2\/posts\/15079\/revisions"}],"predecessor-version":[{"id":15082,"href":"https:\/\/serveiseducatius.xtec.cat\/vallesoccidental6\/wp-json\/wp\/v2\/posts\/15079\/revisions\/15082"}],"wp:featuredmedia":[{"embeddable":true,"href":"https:\/\/serveiseducatius.xtec.cat\/vallesoccidental6\/wp-json\/wp\/v2\/media\/15081"}],"wp:attachment":[{"href":"https:\/\/serveiseducatius.xtec.cat\/vallesoccidental6\/wp-json\/wp\/v2\/media?parent=15079"}],"wp:term":[{"taxonomy":"category","embeddable":true,"href":"https:\/\/serveiseducatius.xtec.cat\/vallesoccidental6\/wp-json\/wp\/v2\/categories?post=15079"},{"taxonomy":"post_tag","embeddable":true,"href":"https:\/\/serveiseducatius.xtec.cat\/vallesoccidental6\/wp-json\/wp\/v2\/tags?post=15079"}],"curies":[{"name":"wp","href":"https:\/\/api.w.org\/{rel}","templated":true}]}}