{"id":14991,"date":"2022-11-07T13:18:06","date_gmt":"2022-11-07T12:18:06","guid":{"rendered":"https:\/\/serveiseducatius.xtec.cat\/vallesoccidental6\/?p=14991"},"modified":"2022-11-07T13:22:30","modified_gmt":"2022-11-07T12:22:30","slug":"jornada-construim-entorns-protectors-la-lopivi-a-catalunya-apuntant-reptes","status":"publish","type":"post","link":"https:\/\/serveiseducatius.xtec.cat\/vallesoccidental6\/general\/jornada-construim-entorns-protectors-la-lopivi-a-catalunya-apuntant-reptes\/","title":{"rendered":"Jornada &#8220;Constru\u00efm entorns protectors. La LOPIVI a Catalunya: apuntant reptes&#8221;"},"content":{"rendered":"<p style=\"font-weight: 400;\"><img loading=\"lazy\" decoding=\"async\" class=\" wp-image-14992 alignleft\" src=\"https:\/\/serveiseducatius.xtec.cat\/vallesoccidental6\/wp-content\/uploads\/usu1109\/2022\/11\/unnamed.jpg\" alt=\"\" width=\"534\" height=\"356\" srcset=\"https:\/\/serveiseducatius.xtec.cat\/vallesoccidental6\/wp-content\/uploads\/usu1109\/2022\/11\/unnamed.jpg 581w, https:\/\/serveiseducatius.xtec.cat\/vallesoccidental6\/wp-content\/uploads\/usu1109\/2022\/11\/unnamed-300x200.jpg 300w\" sizes=\"auto, (max-width: 534px) 100vw, 534px\" \/>Des del juny de 2021, la Llei Org\u00e0nica de protecci\u00f3 integral a la inf\u00e0ncia i adolesc\u00e8ncia davant la viol\u00e8ncia (LOPIVI) ofereix un marc legal per aconseguir entorns protectors per als nens, nens i adolescents. Quins s\u00f3n els reptes a Catalunya? En parlarem amb representants de diferents \u00e0mbits (salut, educaci\u00f3, fam\u00edlies, forces de seguretat, tecnologies, centres educatius i inf\u00e0ncia) per poder extreure elements clau a favor del treball envers la inf\u00e0ncia i l\u2019adolesc\u00e8ncia.<\/p>\n<p style=\"font-weight: 400;\"><strong>\u00a0<\/strong><strong>Lloc:\u00a0<\/strong>Auditori de la Facultat de Comunicaci\u00f3 i Relacions Internacionals de Blanquerna-Universitat Ramon Llull. Pla\u00e7a de Joan Coromines. Barcelona<\/p>\n<p style=\"font-weight: 400;\"><strong>Jornada presencial i en streaming<\/strong><\/p>\n<p style=\"font-weight: 400;\"><strong>Ubicaci\u00f3<\/strong>\u00a0<a href=\"https:\/\/bit.ly\/3zxcaId\" data-saferedirecturl=\"https:\/\/www.google.com\/url?q=https:\/\/bit.ly\/3zxcaId&amp;source=gmail&amp;ust=1667907758620000&amp;usg=AOvVaw25JVJw88Z-e5bc_F1EUd31\">aqu\u00ed<\/a><\/p>\n<p style=\"font-weight: 400;\"><strong>Hora:\u00a0<\/strong>De 10 a 11.30\u00a0h<\/p>\n<p style=\"font-weight: 400;\">Programa:<\/p>\n<p style=\"font-weight: 400;\">10.00\u00a0h Benvinguda\u00a0a c\u00e0rrec d\u2019un representant de Blanquerna-Universitat Ramon Llull i d\u2019UNICEF Comit\u00e8 Catalunya<\/p>\n<p style=\"font-weight: 400;\">10.15\u00a0h\u00a0La LOPIVI, un nou marc en el tracte envers la inf\u00e0ncia, a c\u00e0rrec\u00a0d\u2019Almudena Olaguibel,\u00a0responsable de protecci\u00f3 d\u2019UNICEF\u00a0Espanya<\/p>\n<p style=\"font-weight: 400;\">10.40 Taula rodona amb els seg\u00fcents participants:<\/p>\n<ul>\n<li style=\"font-weight: 400;\">Clara Cabezas, secret\u00e0ria de\u00a0Salut\u00a0P\u00fablica\u00a0(dep. de Salut)<\/li>\n<li style=\"font-weight: 400;\">Ester Cabanes, directora general d\u2019Atenci\u00f3 a la Inf\u00e0ncia i\u00a0l\u2019Adolesc\u00e8ncia\u00a0(dep. de Drets Socials)<\/li>\n<li style=\"font-weight: 400;\">A confirmar, representant del Departament d\u2019Educaci\u00f3<\/li>\n<li style=\"font-weight: 400;\">Sergi Torres, cap del grup d\u2019investigaci\u00f3 de la Unitat central de menors, Policia de la Generalitat-Mossos d\u2019Esquadra<\/li>\n<li style=\"font-weight: 400;\">Mar Camacho,\u00a0doctora i professora titular de la Universitat Rovira i Virgili<\/li>\n<li style=\"font-weight: 400;\">Lidon Gasull, directora aFFac (Associacions Federades de Fam\u00edlies d&#8217;Alumnes de Catalunya)<\/li>\n<li style=\"font-weight: 400;\">Dolors Bosch, cap d\u2019estudis de l\u2019escola SEAT de Barcelona<\/li>\n<\/ul>\n<p style=\"font-weight: 400;\">Moderat per Adri\u00e0 Bas, periodista<\/p>\n<p style=\"font-weight: 400;\"><strong><a href=\"https:\/\/forms.office.com\/Pages\/ResponsePage.aspx?id=GDoOomXXyUSxgJzrXPltV43swMYeqaRImUZB3cWLHV5UNlYwWDlVTjZYUVRaUVE0N0MxUVdHUFg3TS4u\" data-saferedirecturl=\"https:\/\/www.google.com\/url?q=https:\/\/forms.office.com\/Pages\/ResponsePage.aspx?id%3DGDoOomXXyUSxgJzrXPltV43swMYeqaRImUZB3cWLHV5UNlYwWDlVTjZYUVRaUVE0N0MxUVdHUFg3TS4u&amp;source=gmail&amp;ust=1667907758621000&amp;usg=AOvVaw1ltjWNgUk-AlD_mRy_owNw\">Inscriu<\/a>-t\u2019hi<\/strong><\/p>\n","protected":false},"excerpt":{"rendered":"<p>Des del juny de 2021, la Llei Org\u00e0nica de protecci\u00f3 integral a la inf\u00e0ncia i adolesc\u00e8ncia davant la viol\u00e8ncia (LOPIVI) ofereix un marc legal per aconseguir entorns protectors per als nens, nens i adolescents. Quins s\u00f3n els reptes a Catalunya? En parlarem amb representants de diferents \u00e0mbits (salut, educaci\u00f3, fam\u00edlies, forces de seguretat, tecnologies, centres educatius i inf\u00e0ncia) per poder extreure elements clau a favor del treball envers la inf\u00e0ncia i l\u2019adolesc\u00e8ncia.<\/p>\n","protected":false},"author":1,"featured_media":14992,"comment_status":"closed","ping_status":"closed","sticky":false,"template":"","format":"standard","meta":{"_bbp_topic_count":0,"_bbp_reply_count":0,"_bbp_total_topic_count":0,"_bbp_total_reply_count":0,"_bbp_voice_count":0,"_bbp_anonymous_reply_count":0,"_bbp_topic_count_hidden":0,"_bbp_reply_count_hidden":0,"_bbp_forum_subforum_count":0,"site-sidebar-layout":"default","site-content-layout":"","ast-site-content-layout":"","site-content-style":"default","site-sidebar-style":"default","ast-global-header-display":"","ast-banner-title-visibility":"","ast-main-header-display":"","ast-hfb-above-header-display":"","ast-hfb-below-header-display":"","ast-hfb-mobile-header-display":"","site-post-title":"","ast-breadcrumbs-content":"","ast-featured-img":"","footer-sml-layout":"","theme-transparent-header-meta":"","adv-header-id-meta":"","stick-header-meta":"","header-above-stick-meta":"","header-main-stick-meta":"","header-below-stick-meta":"","astra-migrate-meta-layouts":"default","ast-page-background-enabled":"default","ast-page-background-meta":{"desktop":{"background-color":"var(--ast-global-color-4)","background-image":"","background-repeat":"repeat","background-position":"center center","background-size":"auto","background-attachment":"scroll","background-type":"","background-media":"","overlay-type":"","overlay-color":"","overlay-opacity":"","overlay-gradient":""},"tablet":{"background-color":"","background-image":"","background-repeat":"repeat","background-position":"center center","background-size":"auto","background-attachment":"scroll","background-type":"","background-media":"","overlay-type":"","overlay-color":"","overlay-opacity":"","overlay-gradient":""},"mobile":{"background-color":"","background-image":"","background-repeat":"repeat","background-position":"center center","background-size":"auto","background-attachment":"scroll","background-type":"","background-media":"","overlay-type":"","overlay-color":"","overlay-opacity":"","overlay-gradient":""}},"ast-content-background-meta":{"desktop":{"background-color":"var(--ast-global-color-5)","background-image":"","background-repeat":"repeat","background-position":"center center","background-size":"auto","background-attachment":"scroll","background-type":"","background-media":"","overlay-type":"","overlay-color":"","overlay-opacity":"","overlay-gradient":""},"tablet":{"background-color":"var(--ast-global-color-5)","background-image":"","background-repeat":"repeat","background-position":"center center","background-size":"auto","background-attachment":"scroll","background-type":"","background-media":"","overlay-type":"","overlay-color":"","overlay-opacity":"","overlay-gradient":""},"mobile":{"background-color":"var(--ast-global-color-5)","background-image":"","background-repeat":"repeat","background-position":"center center","background-size":"auto","background-attachment":"scroll","background-type":"","background-media":"","overlay-type":"","overlay-color":"","overlay-opacity":"","overlay-gradient":""}},"footnotes":""},"categories":[1,480,29],"tags":[],"class_list":["post-14991","post","type-post","status-publish","format-standard","has-post-thumbnail","hentry","category-general","category-jornades","category-portada"],"post_mailing_queue_ids":[],"_links":{"self":[{"href":"https:\/\/serveiseducatius.xtec.cat\/vallesoccidental6\/wp-json\/wp\/v2\/posts\/14991","targetHints":{"allow":["GET"]}}],"collection":[{"href":"https:\/\/serveiseducatius.xtec.cat\/vallesoccidental6\/wp-json\/wp\/v2\/posts"}],"about":[{"href":"https:\/\/serveiseducatius.xtec.cat\/vallesoccidental6\/wp-json\/wp\/v2\/types\/post"}],"author":[{"embeddable":true,"href":"https:\/\/serveiseducatius.xtec.cat\/vallesoccidental6\/wp-json\/wp\/v2\/users\/1"}],"replies":[{"embeddable":true,"href":"https:\/\/serveiseducatius.xtec.cat\/vallesoccidental6\/wp-json\/wp\/v2\/comments?post=14991"}],"version-history":[{"count":2,"href":"https:\/\/serveiseducatius.xtec.cat\/vallesoccidental6\/wp-json\/wp\/v2\/posts\/14991\/revisions"}],"predecessor-version":[{"id":14994,"href":"https:\/\/serveiseducatius.xtec.cat\/vallesoccidental6\/wp-json\/wp\/v2\/posts\/14991\/revisions\/14994"}],"wp:featuredmedia":[{"embeddable":true,"href":"https:\/\/serveiseducatius.xtec.cat\/vallesoccidental6\/wp-json\/wp\/v2\/media\/14992"}],"wp:attachment":[{"href":"https:\/\/serveiseducatius.xtec.cat\/vallesoccidental6\/wp-json\/wp\/v2\/media?parent=14991"}],"wp:term":[{"taxonomy":"category","embeddable":true,"href":"https:\/\/serveiseducatius.xtec.cat\/vallesoccidental6\/wp-json\/wp\/v2\/categories?post=14991"},{"taxonomy":"post_tag","embeddable":true,"href":"https:\/\/serveiseducatius.xtec.cat\/vallesoccidental6\/wp-json\/wp\/v2\/tags?post=14991"}],"curies":[{"name":"wp","href":"https:\/\/api.w.org\/{rel}","templated":true}]}}