{"id":14892,"date":"2022-10-13T10:57:45","date_gmt":"2022-10-13T08:57:45","guid":{"rendered":"https:\/\/serveiseducatius.xtec.cat\/vallesoccidental6\/?p=14892"},"modified":"2022-10-07T11:08:18","modified_gmt":"2022-10-07T09:08:18","slug":"concurs-educatiu-joves-i-mobilitat-16a-edicio","status":"publish","type":"post","link":"https:\/\/serveiseducatius.xtec.cat\/vallesoccidental6\/general\/concurs-educatiu-joves-i-mobilitat-16a-edicio\/","title":{"rendered":"CONCURS EDUCATIU\u00a0JOVES I MOBILITAT\u00a0 #16a EDICI\u00d3"},"content":{"rendered":"<p><img decoding=\"async\" class=\"alignleft\" src=\"https:\/\/ci5.googleusercontent.com\/proxy\/BEDG0v08TOJ5AzEoUfUCaKegmetQTdKSMat9AEyMXqQxWFan9NVgICYkpySOcFXGEkr3a0wDMFRmD6fXG0VDRb6SJKBh3X4iiVERL_C188hzCnHWpwa8e4FpyqwFdFFKJyXkoWydbIT0E3Oxrd_2x8Q9xJ5r0Pqiz8afiqsMfMUgUT8qF01uh5k4dm36LC_5nD--ATc_JEID4IqnyNqe7PN07Q4lo3EiD54iZyd724z07PugCeZLThYxzkQjPFFor8dvnh-gJ1qb-mwxICn8Vf4n19PibFX4PbRxSptvlR2WAhZZ2DUn3b4mS-CCQSvVoiZD1RRCn2MBpz4JsEtPQuCX9qf5Nk8fK82qAVLMAio1A-9FJ-iktqlSeq19JgPR6hX7lTAa1oiCQSMyYcmlE1u2H4Q2r0dzgiVHp9IHxc6CRn6oGs5yK81a9JrCIODEdc3EKE7X7Umlpnj5f4EFl4dOgJ21WXPuSPvg_sA=s0-d-e1-ft#http:\/\/img.nicnacmail.com\/im\/2540145\/cc7a49b853252cfefe86e8764ba703dd1395b7e35567ccd9d3c6b18b450beac4.jpeg?e=EdWuAvrEkTyvh5TpmyGcdxgkFh2N9LwUelYloyNr5O5No9pcteCVA9X-UzQLjYS2X1HcqYNfdTi30zNyxjBRmsDFxmb9l_Xwb899SM9daWmRJ3FUaPO5zaQotjsUqvEj-LNmqlr0m8VlGbxT9EK1R8nZ31q4FrXctvBI_WSqjWAApCO6d1IgK5beHwH5TAE7lEg7SKNrv0L8hTzCcUfFLZm9U1bwm5EV7HMpysAPQT_5\" alt=\"Concurs RACC Joves i Mobilitat #14 edici\u00f3\" \/><\/p>\n<h4 class=\"m_-4703813043310966232default-heading1\">CONCURS EDUCATIU\u00a0JOVES I MOBILITAT<br \/>\n#16a EDICI\u00d3<\/h4>\n<p>El RACC i el Servei Catal\u00e0 de Tr\u00e0nsit conviden els educadors i joves de Catalunya a reflexionar sobre una tem\u00e0tica que ens envolta cada dia a tots:<\/p>\n<h4 class=\"m_-4703813043310966232default-heading2\" style=\"text-align: center;\"><em><strong>Les bicicletes, els joves i les noves mobilitats.<\/strong><\/em><\/h4>\n<p>Aquesta nova edici\u00f3 pret\u00e9n posar en valor el fet d\u2019anar en bicicleta i la seva projecci\u00f3 com a mitja de transport, perqu\u00e8:<\/p>\n<p>\u00bb\u00a0\u00a0en els \u00faltims anys, ha passat a\u00a0<strong>formar part activa de la mobilitat<\/strong> dels nostres pobles i ciutats.<br \/>\n\u00bb\u00a0\u00a0ja no t\u00e9 un \u00fas purament l\u00fadic,\u00a0<strong>s&#8217;utilitza per als despla\u00e7aments quotidians<\/strong> al treball, l&#8217;escola o altres activitats socials.<br \/>\n\u00bb\u00a0\u00a0es produeixen\u00a0<strong>grans beneficis<\/strong>, no nom\u00e9s ja en termes de mobilitat, sin\u00f3 tamb\u00e9 en termes de salut, equitat, agilitat, economia, etc.<\/p>\n<p>\u00bb\u00a0\u00a0<strong>genera beneficis per a la societat,<\/strong>\u00a0en reduir la contaminaci\u00f3 atmosf\u00e8rica i ac\u00fastica, a m\u00e9s d&#8217;alliberar espai i contribuir a descongestionar i pacificar el tr\u00e0nsit urb\u00e0.<br \/>\n\u00bb\u00a0\u00a0la principal esperan\u00e7a que existeix per incrementar el seu \u00fas est\u00e0 posada en els joves, que perceben la bicicleta com una\u00a0<strong>alternativa de mobilitat sostenible a les ciutats<\/strong>\u00a0i com una resposta a un nou model de ciutat.<\/p>\n<table style=\"border-collapse: collapse; width: 100%;\">\n<tbody>\n<tr>\n<td style=\"width: 16.6667%; text-align: center; vertical-align: top;\"><strong>Qui hi pot participar?<\/strong><\/p>\n<ul>\n<li>Alumnes de secund\u00e0ria, batxillerat, CFGM i IFE.<\/li>\n<li>Nois i noies de 12 a 18 anys de casals de joves o centres de lleure.<\/li>\n<\/ul>\n<\/td>\n<td style=\"width: 16.6667%; text-align: center; vertical-align: top;\"><strong>Com pot participar-hi?<\/strong><\/p>\n<ul>\n<li>Individualment o en equips de fins a 4 membres.<\/li>\n<li>Estar associat a un educador\/tutor responsable.<\/li>\n<\/ul>\n<\/td>\n<td style=\"width: 16.6667%; text-align: center; vertical-align: top;\"><strong>Quines modalitats hi ha?<\/strong><\/p>\n<ul>\n<li>Anunci gr\u00e0fic.<\/li>\n<li>V\u00eddeo per a Instagram.<\/li>\n<li>Projecte de millora de seguretat vi\u00e0ria.<\/li>\n<li>Projecte educatiu en mobilitat segura (centres).<\/li>\n<\/ul>\n<\/td>\n<td style=\"width: 16.6667%; text-align: center; vertical-align: top;\"><strong>Inscripcions:<\/strong><\/p>\n<ul>\n<li>A\u00a0<a href=\"https:\/\/r.nicnacmail.com\/mk\/cl\/f\/DiAWykb8CXgon1ILM3J8sVD9_M-uGuyLDdJ8_kqwUw8vSjdBAlu6rFrRv77M2a1Cdh-KCj-GeLzOBibEGlJvZlb_92bFj3cAQ9os7gauSMTUIFHu8EKvwltrT5W2v28BoGKvI1l6tZPirrzespYNCcU0m2BSAekrV8DvZcyxX1oH1jLUXL9yPEi8exoOQZx1fqVo\" target=\"_blank\" rel=\"noopener\" data-saferedirecturl=\"https:\/\/www.google.com\/url?q=https:\/\/r.nicnacmail.com\/mk\/cl\/f\/DiAWykb8CXgon1ILM3J8sVD9_M-uGuyLDdJ8_kqwUw8vSjdBAlu6rFrRv77M2a1Cdh-KCj-GeLzOBibEGlJvZlb_92bFj3cAQ9os7gauSMTUIFHu8EKvwltrT5W2v28BoGKvI1l6tZPirrzespYNCcU0m2BSAekrV8DvZcyxX1oH1jLUXL9yPEi8exoOQZx1fqVo&amp;source=gmail&amp;ust=1665212716466000&amp;usg=AOvVaw2Kl06CLwSChYdGw47eYJa8\">www.jovesimobilitat.cat<\/a>.<\/li>\n<li>Presentaci\u00f3 de treballs fins al 16 d\u2019abril de 2023.<\/li>\n<li>Inscripci\u00f3 i participaci\u00f3 gratu\u00eftes.<\/li>\n<\/ul>\n<\/td>\n<td style=\"width: 16.6667%; text-align: center; vertical-align: top;\"><strong>Premis:<\/strong><\/p>\n<ul>\n<li>Guanyadors i finalistes de les 3 categories<\/li>\n<li>Millor classe, amb l\u2019aportaci\u00f3 de m\u00e9s treballs<\/li>\n<li>Professor\/tutor m\u00e9s motivador<\/li>\n<li>Millor projecte educatiu en mobilitat segura<\/li>\n<\/ul>\n<\/td>\n<td style=\"width: 16.6667%; text-align: center; vertical-align: top;\"><strong>\u00a0Recursos did\u00e0ctics:\u00a0<\/strong><\/p>\n<ul>\n<li>De la tem\u00e0tica espec\u00edfica d&#8217;enguany.<\/li>\n<li>De la mobilitat i la seguretat vi\u00e0ria en general.<\/li>\n<\/ul>\n<\/td>\n<\/tr>\n<\/tbody>\n<\/table>\n<p>M\u00e9s informaci\u00f3 a: <a href=\"https:\/\/www.jovesimobilitat.cat\/\">https:\/\/www.jovesimobilitat.cat\/<\/a><\/p>\n","protected":false},"excerpt":{"rendered":"<p>El RACC i el Servei Catal\u00e0 de Tr\u00e0nsit conviden els educadors i joves de Catalunya a reflexionar sobre una tem\u00e0tica que ens envolta cada dia a tots:<br \/>\nLes bicicletes, els joves i les noves mobilitats.<\/p>\n","protected":false},"author":1,"featured_media":14893,"comment_status":"closed","ping_status":"closed","sticky":false,"template":"","format":"standard","meta":{"_bbp_topic_count":0,"_bbp_reply_count":0,"_bbp_total_topic_count":0,"_bbp_total_reply_count":0,"_bbp_voice_count":0,"_bbp_anonymous_reply_count":0,"_bbp_topic_count_hidden":0,"_bbp_reply_count_hidden":0,"_bbp_forum_subforum_count":0,"site-sidebar-layout":"default","site-content-layout":"","ast-site-content-layout":"","site-content-style":"default","site-sidebar-style":"default","ast-global-header-display":"","ast-banner-title-visibility":"","ast-main-header-display":"","ast-hfb-above-header-display":"","ast-hfb-below-header-display":"","ast-hfb-mobile-header-display":"","site-post-title":"","ast-breadcrumbs-content":"","ast-featured-img":"","footer-sml-layout":"","theme-transparent-header-meta":"","adv-header-id-meta":"","stick-header-meta":"","header-above-stick-meta":"","header-main-stick-meta":"","header-below-stick-meta":"","astra-migrate-meta-layouts":"default","ast-page-background-enabled":"default","ast-page-background-meta":{"desktop":{"background-color":"var(--ast-global-color-4)","background-image":"","background-repeat":"repeat","background-position":"center center","background-size":"auto","background-attachment":"scroll","background-type":"","background-media":"","overlay-type":"","overlay-color":"","overlay-opacity":"","overlay-gradient":""},"tablet":{"background-color":"","background-image":"","background-repeat":"repeat","background-position":"center center","background-size":"auto","background-attachment":"scroll","background-type":"","background-media":"","overlay-type":"","overlay-color":"","overlay-opacity":"","overlay-gradient":""},"mobile":{"background-color":"","background-image":"","background-repeat":"repeat","background-position":"center center","background-size":"auto","background-attachment":"scroll","background-type":"","background-media":"","overlay-type":"","overlay-color":"","overlay-opacity":"","overlay-gradient":""}},"ast-content-background-meta":{"desktop":{"background-color":"var(--ast-global-color-5)","background-image":"","background-repeat":"repeat","background-position":"center center","background-size":"auto","background-attachment":"scroll","background-type":"","background-media":"","overlay-type":"","overlay-color":"","overlay-opacity":"","overlay-gradient":""},"tablet":{"background-color":"var(--ast-global-color-5)","background-image":"","background-repeat":"repeat","background-position":"center center","background-size":"auto","background-attachment":"scroll","background-type":"","background-media":"","overlay-type":"","overlay-color":"","overlay-opacity":"","overlay-gradient":""},"mobile":{"background-color":"var(--ast-global-color-5)","background-image":"","background-repeat":"repeat","background-position":"center center","background-size":"auto","background-attachment":"scroll","background-type":"","background-media":"","overlay-type":"","overlay-color":"","overlay-opacity":"","overlay-gradient":""}},"footnotes":""},"categories":[1,29,531],"tags":[],"class_list":["post-14892","post","type-post","status-publish","format-standard","has-post-thumbnail","hentry","category-general","category-portada","category-telegram"],"post_mailing_queue_ids":[],"_links":{"self":[{"href":"https:\/\/serveiseducatius.xtec.cat\/vallesoccidental6\/wp-json\/wp\/v2\/posts\/14892","targetHints":{"allow":["GET"]}}],"collection":[{"href":"https:\/\/serveiseducatius.xtec.cat\/vallesoccidental6\/wp-json\/wp\/v2\/posts"}],"about":[{"href":"https:\/\/serveiseducatius.xtec.cat\/vallesoccidental6\/wp-json\/wp\/v2\/types\/post"}],"author":[{"embeddable":true,"href":"https:\/\/serveiseducatius.xtec.cat\/vallesoccidental6\/wp-json\/wp\/v2\/users\/1"}],"replies":[{"embeddable":true,"href":"https:\/\/serveiseducatius.xtec.cat\/vallesoccidental6\/wp-json\/wp\/v2\/comments?post=14892"}],"version-history":[{"count":1,"href":"https:\/\/serveiseducatius.xtec.cat\/vallesoccidental6\/wp-json\/wp\/v2\/posts\/14892\/revisions"}],"predecessor-version":[{"id":14894,"href":"https:\/\/serveiseducatius.xtec.cat\/vallesoccidental6\/wp-json\/wp\/v2\/posts\/14892\/revisions\/14894"}],"wp:featuredmedia":[{"embeddable":true,"href":"https:\/\/serveiseducatius.xtec.cat\/vallesoccidental6\/wp-json\/wp\/v2\/media\/14893"}],"wp:attachment":[{"href":"https:\/\/serveiseducatius.xtec.cat\/vallesoccidental6\/wp-json\/wp\/v2\/media?parent=14892"}],"wp:term":[{"taxonomy":"category","embeddable":true,"href":"https:\/\/serveiseducatius.xtec.cat\/vallesoccidental6\/wp-json\/wp\/v2\/categories?post=14892"},{"taxonomy":"post_tag","embeddable":true,"href":"https:\/\/serveiseducatius.xtec.cat\/vallesoccidental6\/wp-json\/wp\/v2\/tags?post=14892"}],"curies":[{"name":"wp","href":"https:\/\/api.w.org\/{rel}","templated":true}]}}