{"id":14738,"date":"2022-09-05T11:42:38","date_gmt":"2022-09-05T09:42:38","guid":{"rendered":"https:\/\/serveiseducatius.xtec.cat\/vallesoccidental6\/?p=14738"},"modified":"2022-09-05T11:42:38","modified_gmt":"2022-09-05T09:42:38","slug":"proposta-formativa-aprenentatge-entre-iguals-per-a-lus-i-millora-del-catala-i-per-la-relacio-entre-aquest-i-el-contingut-matematic","status":"publish","type":"post","link":"https:\/\/serveiseducatius.xtec.cat\/vallesoccidental6\/general\/proposta-formativa-aprenentatge-entre-iguals-per-a-lus-i-millora-del-catala-i-per-la-relacio-entre-aquest-i-el-contingut-matematic\/","title":{"rendered":"Proposta formativa! Aprenentatge entre iguals per a l&#8217;\u00fas i millora del catal\u00e0 i per la relaci\u00f3 entre aquest i el contingut matem\u00e0tic!"},"content":{"rendered":"<p><img loading=\"lazy\" decoding=\"async\" class=\"alignleft\" src=\"https:\/\/mail.google.com\/mail\/u\/0?ui=2&amp;ik=a04e38c7e2&amp;attid=0.2&amp;permmsgid=msg-f:1742840289944127122&amp;th=182fd0027e5bc692&amp;view=fimg&amp;fur=ip&amp;sz=s0-l75-ft&amp;attbid=ANGjdJ-0yyhNctC0H6aohDOE7wefEHMcPAtf14Z3bcuQYh-UQp5FT7v9CM1glXIxPUqM27oW7hGjn_6rD2AwXZtummbdX941Vr2iTEXI5b6p32R5EIUf1yfNNPf3-24&amp;disp=emb&amp;realattid=ii_l7ael1805\" alt=\"logo grai.png\" width=\"188\" height=\"188\" \/>Ens adrecem a vosaltres per a oferir-vos una proposta de formaci\u00f3 per al curs 2022-2023, que promovem des del GRAI (Grup de Recerca sobre Aprenentatge entre Iguals) de la Universitat Aut\u00f2noma de Barcelona, amb el suport i el finan\u00e7ament del Departament d&#8217;Educaci\u00f3.<\/p>\n<div><\/div>\n<div>El nom de la proposta \u00e9s el seg\u00fcent:\u00a0<b>APRENENTATGE ENTRE IGUALS PER A L&#8217;\u00daS I MILLORA DEL CATAL\u00c0 I PER A LA RELACI\u00d3 ENTRE EL CATAL\u00c0 I EL CONTINGUT MATEM\u00c0TIC<\/b>.<\/div>\n<p style=\"text-align: left;\">Consta de tres itineraris:<\/p>\n<ul>\n<li><strong>(En)Raonem en parella<\/strong>, per a la resoluci\u00f3 cooperativa de problemes matem\u00e0tics. L\u2019objectiu \u00e9s contribuir a la millora de la compet\u00e8ncia comunicativa en catal\u00e0 (comprensi\u00f3 lectora, expressi\u00f3 oral i escrita) i alhora millorar la compet\u00e8ncia matem\u00e0tica i promoure el di\u00e0leg, el raonament i el discurs matem\u00e0tic en contextos de resoluci\u00f3 de problemes de la vida quotidiana.<\/li>\n<li><strong>Llegim en parella.<\/strong> L\u2019objectiu principal \u00e9s contribuir a la millora de la comunicaci\u00f3 oral i comprensi\u00f3 lectora en catal\u00e0.<\/li>\n<li><strong>Llegim i escrivim en parella.<\/strong> L\u2019objectiu principal \u00e9s\u00a0contribuir a la millora de la comunicaci\u00f3 oral, comprensi\u00f3 lectora i expressi\u00f3 escrita en catal\u00e0, amb un \u00e8mfasi especial en la compet\u00e8ncia escrita.<\/li>\n<\/ul>\n<div>\n<p style=\"text-align: left;\"><strong><img loading=\"lazy\" decoding=\"async\" class=\" wp-image-14739 alignright\" src=\"https:\/\/serveiseducatius.xtec.cat\/vallesoccidental6\/wp-content\/uploads\/usu1109\/2022\/09\/Captura.png\" alt=\"\" width=\"183\" height=\"190\" \/><\/strong><\/p>\n<p>&nbsp;<\/p>\n<p style=\"text-align: left;\">Hi haur\u00e0 una <strong>sessi\u00f3 de presentaci\u00f3 de la proposta<\/strong>, que tindr\u00e0 lloc el\u00a0dimarts 6 de setembre de\u00a017h a 18h a la Sala de Graus de la Facultat de Ci\u00e8ncies de l\u2019Educaci\u00f3 de la\u00a0Universitat Aut\u00f2noma de Barcelona.<\/p>\n<p style=\"text-align: left;\">\u00a0Per a assistir a aquesta trobada, preguem completar abans el\u00a0formulari seg\u00fcent:\u00a0<a href=\"https:\/\/forms.gle\/v6qumAt3Xrppbjzx5\" target=\"_blank\" rel=\"noopener\" data-saferedirecturl=\"https:\/\/www.google.com\/url?q=https:\/\/forms.gle\/v6qumAt3Xrppbjzx5&amp;source=gmail&amp;ust=1662449280129000&amp;usg=AOvVaw0WrhoS_zJs8CVsf5YfaUBv\">https:\/\/forms.gle\/<wbr \/>v6qumAt3Xrppbjzx5<\/a>.<\/p>\n<\/div>\n<p>&nbsp;<\/p>\n<pre style=\"text-align: right;\"><em>Photo by cottonbro<\/em><\/pre>\n<p>&nbsp;<\/p>\n<p>&nbsp;<\/p>\n","protected":false},"excerpt":{"rendered":"<p>Ens adrecem a vosaltres per a oferir-vos una proposta de formaci\u00f3 per al curs 2022-2023, que promovem des del GRAI (Grup de Recerca sobre Aprenentatge entre Iguals) de la Universitat Aut\u00f2noma de Barcelona, amb el suport i el finan\u00e7ament del Departament d&#8217;Educaci\u00f3.<\/p>\n","protected":false},"author":1,"featured_media":14739,"comment_status":"closed","ping_status":"closed","sticky":false,"template":"","format":"standard","meta":{"_bbp_topic_count":0,"_bbp_reply_count":0,"_bbp_total_topic_count":0,"_bbp_total_reply_count":0,"_bbp_voice_count":0,"_bbp_anonymous_reply_count":0,"_bbp_topic_count_hidden":0,"_bbp_reply_count_hidden":0,"_bbp_forum_subforum_count":0,"site-sidebar-layout":"default","site-content-layout":"","ast-site-content-layout":"","site-content-style":"default","site-sidebar-style":"default","ast-global-header-display":"","ast-banner-title-visibility":"","ast-main-header-display":"","ast-hfb-above-header-display":"","ast-hfb-below-header-display":"","ast-hfb-mobile-header-display":"","site-post-title":"","ast-breadcrumbs-content":"","ast-featured-img":"","footer-sml-layout":"","theme-transparent-header-meta":"","adv-header-id-meta":"","stick-header-meta":"","header-above-stick-meta":"","header-main-stick-meta":"","header-below-stick-meta":"","astra-migrate-meta-layouts":"default","ast-page-background-enabled":"default","ast-page-background-meta":{"desktop":{"background-color":"var(--ast-global-color-4)","background-image":"","background-repeat":"repeat","background-position":"center center","background-size":"auto","background-attachment":"scroll","background-type":"","background-media":"","overlay-type":"","overlay-color":"","overlay-opacity":"","overlay-gradient":""},"tablet":{"background-color":"","background-image":"","background-repeat":"repeat","background-position":"center center","background-size":"auto","background-attachment":"scroll","background-type":"","background-media":"","overlay-type":"","overlay-color":"","overlay-opacity":"","overlay-gradient":""},"mobile":{"background-color":"","background-image":"","background-repeat":"repeat","background-position":"center center","background-size":"auto","background-attachment":"scroll","background-type":"","background-media":"","overlay-type":"","overlay-color":"","overlay-opacity":"","overlay-gradient":""}},"ast-content-background-meta":{"desktop":{"background-color":"var(--ast-global-color-5)","background-image":"","background-repeat":"repeat","background-position":"center center","background-size":"auto","background-attachment":"scroll","background-type":"","background-media":"","overlay-type":"","overlay-color":"","overlay-opacity":"","overlay-gradient":""},"tablet":{"background-color":"var(--ast-global-color-5)","background-image":"","background-repeat":"repeat","background-position":"center center","background-size":"auto","background-attachment":"scroll","background-type":"","background-media":"","overlay-type":"","overlay-color":"","overlay-opacity":"","overlay-gradient":""},"mobile":{"background-color":"var(--ast-global-color-5)","background-image":"","background-repeat":"repeat","background-position":"center center","background-size":"auto","background-attachment":"scroll","background-type":"","background-media":"","overlay-type":"","overlay-color":"","overlay-opacity":"","overlay-gradient":""}},"footnotes":""},"categories":[1,29,531],"tags":[],"class_list":["post-14738","post","type-post","status-publish","format-standard","has-post-thumbnail","hentry","category-general","category-portada","category-telegram"],"post_mailing_queue_ids":[],"_links":{"self":[{"href":"https:\/\/serveiseducatius.xtec.cat\/vallesoccidental6\/wp-json\/wp\/v2\/posts\/14738","targetHints":{"allow":["GET"]}}],"collection":[{"href":"https:\/\/serveiseducatius.xtec.cat\/vallesoccidental6\/wp-json\/wp\/v2\/posts"}],"about":[{"href":"https:\/\/serveiseducatius.xtec.cat\/vallesoccidental6\/wp-json\/wp\/v2\/types\/post"}],"author":[{"embeddable":true,"href":"https:\/\/serveiseducatius.xtec.cat\/vallesoccidental6\/wp-json\/wp\/v2\/users\/1"}],"replies":[{"embeddable":true,"href":"https:\/\/serveiseducatius.xtec.cat\/vallesoccidental6\/wp-json\/wp\/v2\/comments?post=14738"}],"version-history":[{"count":1,"href":"https:\/\/serveiseducatius.xtec.cat\/vallesoccidental6\/wp-json\/wp\/v2\/posts\/14738\/revisions"}],"predecessor-version":[{"id":14740,"href":"https:\/\/serveiseducatius.xtec.cat\/vallesoccidental6\/wp-json\/wp\/v2\/posts\/14738\/revisions\/14740"}],"wp:featuredmedia":[{"embeddable":true,"href":"https:\/\/serveiseducatius.xtec.cat\/vallesoccidental6\/wp-json\/wp\/v2\/media\/14739"}],"wp:attachment":[{"href":"https:\/\/serveiseducatius.xtec.cat\/vallesoccidental6\/wp-json\/wp\/v2\/media?parent=14738"}],"wp:term":[{"taxonomy":"category","embeddable":true,"href":"https:\/\/serveiseducatius.xtec.cat\/vallesoccidental6\/wp-json\/wp\/v2\/categories?post=14738"},{"taxonomy":"post_tag","embeddable":true,"href":"https:\/\/serveiseducatius.xtec.cat\/vallesoccidental6\/wp-json\/wp\/v2\/tags?post=14738"}],"curies":[{"name":"wp","href":"https:\/\/api.w.org\/{rel}","templated":true}]}}