{"id":14477,"date":"2022-05-17T08:00:07","date_gmt":"2022-05-17T06:00:07","guid":{"rendered":"https:\/\/serveiseducatius.xtec.cat\/vallesoccidental6\/?p=14477"},"modified":"2022-05-11T12:52:52","modified_gmt":"2022-05-11T10:52:52","slug":"21-05-jornada-faristol-lart-i-la-literatura-infantil-i-juvenil","status":"publish","type":"post","link":"https:\/\/serveiseducatius.xtec.cat\/vallesoccidental6\/general\/21-05-jornada-faristol-lart-i-la-literatura-infantil-i-juvenil\/","title":{"rendered":"21\/05 Jornada Faristol: L&#8217;art i la literatura Infantil i Juvenil"},"content":{"rendered":"<p><span class=\"gmail_default\"><img loading=\"lazy\" decoding=\"async\" class=\"size-full wp-image-14478 alignright\" src=\"https:\/\/serveiseducatius.xtec.cat\/vallesoccidental6\/wp-content\/uploads\/usu1109\/2022\/05\/event_Cartell-Jornada_Faristol_22.png\" alt=\"\" width=\"220\" height=\"310\" srcset=\"https:\/\/serveiseducatius.xtec.cat\/vallesoccidental6\/wp-content\/uploads\/usu1109\/2022\/05\/event_Cartell-Jornada_Faristol_22.png 220w, https:\/\/serveiseducatius.xtec.cat\/vallesoccidental6\/wp-content\/uploads\/usu1109\/2022\/05\/event_Cartell-Jornada_Faristol_22-213x300.png 213w\" sizes=\"auto, (max-width: 220px) 100vw, 220px\" \/>Us fem arribar la informaci\u00f3 de la Jornada de cr\u00edtica, an\u00e0lisi i mediaci\u00f3 de la LIJ que impulsa, anualment, la revista Faristol.<\/span><\/p>\n<p><span class=\"gmail_default\">Enguany se celebrar\u00e0 a la Biblioteca Montserrat Abell\u00f3, el dissabte 21 de maig de 10 a 14 h i t\u00e9 un cost de 20\u20ac. \u00a0<\/span><\/p>\n<p><span class=\"gmail_default\">La jornada convida a reflexionar sobre si les funcions que tradicionalment s\u2019han atribu\u00eft a l\u2019art, com q\u00fcestionar els principis, els t\u00f2pics i les idees preconcebudes, trencar amb formes i models heretats, provocar un efecte d\u2019estranyament i de sorpresa&#8230;, poden entrar en conflicte amb la import\u00e0ncia que, actualment, s\u2019atorga al vessant did\u00e0ctic en obres LIJ que es consideren de ficci\u00f3.<\/span><\/p>\n<p><span class=\"gmail_default\">Comen\u00e7ar\u00e0 amb un petit acte de record i homenatge a l&#8217;il\u00b7lustrador, escriptor, traductor i cr\u00edtic i director de la nostra revista Bernat Cormand, mort el 20 de juny del 2021. Continuar\u00e0 amb una confer\u00e8ncia de Pablo Auladell, una taula rodona i dos tallers, amb els quals es clour\u00e0 la trobada. <\/span><\/p>\n<p><span class=\"gmail_default\">Us adjuntem el cartell i el programa, per si pot ser del vostre inter\u00e8s, i us agra\u00efm a l&#8217;avan\u00e7ada el vostre suport en la seva difusi\u00f3.<\/span><\/p>\n<p><span class=\"gmail_default\">Les inscripcions es poden fer a trav\u00e9s del seg\u00fcent enlla\u00e7: <\/span><a href=\"https:\/\/entradium.com\/events\/l-art-i-la-literatura-infantil-i-juvenil-jornada-de-critica-analisi-i-mediacio-de-la-lij\" target=\"_blank\" rel=\"noopener\" data-saferedirecturl=\"https:\/\/www.google.com\/url?q=https:\/\/entradium.com\/events\/l-art-i-la-literatura-infantil-i-juvenil-jornada-de-critica-analisi-i-mediacio-de-la-lij&amp;source=gmail&amp;ust=1652351274988000&amp;usg=AOvVaw0X1ckcrdJzjAm95WHltprK\">https:\/\/entradium.com\/<wbr \/>events\/l-art-i-la-literatura-<wbr \/>infantil-i-juvenil-jornada-de-<wbr \/>critica-analisi-i-mediacio-de-<wbr \/>la-lij<\/a><\/p>\n<p><span class=\"gmail_default\">&#8212;<\/span><\/p>\n<p><img loading=\"lazy\" decoding=\"async\" class=\"CToWUd\" src=\"https:\/\/ci3.googleusercontent.com\/mail-sig\/AIorK4xY1ed6axEe9Piqk5L6kXekaBjJfWb2LuNeIMXLuNWoJgnuZu2CSDipNVh72h35230MdDXHzp8\" width=\"246\" height=\"68\" \/><\/p>\n","protected":false},"excerpt":{"rendered":"<p>Us fem arribar la informaci\u00f3 de la Jornada de cr\u00edtica, an\u00e0lisi i mediaci\u00f3 de la LIJ que impulsa, anualment, la revista Faristol.<\/p>\n","protected":false},"author":1,"featured_media":14478,"comment_status":"closed","ping_status":"closed","sticky":false,"template":"","format":"standard","meta":{"_bbp_topic_count":0,"_bbp_reply_count":0,"_bbp_total_topic_count":0,"_bbp_total_reply_count":0,"_bbp_voice_count":0,"_bbp_anonymous_reply_count":0,"_bbp_topic_count_hidden":0,"_bbp_reply_count_hidden":0,"_bbp_forum_subforum_count":0,"site-sidebar-layout":"default","site-content-layout":"","ast-site-content-layout":"","site-content-style":"default","site-sidebar-style":"default","ast-global-header-display":"","ast-banner-title-visibility":"","ast-main-header-display":"","ast-hfb-above-header-display":"","ast-hfb-below-header-display":"","ast-hfb-mobile-header-display":"","site-post-title":"","ast-breadcrumbs-content":"","ast-featured-img":"","footer-sml-layout":"","theme-transparent-header-meta":"","adv-header-id-meta":"","stick-header-meta":"","header-above-stick-meta":"","header-main-stick-meta":"","header-below-stick-meta":"","astra-migrate-meta-layouts":"default","ast-page-background-enabled":"default","ast-page-background-meta":{"desktop":{"background-color":"var(--ast-global-color-4)","background-image":"","background-repeat":"repeat","background-position":"center center","background-size":"auto","background-attachment":"scroll","background-type":"","background-media":"","overlay-type":"","overlay-color":"","overlay-opacity":"","overlay-gradient":""},"tablet":{"background-color":"","background-image":"","background-repeat":"repeat","background-position":"center center","background-size":"auto","background-attachment":"scroll","background-type":"","background-media":"","overlay-type":"","overlay-color":"","overlay-opacity":"","overlay-gradient":""},"mobile":{"background-color":"","background-image":"","background-repeat":"repeat","background-position":"center center","background-size":"auto","background-attachment":"scroll","background-type":"","background-media":"","overlay-type":"","overlay-color":"","overlay-opacity":"","overlay-gradient":""}},"ast-content-background-meta":{"desktop":{"background-color":"var(--ast-global-color-5)","background-image":"","background-repeat":"repeat","background-position":"center center","background-size":"auto","background-attachment":"scroll","background-type":"","background-media":"","overlay-type":"","overlay-color":"","overlay-opacity":"","overlay-gradient":""},"tablet":{"background-color":"var(--ast-global-color-5)","background-image":"","background-repeat":"repeat","background-position":"center center","background-size":"auto","background-attachment":"scroll","background-type":"","background-media":"","overlay-type":"","overlay-color":"","overlay-opacity":"","overlay-gradient":""},"mobile":{"background-color":"var(--ast-global-color-5)","background-image":"","background-repeat":"repeat","background-position":"center center","background-size":"auto","background-attachment":"scroll","background-type":"","background-media":"","overlay-type":"","overlay-color":"","overlay-opacity":"","overlay-gradient":""}},"footnotes":""},"categories":[1,29,531],"tags":[],"class_list":["post-14477","post","type-post","status-publish","format-standard","has-post-thumbnail","hentry","category-general","category-portada","category-telegram"],"post_mailing_queue_ids":[],"_links":{"self":[{"href":"https:\/\/serveiseducatius.xtec.cat\/vallesoccidental6\/wp-json\/wp\/v2\/posts\/14477","targetHints":{"allow":["GET"]}}],"collection":[{"href":"https:\/\/serveiseducatius.xtec.cat\/vallesoccidental6\/wp-json\/wp\/v2\/posts"}],"about":[{"href":"https:\/\/serveiseducatius.xtec.cat\/vallesoccidental6\/wp-json\/wp\/v2\/types\/post"}],"author":[{"embeddable":true,"href":"https:\/\/serveiseducatius.xtec.cat\/vallesoccidental6\/wp-json\/wp\/v2\/users\/1"}],"replies":[{"embeddable":true,"href":"https:\/\/serveiseducatius.xtec.cat\/vallesoccidental6\/wp-json\/wp\/v2\/comments?post=14477"}],"version-history":[{"count":2,"href":"https:\/\/serveiseducatius.xtec.cat\/vallesoccidental6\/wp-json\/wp\/v2\/posts\/14477\/revisions"}],"predecessor-version":[{"id":14480,"href":"https:\/\/serveiseducatius.xtec.cat\/vallesoccidental6\/wp-json\/wp\/v2\/posts\/14477\/revisions\/14480"}],"wp:featuredmedia":[{"embeddable":true,"href":"https:\/\/serveiseducatius.xtec.cat\/vallesoccidental6\/wp-json\/wp\/v2\/media\/14478"}],"wp:attachment":[{"href":"https:\/\/serveiseducatius.xtec.cat\/vallesoccidental6\/wp-json\/wp\/v2\/media?parent=14477"}],"wp:term":[{"taxonomy":"category","embeddable":true,"href":"https:\/\/serveiseducatius.xtec.cat\/vallesoccidental6\/wp-json\/wp\/v2\/categories?post=14477"},{"taxonomy":"post_tag","embeddable":true,"href":"https:\/\/serveiseducatius.xtec.cat\/vallesoccidental6\/wp-json\/wp\/v2\/tags?post=14477"}],"curies":[{"name":"wp","href":"https:\/\/api.w.org\/{rel}","templated":true}]}}