{"id":14261,"date":"2022-02-08T09:31:25","date_gmt":"2022-02-08T08:31:25","guid":{"rendered":"https:\/\/serveiseducatius.xtec.cat\/vallesoccidental6\/?p=14261"},"modified":"2023-02-07T13:48:46","modified_gmt":"2023-02-07T12:48:46","slug":"maleta-del-dol-migratori","status":"publish","type":"post","link":"https:\/\/serveiseducatius.xtec.cat\/vallesoccidental6\/general\/maleta-del-dol-migratori\/","title":{"rendered":"Maleta del dol migratori"},"content":{"rendered":"<p>Us presentem la\u00a0<strong>Maleta del dol migratori<\/strong> del Servei Educatiu del Vall\u00e8s Occidental VI.<\/p>\n<p>Disposem d&#8217;una maleta per a l&#8217;alumnat d&#8217;educaci\u00f3 infantil i prim\u00e0ria i una per a l&#8217;alumnat de secund\u00e0ria. Ambdues disposen de materials i propostes did\u00e0ctiques en format digital, aix\u00ed com tamb\u00e9 d&#8217;un seguit d&#8217;\u00e0lbums il\u00b7lustrats i novel\u00b7les que ens permetran treballar amb l&#8217;alumnat temes com: les migracions, l&#8217;acollida i l&#8217;abordatge del dol migratori des de les nostres aules.<\/p>\n<table style=\"border-collapse: collapse; width: 100%;\">\n<tbody>\n<tr>\n<td style=\"width: 60.0095%; border-style: hidden; text-align: right;\"><img loading=\"lazy\" decoding=\"async\" class=\"alignright wp-image-14262 size-large\" src=\"https:\/\/serveiseducatius.xtec.cat\/vallesoccidental6\/wp-content\/uploads\/usu1109\/2022\/04\/FireShot-Capture-030-Maleta-dol-migratori-Servei-Educatiu-VOCC-VI_-Google-Drive_-drive.google.com_-1024x640.png\" alt=\"\" width=\"1024\" height=\"640\" srcset=\"https:\/\/serveiseducatius.xtec.cat\/vallesoccidental6\/wp-content\/uploads\/usu1109\/2022\/04\/FireShot-Capture-030-Maleta-dol-migratori-Servei-Educatiu-VOCC-VI_-Google-Drive_-drive.google.com_-1024x640.png 1024w, https:\/\/serveiseducatius.xtec.cat\/vallesoccidental6\/wp-content\/uploads\/usu1109\/2022\/04\/FireShot-Capture-030-Maleta-dol-migratori-Servei-Educatiu-VOCC-VI_-Google-Drive_-drive.google.com_-300x188.png 300w, https:\/\/serveiseducatius.xtec.cat\/vallesoccidental6\/wp-content\/uploads\/usu1109\/2022\/04\/FireShot-Capture-030-Maleta-dol-migratori-Servei-Educatiu-VOCC-VI_-Google-Drive_-drive.google.com_-768x480.png 768w, https:\/\/serveiseducatius.xtec.cat\/vallesoccidental6\/wp-content\/uploads\/usu1109\/2022\/04\/FireShot-Capture-030-Maleta-dol-migratori-Servei-Educatiu-VOCC-VI_-Google-Drive_-drive.google.com_.png 1080w\" sizes=\"auto, (max-width: 1024px) 100vw, 1024px\" \/><\/p>\n<p>&nbsp;<\/td>\n<td style=\"width: 39.9905%; border-style: hidden;\"><img loading=\"lazy\" decoding=\"async\" class=\"aligncenter size-full wp-image-14263\" src=\"https:\/\/serveiseducatius.xtec.cat\/vallesoccidental6\/wp-content\/uploads\/usu1109\/2022\/04\/maleta-dol-migratori-secundaria.png\" alt=\"\" width=\"645\" height=\"605\" srcset=\"https:\/\/serveiseducatius.xtec.cat\/vallesoccidental6\/wp-content\/uploads\/usu1109\/2022\/04\/maleta-dol-migratori-secundaria.png 645w, https:\/\/serveiseducatius.xtec.cat\/vallesoccidental6\/wp-content\/uploads\/usu1109\/2022\/04\/maleta-dol-migratori-secundaria-300x281.png 300w\" sizes=\"auto, (max-width: 645px) 100vw, 645px\" \/><\/td>\n<\/tr>\n<\/tbody>\n<\/table>\n<div style=\"width: 100%;\">\n<div style=\"position: relative; padding-bottom: 56.25%; padding-top: 0; height: 0;\">\n<table style=\"border-collapse: collapse; width: 100%;\">\n<tbody>\n<tr>\n<td style=\"width: 50%;\">\n<div style=\"position: relative; width: 100%; height: 0; padding-top: 56.2500%; padding-bottom: 0; box-shadow: 0 2px 8px 0 rgba(63,69,81,0.16); margin-top: 1.6em; margin-bottom: 0.9em; overflow: hidden; border-radius: 8px; will-change: transform;\"><iframe style=\"position: absolute; width: 100%; height: 100%; top: 0; left: 0; border: none; padding: 0; margin: 0;\" src=\"https:\/\/www.canva.com\/design\/DAFZIL2QSQM\/view?embed\" allowfullscreen=\"allowfullscreen\"><br \/>\n<\/iframe><\/div>\n<p><a href=\"https:\/\/www.canva.com\/design\/DAFZIL2QSQM\/view?utm_content=DAFZIL2QSQM&amp;utm_campaign=designshare&amp;utm_medium=embeds&amp;utm_source=link\" target=\"_blank\" rel=\"noopener\">Dossier 1aria Maleta DOL MIGRATORI<\/a> de SE CRP del Vall\u00e8s Occidental VI<\/td>\n<td style=\"width: 50%;\">\n<div style=\"position: relative; width: 100%; height: 0; padding-top: 56.2500%; padding-bottom: 0; box-shadow: 0 2px 8px 0 rgba(63,69,81,0.16); margin-top: 1.6em; margin-bottom: 0.9em; overflow: hidden; border-radius: 8px; will-change: transform;\"><iframe style=\"position: absolute; width: 100%; height: 100%; top: 0; left: 0; border: none; padding: 0; margin: 0;\" src=\"https:\/\/www.canva.com\/design\/DAFZ4FruVVs\/view?embed\" allowfullscreen=\"allowfullscreen\"><br \/>\n<\/iframe><\/div>\n<p><a href=\"https:\/\/www.canva.com\/design\/DAFZ4FruVVs\/view?utm_content=DAFZ4FruVVs&amp;utm_campaign=designshare&amp;utm_medium=embeds&amp;utm_source=link\" target=\"_blank\" rel=\"noopener\">Dossier 2aria Maleta DOL MIGRATORI<\/a> de SE CRP del Vall\u00e8s Occidental VI<\/td>\n<\/tr>\n<\/tbody>\n<\/table>\n<\/div>\n<\/div>\n<p>&nbsp;<\/p>\n","protected":false},"excerpt":{"rendered":"<p>Us presentem la\u00a0Maleta del dol migratori del Servei Educatiu del Vall\u00e8s Occidental VI.<\/p>\n","protected":false},"author":1,"featured_media":14265,"comment_status":"closed","ping_status":"closed","sticky":false,"template":"","format":"standard","meta":{"_bbp_topic_count":0,"_bbp_reply_count":0,"_bbp_total_topic_count":0,"_bbp_total_reply_count":0,"_bbp_voice_count":0,"_bbp_anonymous_reply_count":0,"_bbp_topic_count_hidden":0,"_bbp_reply_count_hidden":0,"_bbp_forum_subforum_count":0,"site-sidebar-layout":"default","site-content-layout":"","ast-site-content-layout":"","site-content-style":"default","site-sidebar-style":"default","ast-global-header-display":"","ast-banner-title-visibility":"","ast-main-header-display":"","ast-hfb-above-header-display":"","ast-hfb-below-header-display":"","ast-hfb-mobile-header-display":"","site-post-title":"","ast-breadcrumbs-content":"","ast-featured-img":"","footer-sml-layout":"","theme-transparent-header-meta":"","adv-header-id-meta":"","stick-header-meta":"","header-above-stick-meta":"","header-main-stick-meta":"","header-below-stick-meta":"","astra-migrate-meta-layouts":"default","ast-page-background-enabled":"default","ast-page-background-meta":{"desktop":{"background-color":"var(--ast-global-color-4)","background-image":"","background-repeat":"repeat","background-position":"center center","background-size":"auto","background-attachment":"scroll","background-type":"","background-media":"","overlay-type":"","overlay-color":"","overlay-opacity":"","overlay-gradient":""},"tablet":{"background-color":"","background-image":"","background-repeat":"repeat","background-position":"center center","background-size":"auto","background-attachment":"scroll","background-type":"","background-media":"","overlay-type":"","overlay-color":"","overlay-opacity":"","overlay-gradient":""},"mobile":{"background-color":"","background-image":"","background-repeat":"repeat","background-position":"center center","background-size":"auto","background-attachment":"scroll","background-type":"","background-media":"","overlay-type":"","overlay-color":"","overlay-opacity":"","overlay-gradient":""}},"ast-content-background-meta":{"desktop":{"background-color":"var(--ast-global-color-5)","background-image":"","background-repeat":"repeat","background-position":"center center","background-size":"auto","background-attachment":"scroll","background-type":"","background-media":"","overlay-type":"","overlay-color":"","overlay-opacity":"","overlay-gradient":""},"tablet":{"background-color":"var(--ast-global-color-5)","background-image":"","background-repeat":"repeat","background-position":"center center","background-size":"auto","background-attachment":"scroll","background-type":"","background-media":"","overlay-type":"","overlay-color":"","overlay-opacity":"","overlay-gradient":""},"mobile":{"background-color":"var(--ast-global-color-5)","background-image":"","background-repeat":"repeat","background-position":"center center","background-size":"auto","background-attachment":"scroll","background-type":"","background-media":"","overlay-type":"","overlay-color":"","overlay-opacity":"","overlay-gradient":""}},"footnotes":""},"categories":[1,82,29,531],"tags":[],"class_list":["post-14261","post","type-post","status-publish","format-standard","has-post-thumbnail","hentry","category-general","category-maletes-pedagogiques","category-portada","category-telegram"],"post_mailing_queue_ids":[],"_links":{"self":[{"href":"https:\/\/serveiseducatius.xtec.cat\/vallesoccidental6\/wp-json\/wp\/v2\/posts\/14261","targetHints":{"allow":["GET"]}}],"collection":[{"href":"https:\/\/serveiseducatius.xtec.cat\/vallesoccidental6\/wp-json\/wp\/v2\/posts"}],"about":[{"href":"https:\/\/serveiseducatius.xtec.cat\/vallesoccidental6\/wp-json\/wp\/v2\/types\/post"}],"author":[{"embeddable":true,"href":"https:\/\/serveiseducatius.xtec.cat\/vallesoccidental6\/wp-json\/wp\/v2\/users\/1"}],"replies":[{"embeddable":true,"href":"https:\/\/serveiseducatius.xtec.cat\/vallesoccidental6\/wp-json\/wp\/v2\/comments?post=14261"}],"version-history":[{"count":3,"href":"https:\/\/serveiseducatius.xtec.cat\/vallesoccidental6\/wp-json\/wp\/v2\/posts\/14261\/revisions"}],"predecessor-version":[{"id":15307,"href":"https:\/\/serveiseducatius.xtec.cat\/vallesoccidental6\/wp-json\/wp\/v2\/posts\/14261\/revisions\/15307"}],"wp:featuredmedia":[{"embeddable":true,"href":"https:\/\/serveiseducatius.xtec.cat\/vallesoccidental6\/wp-json\/wp\/v2\/media\/14265"}],"wp:attachment":[{"href":"https:\/\/serveiseducatius.xtec.cat\/vallesoccidental6\/wp-json\/wp\/v2\/media?parent=14261"}],"wp:term":[{"taxonomy":"category","embeddable":true,"href":"https:\/\/serveiseducatius.xtec.cat\/vallesoccidental6\/wp-json\/wp\/v2\/categories?post=14261"},{"taxonomy":"post_tag","embeddable":true,"href":"https:\/\/serveiseducatius.xtec.cat\/vallesoccidental6\/wp-json\/wp\/v2\/tags?post=14261"}],"curies":[{"name":"wp","href":"https:\/\/api.w.org\/{rel}","templated":true}]}}