{"id":14215,"date":"2022-03-31T10:00:24","date_gmt":"2022-03-31T08:00:24","guid":{"rendered":"https:\/\/serveiseducatius.xtec.cat\/vallesoccidental6\/?p=14215"},"modified":"2022-03-31T08:52:14","modified_gmt":"2022-03-31T06:52:14","slug":"xii-jornada-les-matematiques-entre-la-secundaria-i-la-universitat-pensar-i-calcular","status":"publish","type":"post","link":"https:\/\/serveiseducatius.xtec.cat\/vallesoccidental6\/general\/xii-jornada-les-matematiques-entre-la-secundaria-i-la-universitat-pensar-i-calcular\/","title":{"rendered":"XII Jornada Les matem\u00e0tiques entre la secund\u00e0ria i la universitat. Pensar i calcular."},"content":{"rendered":"<p style=\"font-weight: 400;\"><img loading=\"lazy\" decoding=\"async\" class=\"size-full wp-image-14216 alignright\" src=\"https:\/\/serveiseducatius.xtec.cat\/vallesoccidental6\/wp-content\/uploads\/usu1109\/2022\/03\/unnamed-4.png\" alt=\"\" width=\"339\" height=\"136\" srcset=\"https:\/\/serveiseducatius.xtec.cat\/vallesoccidental6\/wp-content\/uploads\/usu1109\/2022\/03\/unnamed-4.png 339w, https:\/\/serveiseducatius.xtec.cat\/vallesoccidental6\/wp-content\/uploads\/usu1109\/2022\/03\/unnamed-4-300x120.png 300w\" sizes=\"auto, (max-width: 339px) 100vw, 339px\" \/>A la trobada que han organitzat enguany en el marc del Programa Arg\u00f3 de l&#8217;ICE en col\u00b7laboraci\u00f3 amb el <a href=\"https:\/\/www.uab.cat\/matematiques\/\" data-saferedirecturl=\"https:\/\/www.google.com\/url?q=https:\/\/www.uab.cat\/matematiques\/&amp;source=gmail&amp;ust=1648793342881000&amp;usg=AOvVaw28mHVfHkwvEX54LoImjVyY\">Departament de Matem\u00e0tiques de la UAB<\/a> se centrar\u00e0 en Pensar i de Calcular. L\u2019experi\u00e8ncia diu que pensar, raonar, reflexionar, trobar un m\u00e8tode, ens ajuda molt a l\u2019hora de calcular, a determinar una valor, a solucionar algun problema que requereix un proc\u00e9s matem\u00e0tic. Afortunadament, aquesta ajuda tamb\u00e9 funciona en el sentit invers. Un c\u00e0lcul concret, uns comptes particulars, poden portar a una resoluci\u00f3 m\u00e9s general i fins i tot a entendre millor l\u2019exemple que estiguem considerant. No obstant, quantes vegades no hem sentit \u201cNo calculis, pensa\u201d o\u00a0 \u201cNo pensis, calcula\u201d. A les nostres classes donem prou import\u00e0ncia al raonament i al c\u00e0lcul? Ens hem acontentat en explicar m\u00e8todes algor\u00edtmics i manipulaci\u00f3 de s\u00edmbols ? &#8220;Aix\u00f2 ho necessitar\u00e0s m\u00e9s tard&#8221; mai ha estat una gran motivaci\u00f3, sobretot si resulta que no \u00e9s cert.<\/p>\n<p style=\"font-weight: 400;\">Plantegem si tot plegat se sap transmetre durant l&#8217;ensenyament obligatori, durant el batxillerat i durant el primer any d&#8217;universitat.<\/p>\n<p style=\"font-weight: 400;\"><strong>Lloc<\/strong>:\u00a0Sala d&#8217;Actes de la\u00a0<a href=\"https:\/\/www.uab.cat\/ciencies\/\" data-saferedirecturl=\"https:\/\/www.google.com\/url?q=https:\/\/www.uab.cat\/ciencies\/&amp;source=gmail&amp;ust=1648793342881000&amp;usg=AOvVaw3YvXeooBKf9_Xem5hdB3U2\">Facultat de Ci\u00e8ncies\u00a0 de la UAB<\/a><br \/>\n<strong>Data<\/strong>:\u00a0Dijous 7 i 21\u00a0 d&#8217;abril de 2022<br \/>\n<strong>Preu<\/strong>:\u00a05 euros<\/p>\n<p style=\"font-weight: 400;\">\n<p style=\"font-weight: 400;\">Activitat reconeguda com a formaci\u00f3 permanent del professorat pel Departament d\u2019Ensenyament.<\/p>\n<p style=\"font-weight: 400;\">Podeu consultar el programa i accedir al formulari d\u2019inscripci\u00f3 en aquesta p\u00e0gina\u00a0<a href=\"https:\/\/www.uab.cat\/web?d=&amp;c=Page&amp;pagename=w-ICE%2FPage%2FTemplatePageInteriorWEB_FacultatsUAB2015_RWD&amp;cid=1345856628894\" data-saferedirecturl=\"https:\/\/www.google.com\/url?q=https:\/\/www.uab.cat\/web?d%3D%26c%3DPage%26pagename%3Dw-ICE%252FPage%252FTemplatePageInteriorWEB_FacultatsUAB2015_RWD%26cid%3D1345856628894&amp;source=gmail&amp;ust=1648793342881000&amp;usg=AOvVaw1_gVW9j7OvTpUqQXkgYnoY\">XII Jornada Les matem\u00e0tiques entre la secund\u00e0ria i la universitat. Pensar i calcular. &#8211; Institut de Ci\u00e8ncies de l&#8217;Educaci\u00f3 de la UAB &#8211; UAB Barcelona<\/a><\/p>\n","protected":false},"excerpt":{"rendered":"<p>A la trobada que han organitzat enguany en el marc del Programa Arg\u00f3 de l&#8217;ICE en col\u00b7laboraci\u00f3 amb el Departament de Matem\u00e0tiques de la UAB se centrar\u00e0 en Pensar i de Calcular.<\/p>\n","protected":false},"author":1,"featured_media":14216,"comment_status":"closed","ping_status":"closed","sticky":false,"template":"","format":"standard","meta":{"_bbp_topic_count":0,"_bbp_reply_count":0,"_bbp_total_topic_count":0,"_bbp_total_reply_count":0,"_bbp_voice_count":0,"_bbp_anonymous_reply_count":0,"_bbp_topic_count_hidden":0,"_bbp_reply_count_hidden":0,"_bbp_forum_subforum_count":0,"site-sidebar-layout":"default","site-content-layout":"","ast-site-content-layout":"","site-content-style":"default","site-sidebar-style":"default","ast-global-header-display":"","ast-banner-title-visibility":"","ast-main-header-display":"","ast-hfb-above-header-display":"","ast-hfb-below-header-display":"","ast-hfb-mobile-header-display":"","site-post-title":"","ast-breadcrumbs-content":"","ast-featured-img":"","footer-sml-layout":"","theme-transparent-header-meta":"","adv-header-id-meta":"","stick-header-meta":"","header-above-stick-meta":"","header-main-stick-meta":"","header-below-stick-meta":"","astra-migrate-meta-layouts":"default","ast-page-background-enabled":"default","ast-page-background-meta":{"desktop":{"background-color":"var(--ast-global-color-4)","background-image":"","background-repeat":"repeat","background-position":"center center","background-size":"auto","background-attachment":"scroll","background-type":"","background-media":"","overlay-type":"","overlay-color":"","overlay-opacity":"","overlay-gradient":""},"tablet":{"background-color":"","background-image":"","background-repeat":"repeat","background-position":"center center","background-size":"auto","background-attachment":"scroll","background-type":"","background-media":"","overlay-type":"","overlay-color":"","overlay-opacity":"","overlay-gradient":""},"mobile":{"background-color":"","background-image":"","background-repeat":"repeat","background-position":"center center","background-size":"auto","background-attachment":"scroll","background-type":"","background-media":"","overlay-type":"","overlay-color":"","overlay-opacity":"","overlay-gradient":""}},"ast-content-background-meta":{"desktop":{"background-color":"var(--ast-global-color-5)","background-image":"","background-repeat":"repeat","background-position":"center center","background-size":"auto","background-attachment":"scroll","background-type":"","background-media":"","overlay-type":"","overlay-color":"","overlay-opacity":"","overlay-gradient":""},"tablet":{"background-color":"var(--ast-global-color-5)","background-image":"","background-repeat":"repeat","background-position":"center center","background-size":"auto","background-attachment":"scroll","background-type":"","background-media":"","overlay-type":"","overlay-color":"","overlay-opacity":"","overlay-gradient":""},"mobile":{"background-color":"var(--ast-global-color-5)","background-image":"","background-repeat":"repeat","background-position":"center center","background-size":"auto","background-attachment":"scroll","background-type":"","background-media":"","overlay-type":"","overlay-color":"","overlay-opacity":"","overlay-gradient":""}},"footnotes":""},"categories":[1,29,531],"tags":[],"class_list":["post-14215","post","type-post","status-publish","format-standard","has-post-thumbnail","hentry","category-general","category-portada","category-telegram"],"post_mailing_queue_ids":[],"_links":{"self":[{"href":"https:\/\/serveiseducatius.xtec.cat\/vallesoccidental6\/wp-json\/wp\/v2\/posts\/14215","targetHints":{"allow":["GET"]}}],"collection":[{"href":"https:\/\/serveiseducatius.xtec.cat\/vallesoccidental6\/wp-json\/wp\/v2\/posts"}],"about":[{"href":"https:\/\/serveiseducatius.xtec.cat\/vallesoccidental6\/wp-json\/wp\/v2\/types\/post"}],"author":[{"embeddable":true,"href":"https:\/\/serveiseducatius.xtec.cat\/vallesoccidental6\/wp-json\/wp\/v2\/users\/1"}],"replies":[{"embeddable":true,"href":"https:\/\/serveiseducatius.xtec.cat\/vallesoccidental6\/wp-json\/wp\/v2\/comments?post=14215"}],"version-history":[{"count":1,"href":"https:\/\/serveiseducatius.xtec.cat\/vallesoccidental6\/wp-json\/wp\/v2\/posts\/14215\/revisions"}],"predecessor-version":[{"id":14217,"href":"https:\/\/serveiseducatius.xtec.cat\/vallesoccidental6\/wp-json\/wp\/v2\/posts\/14215\/revisions\/14217"}],"wp:featuredmedia":[{"embeddable":true,"href":"https:\/\/serveiseducatius.xtec.cat\/vallesoccidental6\/wp-json\/wp\/v2\/media\/14216"}],"wp:attachment":[{"href":"https:\/\/serveiseducatius.xtec.cat\/vallesoccidental6\/wp-json\/wp\/v2\/media?parent=14215"}],"wp:term":[{"taxonomy":"category","embeddable":true,"href":"https:\/\/serveiseducatius.xtec.cat\/vallesoccidental6\/wp-json\/wp\/v2\/categories?post=14215"},{"taxonomy":"post_tag","embeddable":true,"href":"https:\/\/serveiseducatius.xtec.cat\/vallesoccidental6\/wp-json\/wp\/v2\/tags?post=14215"}],"curies":[{"name":"wp","href":"https:\/\/api.w.org\/{rel}","templated":true}]}}