{"id":14212,"date":"2022-03-31T08:42:14","date_gmt":"2022-03-31T06:42:14","guid":{"rendered":"https:\/\/serveiseducatius.xtec.cat\/vallesoccidental6\/?p=14212"},"modified":"2022-03-31T08:42:14","modified_gmt":"2022-03-31T06:42:14","slug":"revista-namaka-concurs-de-sant-jordi-per-a-les-escoles","status":"publish","type":"post","link":"https:\/\/serveiseducatius.xtec.cat\/vallesoccidental6\/general\/revista-namaka-concurs-de-sant-jordi-per-a-les-escoles\/","title":{"rendered":"Revista Namaka: Concurs de Sant Jordi per a les escoles"},"content":{"rendered":"<ul>\n<li><b><img loading=\"lazy\" decoding=\"async\" class=\"wp-image-45048 alignright\" src=\"https:\/\/revistanamaka.com\/wp-content\/uploads\/2022\/03\/Carlos_lluch_sant_jordi-2.png\" sizes=\"auto, (max-width: 448px) 100vw, 448px\" srcset=\"https:\/\/revistanamaka.com\/wp-content\/uploads\/2022\/03\/Carlos_lluch_sant_jordi-2.png 2598w, https:\/\/revistanamaka.com\/wp-content\/uploads\/2022\/03\/Carlos_lluch_sant_jordi-2-215x300.png 215w, https:\/\/revistanamaka.com\/wp-content\/uploads\/2022\/03\/Carlos_lluch_sant_jordi-2-738x1030.png 738w, https:\/\/revistanamaka.com\/wp-content\/uploads\/2022\/03\/Carlos_lluch_sant_jordi-2-768x1072.png 768w, https:\/\/revistanamaka.com\/wp-content\/uploads\/2022\/03\/Carlos_lluch_sant_jordi-2-1101x1536.png 1101w, https:\/\/revistanamaka.com\/wp-content\/uploads\/2022\/03\/Carlos_lluch_sant_jordi-2-1467x2048.png 1467w, https:\/\/revistanamaka.com\/wp-content\/uploads\/2022\/03\/Carlos_lluch_sant_jordi-2-1075x1500.png 1075w, https:\/\/revistanamaka.com\/wp-content\/uploads\/2022\/03\/Carlos_lluch_sant_jordi-2-505x705.png 505w, https:\/\/revistanamaka.com\/wp-content\/uploads\/2022\/03\/Carlos_lluch_sant_jordi-2-600x837.png 600w\" alt=\"\" width=\"300\" height=\"419\" \/>A qui va adre\u00e7at?<\/b><\/li>\n<\/ul>\n<p>\u00c9s un concurs per a les escoles. L\u2019objectiu \u00e9s celebrar la diada de Sant Jordi tot treballant la interpretaci\u00f3 d\u2019imatges.<\/p>\n<p>Hi pot participar tot l\u2019alumnat del cicle de prim\u00e0ria. El concurs \u00e9s individual, per\u00f2 est\u00e0 pensat per dur-lo a terme tota l\u2019aula i que hi participin tots els infants, per aix\u00f2 el premi s\u2019enviar\u00e0 a l\u2019escola.<\/p>\n<ul>\n<li><b>Qu\u00e8 ha de fer l\u2019alumnat?<\/b><\/li>\n<\/ul>\n<p>Cada alumne\/a ha de crear una petita hist\u00f2ria a partir de la seg\u00fcent imatge de l\u2019il\u00b7lustrador Carlos Lluch (@carloslluchilustra):<\/p>\n<p>Podeu descarregar-vos-la clicant\u00a0<a href=\"https:\/\/drive.google.com\/file\/d\/1Wq60_BoHYPOqIGBzX0hEWOOkdNBjyI6h\/view?usp=sharing\">aqu\u00ed<\/a>, per poder projectar-la a l\u2019aula.\u00a0Valorarem molt positivament la creativitat, l\u2019estil i l\u2019estructura de la narraci\u00f3.<\/p>\n<p>Poden fer servir un m\u00e0xim de 300 paraules i els escrits han d\u2019estar escrits en catal\u00e0. Hi ha d\u2019apar\u00e8ixer el nom de l\u2019infant, el curs i l\u2019escola.<\/p>\n<p>Un cop tingueu les redaccions acabades, escanegeu o envieu una fotografia a info@revistanamaka.com. Tamb\u00e9 ens les podeu fer arribar al whatsapp de\u00a0<em>Namaka<\/em>\u00a0638 80 46 12 especificant que participeu en el concurs de Sant Jordi.<\/p>\n<ul>\n<li><b>Quin \u00e9s el premi?<\/b><\/li>\n<\/ul>\n<p>Pots guanyar un d\u2019aquests tres lots de llibres:<\/p>\n<p><img loading=\"lazy\" decoding=\"async\" class=\"wp-image-45058 aligncenter\" src=\"https:\/\/revistanamaka.com\/wp-content\/uploads\/2022\/03\/yeahhhuniido-1.jpg\" sizes=\"auto, (max-width: 1847px) 100vw, 1847px\" srcset=\"https:\/\/revistanamaka.com\/wp-content\/uploads\/2022\/03\/yeahhhuniido-1.jpg 1847w, https:\/\/revistanamaka.com\/wp-content\/uploads\/2022\/03\/yeahhhuniido-1-300x104.jpg 300w, https:\/\/revistanamaka.com\/wp-content\/uploads\/2022\/03\/yeahhhuniido-1-1030x356.jpg 1030w, https:\/\/revistanamaka.com\/wp-content\/uploads\/2022\/03\/yeahhhuniido-1-768x265.jpg 768w, https:\/\/revistanamaka.com\/wp-content\/uploads\/2022\/03\/yeahhhuniido-1-1536x531.jpg 1536w, https:\/\/revistanamaka.com\/wp-content\/uploads\/2022\/03\/yeahhhuniido-1-1500x518.jpg 1500w, https:\/\/revistanamaka.com\/wp-content\/uploads\/2022\/03\/yeahhhuniido-1-705x244.jpg 705w, https:\/\/revistanamaka.com\/wp-content\/uploads\/2022\/03\/yeahhhuniido-1-600x207.jpg 600w\" alt=\"\" width=\"799\" height=\"276\" \/><\/p>\n<ul>\n<li><b>Fins quan podem participar-hi i quan coneixerem les persones guanyadores?<\/b><\/li>\n<\/ul>\n<p>El pr\u00f2xim 22 d\u2019abril ser\u00e0 el darrer dia per fer entrega de les propostes. El 26 d\u2019abril desvelarem quines escoles han guanyat els tres lots de llibres.<\/p>\n","protected":false},"excerpt":{"rendered":"<p>Un nou concurs per a les escoles, amb l\u2019objectiu de celebrar la diada de Sant Jordi tot treballant la interpretaci\u00f3 d\u2019imatges.<\/p>\n","protected":false},"author":1,"featured_media":14213,"comment_status":"closed","ping_status":"closed","sticky":false,"template":"","format":"standard","meta":{"_bbp_topic_count":0,"_bbp_reply_count":0,"_bbp_total_topic_count":0,"_bbp_total_reply_count":0,"_bbp_voice_count":0,"_bbp_anonymous_reply_count":0,"_bbp_topic_count_hidden":0,"_bbp_reply_count_hidden":0,"_bbp_forum_subforum_count":0,"site-sidebar-layout":"default","site-content-layout":"","ast-site-content-layout":"","site-content-style":"default","site-sidebar-style":"default","ast-global-header-display":"","ast-banner-title-visibility":"","ast-main-header-display":"","ast-hfb-above-header-display":"","ast-hfb-below-header-display":"","ast-hfb-mobile-header-display":"","site-post-title":"","ast-breadcrumbs-content":"","ast-featured-img":"","footer-sml-layout":"","theme-transparent-header-meta":"","adv-header-id-meta":"","stick-header-meta":"","header-above-stick-meta":"","header-main-stick-meta":"","header-below-stick-meta":"","astra-migrate-meta-layouts":"default","ast-page-background-enabled":"default","ast-page-background-meta":{"desktop":{"background-color":"var(--ast-global-color-4)","background-image":"","background-repeat":"repeat","background-position":"center center","background-size":"auto","background-attachment":"scroll","background-type":"","background-media":"","overlay-type":"","overlay-color":"","overlay-opacity":"","overlay-gradient":""},"tablet":{"background-color":"","background-image":"","background-repeat":"repeat","background-position":"center center","background-size":"auto","background-attachment":"scroll","background-type":"","background-media":"","overlay-type":"","overlay-color":"","overlay-opacity":"","overlay-gradient":""},"mobile":{"background-color":"","background-image":"","background-repeat":"repeat","background-position":"center center","background-size":"auto","background-attachment":"scroll","background-type":"","background-media":"","overlay-type":"","overlay-color":"","overlay-opacity":"","overlay-gradient":""}},"ast-content-background-meta":{"desktop":{"background-color":"var(--ast-global-color-5)","background-image":"","background-repeat":"repeat","background-position":"center center","background-size":"auto","background-attachment":"scroll","background-type":"","background-media":"","overlay-type":"","overlay-color":"","overlay-opacity":"","overlay-gradient":""},"tablet":{"background-color":"var(--ast-global-color-5)","background-image":"","background-repeat":"repeat","background-position":"center center","background-size":"auto","background-attachment":"scroll","background-type":"","background-media":"","overlay-type":"","overlay-color":"","overlay-opacity":"","overlay-gradient":""},"mobile":{"background-color":"var(--ast-global-color-5)","background-image":"","background-repeat":"repeat","background-position":"center center","background-size":"auto","background-attachment":"scroll","background-type":"","background-media":"","overlay-type":"","overlay-color":"","overlay-opacity":"","overlay-gradient":""}},"footnotes":""},"categories":[1,29,531],"tags":[],"class_list":["post-14212","post","type-post","status-publish","format-standard","has-post-thumbnail","hentry","category-general","category-portada","category-telegram"],"post_mailing_queue_ids":[],"_links":{"self":[{"href":"https:\/\/serveiseducatius.xtec.cat\/vallesoccidental6\/wp-json\/wp\/v2\/posts\/14212","targetHints":{"allow":["GET"]}}],"collection":[{"href":"https:\/\/serveiseducatius.xtec.cat\/vallesoccidental6\/wp-json\/wp\/v2\/posts"}],"about":[{"href":"https:\/\/serveiseducatius.xtec.cat\/vallesoccidental6\/wp-json\/wp\/v2\/types\/post"}],"author":[{"embeddable":true,"href":"https:\/\/serveiseducatius.xtec.cat\/vallesoccidental6\/wp-json\/wp\/v2\/users\/1"}],"replies":[{"embeddable":true,"href":"https:\/\/serveiseducatius.xtec.cat\/vallesoccidental6\/wp-json\/wp\/v2\/comments?post=14212"}],"version-history":[{"count":1,"href":"https:\/\/serveiseducatius.xtec.cat\/vallesoccidental6\/wp-json\/wp\/v2\/posts\/14212\/revisions"}],"predecessor-version":[{"id":14214,"href":"https:\/\/serveiseducatius.xtec.cat\/vallesoccidental6\/wp-json\/wp\/v2\/posts\/14212\/revisions\/14214"}],"wp:featuredmedia":[{"embeddable":true,"href":"https:\/\/serveiseducatius.xtec.cat\/vallesoccidental6\/wp-json\/wp\/v2\/media\/14213"}],"wp:attachment":[{"href":"https:\/\/serveiseducatius.xtec.cat\/vallesoccidental6\/wp-json\/wp\/v2\/media?parent=14212"}],"wp:term":[{"taxonomy":"category","embeddable":true,"href":"https:\/\/serveiseducatius.xtec.cat\/vallesoccidental6\/wp-json\/wp\/v2\/categories?post=14212"},{"taxonomy":"post_tag","embeddable":true,"href":"https:\/\/serveiseducatius.xtec.cat\/vallesoccidental6\/wp-json\/wp\/v2\/tags?post=14212"}],"curies":[{"name":"wp","href":"https:\/\/api.w.org\/{rel}","templated":true}]}}