{"id":14111,"date":"2022-03-18T12:00:16","date_gmt":"2022-03-18T11:00:16","guid":{"rendered":"https:\/\/serveiseducatius.xtec.cat\/vallesoccidental6\/?p=14111"},"modified":"2022-03-21T11:17:41","modified_gmt":"2022-03-21T10:17:41","slug":"agora-de-debat-els-malestars-emocionals-en-joves-i-adolescents-en-el-moment-actual","status":"publish","type":"post","link":"https:\/\/serveiseducatius.xtec.cat\/vallesoccidental6\/general\/agora-de-debat-els-malestars-emocionals-en-joves-i-adolescents-en-el-moment-actual\/","title":{"rendered":"\u00c0gora de Debat &#8220;Els malestars emocionals en joves i adolescents en el moment actual&#8221;"},"content":{"rendered":"<p><span lang=\"CA\"><img loading=\"lazy\" decoding=\"async\" class=\"aligncenter wp-image-14112\" src=\"https:\/\/serveiseducatius.xtec.cat\/vallesoccidental6\/wp-content\/uploads\/usu1109\/2022\/03\/unnamed-8-959x1024.jpg\" alt=\"\" width=\"536\" height=\"573\" srcset=\"https:\/\/serveiseducatius.xtec.cat\/vallesoccidental6\/wp-content\/uploads\/usu1109\/2022\/03\/unnamed-8-959x1024.jpg 959w, https:\/\/serveiseducatius.xtec.cat\/vallesoccidental6\/wp-content\/uploads\/usu1109\/2022\/03\/unnamed-8-281x300.jpg 281w, https:\/\/serveiseducatius.xtec.cat\/vallesoccidental6\/wp-content\/uploads\/usu1109\/2022\/03\/unnamed-8-768x820.jpg 768w, https:\/\/serveiseducatius.xtec.cat\/vallesoccidental6\/wp-content\/uploads\/usu1109\/2022\/03\/unnamed-8-1439x1536.jpg 1439w, https:\/\/serveiseducatius.xtec.cat\/vallesoccidental6\/wp-content\/uploads\/usu1109\/2022\/03\/unnamed-8.jpg 1573w\" sizes=\"auto, (max-width: 536px) 100vw, 536px\" \/><\/span><\/p>\n<p><span lang=\"CA\">La pand\u00e8mia ha provocat una afectaci\u00f3 transversal a tota la poblaci\u00f3 que tamb\u00e9 de forma molt extensiva ha generat malestars emocionals. Malestars molt evidents en la poblaci\u00f3 juvenil. Una realitat incomprensible, que els ha desbordat i ha trencat les seves rutines, les seves relacions habituals i els vincles. Aquesta fractura ha estat un factor contribuent en els malestars i situacions cl\u00edniques que avui observem. En una etapa del desenvolupament en la que el cos cobra una gran import\u00e0ncia, l\u2019abs\u00e8ncia de significat i relat en aquesta poblaci\u00f3 provoca sovint que els malestars s\u2019expressin i recaiguin en el cos.<\/span><\/p>\n<p><span lang=\"CA\">Proposem un<\/span>\u00a0<strong><span lang=\"CA\">di\u00e0leg obert<\/span><\/strong><strong>\u00a0<\/strong><span lang=\"CA\">sobre els malestars emocionals en la poblaci\u00f3 infanto-juvenil. Comptarem amb la participaci\u00f3 de<\/span>\u00a0<strong><span lang=\"CA\">pediatres d\u2019APS, professionals de Salut Mental i del<\/span><\/strong><strong>\u00a0<\/strong><strong><span lang=\"CA\">projecte Konsulta\u2019m i amb joves d\u2019un centre de secund\u00e0ria del barri<\/span><\/strong><span lang=\"CA\">.<\/span>\u00a0<span lang=\"CA\">A tots ells se\u2019ls ha proposat un primer di\u00e0leg a partir de les seg\u00fcents preguntes:<\/span><\/p>\n<ul>\n<li><span lang=\"CA\">Quins han estat els efectes d\u2019aquests dos anys de pand\u00e8mia en la poblaci\u00f3 juvenil?<\/span><\/li>\n<li><span lang=\"CA\">C\u00f3m ha travessat la pand\u00e8mia a l\u2019 adolesc\u00e8ncia?<\/span><\/li>\n<li><span lang=\"CA\">Quins s\u00f3n els malestars que estem veient i vivint?<\/span><\/li>\n<li><span lang=\"CA\">De quina manera fan les demandes els adolescents, tant a les consultes com fora d\u2019elles?<\/span><\/li>\n<li><span lang=\"CA\">Quins abordatges s\u2019estan realitzant?<\/span><\/li>\n<li><span lang=\"CA\">Qu\u00e8 diuen els i les adolescents sobre el seu patiment i sobre com els podem acompanyar?<\/span><\/li>\n<\/ul>\n<p><strong><span lang=\"CA\">La<a href=\"https:\/\/comunicacions.fccsm.net\/c\/j0ej0\/mkqxaeq4\/tdspygklsha\" target=\"_blank\" rel=\"noopener\" data-saferedirecturl=\"https:\/\/www.google.com\/url?q=https:\/\/comunicacions.fccsm.net\/c\/j0ej0\/mkqxaeq4\/tdspygklsha&amp;source=gmail&amp;ust=1647678200960000&amp;usg=AOvVaw0yYIz7-faX8VnAnsqtR_vi\">\u00a0inscripci\u00f3\u00a0<\/a>\u00e9s gratu\u00efta fins omplir la capacitat de la sala.<\/span><\/strong><\/p>\n<p><a href=\"https:\/\/comunicacions.fccsm.net\/c\/j0ej0\/mkqxaeq4\/b3qlkicyega\" target=\"_blank\" rel=\"noopener\" data-saferedirecturl=\"https:\/\/www.google.com\/url?q=https:\/\/comunicacions.fccsm.net\/c\/j0ej0\/mkqxaeq4\/b3qlkicyega&amp;source=gmail&amp;ust=1647678200960000&amp;usg=AOvVaw1zNkjxwlFIWjjh0u5TtcmJ\"><strong><span lang=\"CA\">M\u00e9s informaci\u00f3 clicant aqu\u00ed<\/span><\/strong><\/a><\/p>\n","protected":false},"excerpt":{"rendered":"<p>Proposem un\u00a0di\u00e0leg obert\u00a0sobre els malestars emocionals en la poblaci\u00f3 infanto-juvenil. Comptarem amb la participaci\u00f3 de\u00a0pediatres d\u2019APS, professionals de Salut Mental i del\u00a0projecte Konsulta\u2019m i amb joves d\u2019un centre de secund\u00e0ria del barri.\u00a0<br \/>\nLa pand\u00e8mia ha provocat una afectaci\u00f3 transversal a tota la poblaci\u00f3 que tamb\u00e9 de forma molt extensiva ha generat malestars emocionals. Malestars molt evidents en la poblaci\u00f3 juvenil. Una realitat incomprensible, que els ha desbordat i ha trencat les seves rutines, les seves relacions habituals i els vincles. Aquesta fractura ha estat un factor contribuent en els malestars i situacions cl\u00edniques que avui observem. En una etapa del desenvolupament en la que el cos cobra una gran import\u00e0ncia, l\u2019abs\u00e8ncia de significat i relat en aquesta poblaci\u00f3 provoca sovint que els malestars s\u2019expressin i recaiguin en el cos.<\/p>\n","protected":false},"author":1,"featured_media":14112,"comment_status":"closed","ping_status":"closed","sticky":false,"template":"","format":"standard","meta":{"_bbp_topic_count":0,"_bbp_reply_count":0,"_bbp_total_topic_count":0,"_bbp_total_reply_count":0,"_bbp_voice_count":0,"_bbp_anonymous_reply_count":0,"_bbp_topic_count_hidden":0,"_bbp_reply_count_hidden":0,"_bbp_forum_subforum_count":0,"site-sidebar-layout":"default","site-content-layout":"","ast-site-content-layout":"","site-content-style":"default","site-sidebar-style":"default","ast-global-header-display":"","ast-banner-title-visibility":"","ast-main-header-display":"","ast-hfb-above-header-display":"","ast-hfb-below-header-display":"","ast-hfb-mobile-header-display":"","site-post-title":"","ast-breadcrumbs-content":"","ast-featured-img":"","footer-sml-layout":"","theme-transparent-header-meta":"","adv-header-id-meta":"","stick-header-meta":"","header-above-stick-meta":"","header-main-stick-meta":"","header-below-stick-meta":"","astra-migrate-meta-layouts":"default","ast-page-background-enabled":"default","ast-page-background-meta":{"desktop":{"background-color":"var(--ast-global-color-4)","background-image":"","background-repeat":"repeat","background-position":"center center","background-size":"auto","background-attachment":"scroll","background-type":"","background-media":"","overlay-type":"","overlay-color":"","overlay-opacity":"","overlay-gradient":""},"tablet":{"background-color":"","background-image":"","background-repeat":"repeat","background-position":"center center","background-size":"auto","background-attachment":"scroll","background-type":"","background-media":"","overlay-type":"","overlay-color":"","overlay-opacity":"","overlay-gradient":""},"mobile":{"background-color":"","background-image":"","background-repeat":"repeat","background-position":"center center","background-size":"auto","background-attachment":"scroll","background-type":"","background-media":"","overlay-type":"","overlay-color":"","overlay-opacity":"","overlay-gradient":""}},"ast-content-background-meta":{"desktop":{"background-color":"var(--ast-global-color-5)","background-image":"","background-repeat":"repeat","background-position":"center center","background-size":"auto","background-attachment":"scroll","background-type":"","background-media":"","overlay-type":"","overlay-color":"","overlay-opacity":"","overlay-gradient":""},"tablet":{"background-color":"var(--ast-global-color-5)","background-image":"","background-repeat":"repeat","background-position":"center center","background-size":"auto","background-attachment":"scroll","background-type":"","background-media":"","overlay-type":"","overlay-color":"","overlay-opacity":"","overlay-gradient":""},"mobile":{"background-color":"var(--ast-global-color-5)","background-image":"","background-repeat":"repeat","background-position":"center center","background-size":"auto","background-attachment":"scroll","background-type":"","background-media":"","overlay-type":"","overlay-color":"","overlay-opacity":"","overlay-gradient":""}},"footnotes":""},"categories":[1,29,531],"tags":[],"class_list":["post-14111","post","type-post","status-publish","format-standard","has-post-thumbnail","hentry","category-general","category-portada","category-telegram"],"post_mailing_queue_ids":[],"_links":{"self":[{"href":"https:\/\/serveiseducatius.xtec.cat\/vallesoccidental6\/wp-json\/wp\/v2\/posts\/14111","targetHints":{"allow":["GET"]}}],"collection":[{"href":"https:\/\/serveiseducatius.xtec.cat\/vallesoccidental6\/wp-json\/wp\/v2\/posts"}],"about":[{"href":"https:\/\/serveiseducatius.xtec.cat\/vallesoccidental6\/wp-json\/wp\/v2\/types\/post"}],"author":[{"embeddable":true,"href":"https:\/\/serveiseducatius.xtec.cat\/vallesoccidental6\/wp-json\/wp\/v2\/users\/1"}],"replies":[{"embeddable":true,"href":"https:\/\/serveiseducatius.xtec.cat\/vallesoccidental6\/wp-json\/wp\/v2\/comments?post=14111"}],"version-history":[{"count":1,"href":"https:\/\/serveiseducatius.xtec.cat\/vallesoccidental6\/wp-json\/wp\/v2\/posts\/14111\/revisions"}],"predecessor-version":[{"id":14113,"href":"https:\/\/serveiseducatius.xtec.cat\/vallesoccidental6\/wp-json\/wp\/v2\/posts\/14111\/revisions\/14113"}],"wp:featuredmedia":[{"embeddable":true,"href":"https:\/\/serveiseducatius.xtec.cat\/vallesoccidental6\/wp-json\/wp\/v2\/media\/14112"}],"wp:attachment":[{"href":"https:\/\/serveiseducatius.xtec.cat\/vallesoccidental6\/wp-json\/wp\/v2\/media?parent=14111"}],"wp:term":[{"taxonomy":"category","embeddable":true,"href":"https:\/\/serveiseducatius.xtec.cat\/vallesoccidental6\/wp-json\/wp\/v2\/categories?post=14111"},{"taxonomy":"post_tag","embeddable":true,"href":"https:\/\/serveiseducatius.xtec.cat\/vallesoccidental6\/wp-json\/wp\/v2\/tags?post=14111"}],"curies":[{"name":"wp","href":"https:\/\/api.w.org\/{rel}","templated":true}]}}