{"id":13990,"date":"2022-03-08T08:00:17","date_gmt":"2022-03-08T07:00:17","guid":{"rendered":"https:\/\/serveiseducatius.xtec.cat\/vallesoccidental6\/?p=13990"},"modified":"2022-03-07T22:01:55","modified_gmt":"2022-03-07T21:01:55","slug":"atencio-educativa-a-lalumnat-refugiat-afganes-una-formacio-a-carrec-de-nadia-ghulam","status":"publish","type":"post","link":"https:\/\/serveiseducatius.xtec.cat\/vallesoccidental6\/general\/atencio-educativa-a-lalumnat-refugiat-afganes-una-formacio-a-carrec-de-nadia-ghulam\/","title":{"rendered":"Atenci\u00f3 educativa a l\u2019alumnat refugiat afgan\u00e8s. Una formaci\u00f3 a c\u00e0rrec de Nadia Ghulam"},"content":{"rendered":"<p><img loading=\"lazy\" decoding=\"async\" class=\"size-full wp-image-13991 alignleft\" src=\"https:\/\/serveiseducatius.xtec.cat\/vallesoccidental6\/wp-content\/uploads\/usu1109\/2022\/03\/Nadia-Ghulam.jpg\" alt=\"\" width=\"450\" height=\"200\" srcset=\"https:\/\/serveiseducatius.xtec.cat\/vallesoccidental6\/wp-content\/uploads\/usu1109\/2022\/03\/Nadia-Ghulam.jpg 450w, https:\/\/serveiseducatius.xtec.cat\/vallesoccidental6\/wp-content\/uploads\/usu1109\/2022\/03\/Nadia-Ghulam-300x133.jpg 300w\" sizes=\"auto, (max-width: 450px) 100vw, 450px\" \/>De petita,\u00a0<a href=\"https:\/\/www.nadiaghulam.com\/\"><b>Nadia Ghulam<\/b><\/a>\u00a0va ser testimoni i v\u00edctima de la guerra civil d\u2019Afganistan posterior a la retirada sovi\u00e8tica. Despr\u00e9s de quedar malferida i patir a la pr\u00f2pia pell les conseq\u00fc\u00e8ncies del conflicte, es va haver de fer passar per un noi durant deu anys per poder treballar i mantenir la seva fam\u00edlia. Des del 2006, viu a Barcelona i s\u2019implica en tota mena d\u2019activitats dedicades a divulgar la cultura afganesa i la situaci\u00f3 de les dones al seu pa\u00eds.<\/p>\n<p>En iniciar aquest curs 2021-2022, molts dels nostres centres educatius van rebre alumnes de fam\u00edlies refugiades procedents de l\u2019Afganistan despr\u00e9s que els talibans tornessin a prendre el control del pa\u00eds i provoquessin una\u00a0evacuaci\u00f3 a gran escala de poblaci\u00f3 civil.<\/p>\n<p>Ara, en un moment en qu\u00e8 novament ens trobem davant d\u2019una altra situaci\u00f3 d\u2019enfrontament b\u00e8l\u00b7lic que provocar\u00e0 una nova fugida de poblaci\u00f3, en aquesta ocasi\u00f3, des d\u2019Ucra\u00efna,\u00a0<b>comptem amb l\u2019oportunitat de reflexionar amb la Nadia Ghulam sobre el proc\u00e9s d\u2019atenci\u00f3 educativa que podem oferir a l\u2019alumnat provinent d\u2019una situaci\u00f3 de conflicte b\u00e8l\u00b7lic<\/b>.<\/p>\n<p>Us convidem a participar en les dues sessions en format telem\u00e0tic que impartir\u00e0 la Nadia Ghulam els propers\u00a0<b>dimarts 15 i 29 de mar\u00e7 de 18h a 20h<\/b>\u00a0dins el marc de l\u2019activitat formativa\u00a0<b>\u201cAtenci\u00f3 educativa a l\u2019alumnat afgan\u00e8s\u201d<\/b>.<\/p>\n<p>Aquesta proposta s\u2019emmarca dins del programa\u00a0<a href=\"https:\/\/projectes.fundesplai.org\/nusos\/\"><b>\u201cnuSOS, una proposta per a una ciutadania global\u201d<\/b><\/a>, que impulsa\u00a0<b>Fundesplai<\/b>\u00a0des del curs 2019-2020, una iniciativa des de l\u2019\u00e0mbit de l\u2019educaci\u00f3 en el lleure que t\u00e9 per objectiu educar en valors al voltant del fet migratori, el refugi i la transformaci\u00f3 social a fi de promoure una bona conviv\u00e8ncia intercultural.<\/p>\n<p>L\u2019activitat formativa\u00a0<b>\u201cAtenci\u00f3 educativa a l\u2019alumnat afgan\u00e8s\u201d<\/b>\u00a0t\u00e9 com a objectius:<\/p>\n<ul>\n<li>Compartir i identificar les emocions i els sentiments que poden sentir els infants refugiats.<\/li>\n<li>Adquirir el coneixement i les eines necess\u00e0ries per saber en quina situaci\u00f3 es troben\u00a0 les persones refugiades afganeses i quin \u00e9s el seu context cultural d\u2019origen.<\/li>\n<li>Saber qu\u00e8 suposa el despla\u00e7ament for\u00e7at i les conseq\u00fc\u00e8ncies de la guerra en l\u2019educaci\u00f3 dels infants.<\/li>\n<li>Desenvolupar els valors\u00a0 de l\u2019empatia i la solidaritat davant de la situaci\u00f3 dels infants refugiats, per tal de poder acollir-los millor i valorar-los com a nous companys i companyes que arriben procedents de pa\u00efsos en guerra.<\/li>\n<li>Incorporar a la pr\u00e0ctica docent estrat\u00e8gies i recursos per a l\u2019acollida inicial de l\u2019alumnat refugiat afgan\u00e8s i de les seves fam\u00edlies.<\/li>\n<li>Afavorir la reflexi\u00f3 sobre el proc\u00e9s d\u2019escolaritzaci\u00f3 de l\u2019alumnat d\u2019origen estranger en contextos multiling\u00fces per generar actuacions de millora.<\/li>\n<li>Proporcionar orientacions per planificar els aprenentatges i l\u2019avaluaci\u00f3 dels alumnes nouvinguts.<\/li>\n<\/ul>\n<p>La formaci\u00f3 combinar\u00e0 l\u2019exposici\u00f3 de continguts relacionats amb el model social pol\u00edtic i econ\u00f2mic, l\u2019educaci\u00f3, el context actual de l\u2019Afganistan,\u00a0els motius que empenyen el despla\u00e7ament, el xoc cultural,\u00a0 etc., amb din\u00e0miques vivencials i participatives per afavorir la comprensi\u00f3 del fet migratori i l\u2019arribada a un nou pa\u00eds.\u00a0Al llarg de les sessions es compartiran recursos, fonts d\u2019informaci\u00f3 i lectures recomanades que permetin als participants ampliar els coneixements per treballar amb el seu alumnat.<\/p>\n<p>La inscripci\u00f3 restar\u00e0 oberta fins al<b>\u00a0divendres 11 de mar\u00e7<\/b>\u00a0en aquest\u00a0<a href=\"https:\/\/aplicacions.gestioeducativa.gencat.cat\/pls\/soloas\/pk_for_mod_ins.p_for_detall_activitat?p_header=Llista%20d%27activitats%5Epk_for_mod_ins.p_for_cons_activitats?p_tipus_act=ACO,ADCL,ANSU,TDCL,DJAN,LITU,TSI,PL45,PL49,PL46,PL48,PL50,AF%26p_totes=S%26p_inici=21%26p_excloure_crp_rec=F&amp;p_codi=9001140555&amp;p_curs=2021-2022&amp;p_excloure_crp_rec=F\"><b>enlla\u00e7<\/b><\/a>.\u00a0Aquesta formaci\u00f3 consta de dues sessions s\u00edncrones, que tindran lloc els\u00a0dimarts 15 i 29 de mar\u00e7, de 18h a 20h, i d\u2019unes activitats i reflexi\u00f3 posterior. L\u2019assist\u00e8ncia i aprofitament del curs certificar\u00e0 15 hores de formaci\u00f3.<\/p>\n","protected":false},"excerpt":{"rendered":"<p>De petita,\u00a0Nadia Ghulam\u00a0va ser testimoni i v\u00edctima de la guerra civil d\u2019Afganistan posterior a la retirada sovi\u00e8tica. Despr\u00e9s de quedar malferida i patir a la pr\u00f2pia pell les conseq\u00fc\u00e8ncies del conflicte, es va haver de fer passar per un noi durant deu anys per poder treballar i mantenir la seva fam\u00edlia. Des del 2006, viu a Barcelona i s\u2019implica en tota mena d\u2019activitats dedicades a divulgar la cultura afganesa i la situaci\u00f3 de les dones al seu pa\u00eds.<\/p>\n<p>En iniciar aquest curs 2021-2022, molts dels nostres centres educatius van rebre alumnes de fam\u00edlies refugiades procedents de l\u2019Afganistan despr\u00e9s que els talibans tornessin a prendre el control del pa\u00eds i provoquessin una\u00a0evacuaci\u00f3 a gran escala de poblaci\u00f3 civil.<\/p>\n","protected":false},"author":1,"featured_media":13991,"comment_status":"closed","ping_status":"closed","sticky":false,"template":"","format":"standard","meta":{"_bbp_topic_count":0,"_bbp_reply_count":0,"_bbp_total_topic_count":0,"_bbp_total_reply_count":0,"_bbp_voice_count":0,"_bbp_anonymous_reply_count":0,"_bbp_topic_count_hidden":0,"_bbp_reply_count_hidden":0,"_bbp_forum_subforum_count":0,"site-sidebar-layout":"default","site-content-layout":"","ast-site-content-layout":"","site-content-style":"default","site-sidebar-style":"default","ast-global-header-display":"","ast-banner-title-visibility":"","ast-main-header-display":"","ast-hfb-above-header-display":"","ast-hfb-below-header-display":"","ast-hfb-mobile-header-display":"","site-post-title":"","ast-breadcrumbs-content":"","ast-featured-img":"","footer-sml-layout":"","theme-transparent-header-meta":"","adv-header-id-meta":"","stick-header-meta":"","header-above-stick-meta":"","header-main-stick-meta":"","header-below-stick-meta":"","astra-migrate-meta-layouts":"default","ast-page-background-enabled":"default","ast-page-background-meta":{"desktop":{"background-color":"var(--ast-global-color-4)","background-image":"","background-repeat":"repeat","background-position":"center center","background-size":"auto","background-attachment":"scroll","background-type":"","background-media":"","overlay-type":"","overlay-color":"","overlay-opacity":"","overlay-gradient":""},"tablet":{"background-color":"","background-image":"","background-repeat":"repeat","background-position":"center center","background-size":"auto","background-attachment":"scroll","background-type":"","background-media":"","overlay-type":"","overlay-color":"","overlay-opacity":"","overlay-gradient":""},"mobile":{"background-color":"","background-image":"","background-repeat":"repeat","background-position":"center center","background-size":"auto","background-attachment":"scroll","background-type":"","background-media":"","overlay-type":"","overlay-color":"","overlay-opacity":"","overlay-gradient":""}},"ast-content-background-meta":{"desktop":{"background-color":"var(--ast-global-color-5)","background-image":"","background-repeat":"repeat","background-position":"center center","background-size":"auto","background-attachment":"scroll","background-type":"","background-media":"","overlay-type":"","overlay-color":"","overlay-opacity":"","overlay-gradient":""},"tablet":{"background-color":"var(--ast-global-color-5)","background-image":"","background-repeat":"repeat","background-position":"center center","background-size":"auto","background-attachment":"scroll","background-type":"","background-media":"","overlay-type":"","overlay-color":"","overlay-opacity":"","overlay-gradient":""},"mobile":{"background-color":"var(--ast-global-color-5)","background-image":"","background-repeat":"repeat","background-position":"center center","background-size":"auto","background-attachment":"scroll","background-type":"","background-media":"","overlay-type":"","overlay-color":"","overlay-opacity":"","overlay-gradient":""}},"footnotes":""},"categories":[1,29,531],"tags":[],"class_list":["post-13990","post","type-post","status-publish","format-standard","has-post-thumbnail","hentry","category-general","category-portada","category-telegram"],"post_mailing_queue_ids":[],"_links":{"self":[{"href":"https:\/\/serveiseducatius.xtec.cat\/vallesoccidental6\/wp-json\/wp\/v2\/posts\/13990","targetHints":{"allow":["GET"]}}],"collection":[{"href":"https:\/\/serveiseducatius.xtec.cat\/vallesoccidental6\/wp-json\/wp\/v2\/posts"}],"about":[{"href":"https:\/\/serveiseducatius.xtec.cat\/vallesoccidental6\/wp-json\/wp\/v2\/types\/post"}],"author":[{"embeddable":true,"href":"https:\/\/serveiseducatius.xtec.cat\/vallesoccidental6\/wp-json\/wp\/v2\/users\/1"}],"replies":[{"embeddable":true,"href":"https:\/\/serveiseducatius.xtec.cat\/vallesoccidental6\/wp-json\/wp\/v2\/comments?post=13990"}],"version-history":[{"count":1,"href":"https:\/\/serveiseducatius.xtec.cat\/vallesoccidental6\/wp-json\/wp\/v2\/posts\/13990\/revisions"}],"predecessor-version":[{"id":13992,"href":"https:\/\/serveiseducatius.xtec.cat\/vallesoccidental6\/wp-json\/wp\/v2\/posts\/13990\/revisions\/13992"}],"wp:featuredmedia":[{"embeddable":true,"href":"https:\/\/serveiseducatius.xtec.cat\/vallesoccidental6\/wp-json\/wp\/v2\/media\/13991"}],"wp:attachment":[{"href":"https:\/\/serveiseducatius.xtec.cat\/vallesoccidental6\/wp-json\/wp\/v2\/media?parent=13990"}],"wp:term":[{"taxonomy":"category","embeddable":true,"href":"https:\/\/serveiseducatius.xtec.cat\/vallesoccidental6\/wp-json\/wp\/v2\/categories?post=13990"},{"taxonomy":"post_tag","embeddable":true,"href":"https:\/\/serveiseducatius.xtec.cat\/vallesoccidental6\/wp-json\/wp\/v2\/tags?post=13990"}],"curies":[{"name":"wp","href":"https:\/\/api.w.org\/{rel}","templated":true}]}}