{"id":13899,"date":"2022-03-01T10:12:43","date_gmt":"2022-03-01T09:12:43","guid":{"rendered":"https:\/\/serveiseducatius.xtec.cat\/vallesoccidental6\/?p=13899"},"modified":"2022-03-01T10:12:43","modified_gmt":"2022-03-01T09:12:43","slug":"no-a-la-guerra-a-ucraina-les-vostres-guerres-les-nostres-morts","status":"publish","type":"post","link":"https:\/\/serveiseducatius.xtec.cat\/vallesoccidental6\/general\/no-a-la-guerra-a-ucraina-les-vostres-guerres-les-nostres-morts\/","title":{"rendered":"No a la guerra a Ucra\u00efna: Les vostres guerres, les nostres morts"},"content":{"rendered":"<p><strong><img loading=\"lazy\" decoding=\"async\" class=\"aligncenter  wp-image-13900\" src=\"https:\/\/serveiseducatius.xtec.cat\/vallesoccidental6\/wp-content\/uploads\/usu1109\/2022\/03\/ucraina-02-03-2022_twitter.jpg\" alt=\"\" width=\"653\" height=\"342\" srcset=\"https:\/\/serveiseducatius.xtec.cat\/vallesoccidental6\/wp-content\/uploads\/usu1109\/2022\/03\/ucraina-02-03-2022_twitter.jpg 1024w, https:\/\/serveiseducatius.xtec.cat\/vallesoccidental6\/wp-content\/uploads\/usu1109\/2022\/03\/ucraina-02-03-2022_twitter-300x157.jpg 300w, https:\/\/serveiseducatius.xtec.cat\/vallesoccidental6\/wp-content\/uploads\/usu1109\/2022\/03\/ucraina-02-03-2022_twitter-768x402.jpg 768w\" sizes=\"auto, (max-width: 653px) 100vw, 653px\" \/><\/strong><\/p>\n<p><strong>Ens toca tornar a dir \u2018No a la guerra\u2019. L\u2019actual agressi\u00f3 militar del govern rus contra la poblaci\u00f3 ucra\u00efnesa, fru\u00eft de la tensi\u00f3 acumulada des de fa vuit anys, impacta en la vida de desenes de milions de persones i empeny al conjunt de la humanitat cap al desastre.\u00a0<\/strong>Davant d\u2019aquesta agressi\u00f3, les entitats, moviments socials, partits i sindicats que impulsem aquest manifest som aqu\u00ed, primer de tot, per a rebutjar aquesta agressi\u00f3 i per a mostrar la nostra solidaritat cap a totes les v\u00edctimes d\u2019aquesta guerra i sumar-nos, aix\u00ed, al crit de desenes de capitals europees.<\/p>\n<p><strong>La nostra solidaritat \u00e9s amb la ciutadania d\u2019Ucra\u00efna i amb les v\u00edctimes d\u2019aquesta i de totes les altres guerres actives arreu.<\/strong>\u00a0\u00c9s amb les persones que han hagut d\u2019abandonar casa seva i als seus \u00e9ssers estimats i buscar refugi en altres pa\u00efsos. Segons l\u2019ACNUR, fins a cinc milions de persones poden veure\u2019s obligades a marxar de casa seva. Per elles i per tantes altres en cerca de refugi arreu del m\u00f3n, sense distinci\u00f3 d\u2019origen, defensarem la seva protecci\u00f3 i seguretat: casa nostra, \u00e9s casa vostra!\u00a0<strong>El nostre suport tamb\u00e9 \u00e9s per a totes les persones valentes que es manifesten als carrers de Moscou i a altres ciutats de R\u00fassia per protestar contra les accions del seu govern, malgrat la repressi\u00f3. Ja s\u00f3n milers de persones detingudes en pocs dies.<\/strong><\/p>\n<p><strong>Per\u00f2 m\u00e9s enll\u00e0 de les mostres de solidaritat i les declaracions de condemna, cal passar a l\u2019acci\u00f3 per aturar la viol\u00e8ncia.\u00a0<\/strong>Estem davant de la pitjor crisi ecosocial de la hist\u00f2ria, i les guerres agreugen aquesta situaci\u00f3 perqu\u00e8 generen destrucci\u00f3 i m\u00e9s contaminaci\u00f3, fets incompatibles amb la vida.\u00a0<strong>Necessitem que els nostres governs actu\u00efn per a aturar l\u2019escalada bel\u00b7licista abans de caure en una guerra de proporcions devastadores.<\/strong>\u00a0Durant molt de temps, hem demanat que es treball\u00e9s per a la pau, el desarmament, la fi del comer\u00e7 d\u2019armes i la prevenci\u00f3 d\u2019una escalada b\u00e8l\u00b7lica davant les tensions generades a l\u2019est d\u2019Ucra\u00efna. Per\u00f2 avui, que el conflicte s\u2019ha intensificat, fem una crida a:<\/p>\n<ol>\n<li>Que els governs de la Uni\u00f3 Europea, incloent l\u2019Estat espanyol, i el conjunt de la comunitat internacional dediquin tots els esfor\u00e7os al seu abast per aconseguir \u2013per la via de la negociaci\u00f3, solidaritat econ\u00f2mica i propostes pacificadores \u2013 un cessament integral de les hostilitats i la retirada de totes les tropes d\u2019Ucra\u00efna.<\/li>\n<li>Que la comunitat internacional proporcioni i garanteixi l\u2019acc\u00e9s a l\u2019assist\u00e8ncia humanit\u00e0ria i la protecci\u00f3 internacional a la poblaci\u00f3 d\u2019Ucra\u00cfna, incloent-hi la poblaci\u00f3 despla\u00e7ada i refugiada pel conflicte. La Uni\u00f3 Europea ha d\u2019activar vies legals i segures de manera immediata, i el govern espanyol ha de posar els mecanismes per a fer una acollida real digna assegurant que es respectin el drets de les dones i la inf\u00e0ncia. Els governs de la Generalitat i Ajuntaments han de tenir un rol de lideratge en aquesta acollida.<\/li>\n<li>Que la comunitat internacional inverteixi tots els esfor\u00e7os necessaris per a iniciar un proc\u00e9s real de di\u00e0leg que garanteixi el ple compliment del dret internacional. Cal que la UE i les Nacions Unides impulsin iniciatives de construcci\u00f3 de pau que acullin a tots els actors, inclosa la societat civil dels pa\u00efsos implicats i, especialment, a les dones, per tal que puguin oferir solucions innovadores i pac\u00edfiques que treballin per a una soluci\u00f3 negociada. Tot aix\u00f2 passa per evitar un augment dels pressupostos militars perqu\u00e8 ens portaria a una escalada b\u00e8l\u00b7lica devastadora. No hi ha soluci\u00f3 militar possible: cal rebutjar el model de seguretat hegem\u00f2nic militar mundial, i de l\u2019OTAN en particular, abordar les causes estructurals de la guerra i evitar prendre mesures que augmentin el patiment i les tensions del conflicte.<\/li>\n<\/ol>\n<p class=\"has-text-align-center\"><strong>No hi ha cam\u00ed cap a la Pau. La Pau \u00e9s el cam\u00ed.<\/strong><\/p>\n<p>Font: <a href=\"https:\/\/aturemlaguerra.wordpress.com\/\">https:\/\/aturemlaguerra.wordpress.com\/<\/a><\/p>\n","protected":false},"excerpt":{"rendered":"<p>Ens toca tornar a dir \u2018No a la guerra\u2019. L\u2019actual agressi\u00f3 militar del govern rus contra la poblaci\u00f3 ucra\u00efnesa, fru\u00eft de la tensi\u00f3 acumulada des de fa vuit anys, impacta en la vida de desenes de milions de persones i empeny al conjunt de la humanitat cap al desastre.\u00a0Davant d\u2019aquesta agressi\u00f3, les entitats, moviments socials, partits i sindicats que impulsem aquest manifest som aqu\u00ed, primer de tot, per a rebutjar aquesta agressi\u00f3 i per a mostrar la nostra solidaritat cap a totes les v\u00edctimes d\u2019aquesta guerra i sumar-nos, aix\u00ed, al crit de desenes de capitals europees.<\/p>\n","protected":false},"author":1,"featured_media":13900,"comment_status":"closed","ping_status":"closed","sticky":false,"template":"","format":"standard","meta":{"_bbp_topic_count":0,"_bbp_reply_count":0,"_bbp_total_topic_count":0,"_bbp_total_reply_count":0,"_bbp_voice_count":0,"_bbp_anonymous_reply_count":0,"_bbp_topic_count_hidden":0,"_bbp_reply_count_hidden":0,"_bbp_forum_subforum_count":0,"site-sidebar-layout":"default","site-content-layout":"","ast-site-content-layout":"","site-content-style":"default","site-sidebar-style":"default","ast-global-header-display":"","ast-banner-title-visibility":"","ast-main-header-display":"","ast-hfb-above-header-display":"","ast-hfb-below-header-display":"","ast-hfb-mobile-header-display":"","site-post-title":"","ast-breadcrumbs-content":"","ast-featured-img":"","footer-sml-layout":"","theme-transparent-header-meta":"","adv-header-id-meta":"","stick-header-meta":"","header-above-stick-meta":"","header-main-stick-meta":"","header-below-stick-meta":"","astra-migrate-meta-layouts":"default","ast-page-background-enabled":"default","ast-page-background-meta":{"desktop":{"background-color":"var(--ast-global-color-4)","background-image":"","background-repeat":"repeat","background-position":"center center","background-size":"auto","background-attachment":"scroll","background-type":"","background-media":"","overlay-type":"","overlay-color":"","overlay-opacity":"","overlay-gradient":""},"tablet":{"background-color":"","background-image":"","background-repeat":"repeat","background-position":"center center","background-size":"auto","background-attachment":"scroll","background-type":"","background-media":"","overlay-type":"","overlay-color":"","overlay-opacity":"","overlay-gradient":""},"mobile":{"background-color":"","background-image":"","background-repeat":"repeat","background-position":"center center","background-size":"auto","background-attachment":"scroll","background-type":"","background-media":"","overlay-type":"","overlay-color":"","overlay-opacity":"","overlay-gradient":""}},"ast-content-background-meta":{"desktop":{"background-color":"var(--ast-global-color-5)","background-image":"","background-repeat":"repeat","background-position":"center center","background-size":"auto","background-attachment":"scroll","background-type":"","background-media":"","overlay-type":"","overlay-color":"","overlay-opacity":"","overlay-gradient":""},"tablet":{"background-color":"var(--ast-global-color-5)","background-image":"","background-repeat":"repeat","background-position":"center center","background-size":"auto","background-attachment":"scroll","background-type":"","background-media":"","overlay-type":"","overlay-color":"","overlay-opacity":"","overlay-gradient":""},"mobile":{"background-color":"var(--ast-global-color-5)","background-image":"","background-repeat":"repeat","background-position":"center center","background-size":"auto","background-attachment":"scroll","background-type":"","background-media":"","overlay-type":"","overlay-color":"","overlay-opacity":"","overlay-gradient":""}},"footnotes":""},"categories":[1,29,531],"tags":[],"class_list":["post-13899","post","type-post","status-publish","format-standard","has-post-thumbnail","hentry","category-general","category-portada","category-telegram"],"post_mailing_queue_ids":[],"_links":{"self":[{"href":"https:\/\/serveiseducatius.xtec.cat\/vallesoccidental6\/wp-json\/wp\/v2\/posts\/13899","targetHints":{"allow":["GET"]}}],"collection":[{"href":"https:\/\/serveiseducatius.xtec.cat\/vallesoccidental6\/wp-json\/wp\/v2\/posts"}],"about":[{"href":"https:\/\/serveiseducatius.xtec.cat\/vallesoccidental6\/wp-json\/wp\/v2\/types\/post"}],"author":[{"embeddable":true,"href":"https:\/\/serveiseducatius.xtec.cat\/vallesoccidental6\/wp-json\/wp\/v2\/users\/1"}],"replies":[{"embeddable":true,"href":"https:\/\/serveiseducatius.xtec.cat\/vallesoccidental6\/wp-json\/wp\/v2\/comments?post=13899"}],"version-history":[{"count":1,"href":"https:\/\/serveiseducatius.xtec.cat\/vallesoccidental6\/wp-json\/wp\/v2\/posts\/13899\/revisions"}],"predecessor-version":[{"id":13901,"href":"https:\/\/serveiseducatius.xtec.cat\/vallesoccidental6\/wp-json\/wp\/v2\/posts\/13899\/revisions\/13901"}],"wp:featuredmedia":[{"embeddable":true,"href":"https:\/\/serveiseducatius.xtec.cat\/vallesoccidental6\/wp-json\/wp\/v2\/media\/13900"}],"wp:attachment":[{"href":"https:\/\/serveiseducatius.xtec.cat\/vallesoccidental6\/wp-json\/wp\/v2\/media?parent=13899"}],"wp:term":[{"taxonomy":"category","embeddable":true,"href":"https:\/\/serveiseducatius.xtec.cat\/vallesoccidental6\/wp-json\/wp\/v2\/categories?post=13899"},{"taxonomy":"post_tag","embeddable":true,"href":"https:\/\/serveiseducatius.xtec.cat\/vallesoccidental6\/wp-json\/wp\/v2\/tags?post=13899"}],"curies":[{"name":"wp","href":"https:\/\/api.w.org\/{rel}","templated":true}]}}