{"id":13787,"date":"2022-02-23T09:35:15","date_gmt":"2022-02-23T08:35:15","guid":{"rendered":"https:\/\/serveiseducatius.xtec.cat\/vallesoccidental6\/?p=13787"},"modified":"2022-02-23T09:35:15","modified_gmt":"2022-02-23T08:35:15","slug":"conferencia-the-voices-of-apprentices-in-the-european-year-of-youth-2022","status":"publish","type":"post","link":"https:\/\/serveiseducatius.xtec.cat\/vallesoccidental6\/general\/conferencia-the-voices-of-apprentices-in-the-european-year-of-youth-2022\/","title":{"rendered":"Confer\u00e8ncia \u2018The voices of apprentices in the European Year of Youth 2022\u2019"},"content":{"rendered":"<p><img loading=\"lazy\" decoding=\"async\" class=\"aligncenter size-full wp-image-13788\" src=\"https:\/\/serveiseducatius.xtec.cat\/vallesoccidental6\/wp-content\/uploads\/usu1109\/2022\/02\/Anotacio-2022-02-22-110238.png\" alt=\"\" width=\"594\" height=\"190\" srcset=\"https:\/\/serveiseducatius.xtec.cat\/vallesoccidental6\/wp-content\/uploads\/usu1109\/2022\/02\/Anotacio-2022-02-22-110238.png 594w, https:\/\/serveiseducatius.xtec.cat\/vallesoccidental6\/wp-content\/uploads\/usu1109\/2022\/02\/Anotacio-2022-02-22-110238-300x96.png 300w\" sizes=\"auto, (max-width: 594px) 100vw, 594px\" \/><\/p>\n<p>L\u2019Alian\u00e7a Europea per a l\u2019Aprenentatge (EAfA), en col\u00b7laboraci\u00f3 amb la Direcci\u00f3 General de Formaci\u00f3 Professional de la Generalitat de Catalunya, la Fundaci\u00f3 Bertelsmann i la Xarxa Europea d\u2019Aprenents (EAN), organitzen l\u2019esdeveniment\u00a0<strong>\u201cThe voices of apprentices in the European Year of Youth 2022\u201d<\/strong>.<\/p>\n<p>La confer\u00e8ncia, amb una duraci\u00f3 de dos dies, reuneix agents d\u2019arreu d\u2019Europa per parlar dels rols i la perspectiva dels aprenents i per compartir experi\u00e8ncies de primera m\u00e0.Tamb\u00e9 inclou dues visites presencials a l\u2019Escola del Treball de Barcelona i l\u2019Institut Bonanova, una bona oportunitat per a fomentar els intercanvis i promoure el treball en xarxa.<\/p>\n<p>L\u2019esdeveniment tindr\u00e0 lloc el dijous 24 i el divendres 25 de mar\u00e7 en una configuraci\u00f3 h\u00edbrida amb sessions a Barcelona i retransmeses en l\u00ednia. Per participar, us podeu registrar\u00a0<a href=\"https:\/\/ecorysevents.eventsair.com\/voices-of-apprentices-in-european-year-of-youth-2022\/r\/Site\/Register\">aqu\u00ed<\/a>. Un cop us h\u00e0giu registrat, rebreu m\u00e9s informaci\u00f3 sobre l\u2019estructura, contingut i log\u00edstica de l\u2019esdeveniment. Tamb\u00e9 tindreu l\u2019oportunitat de triar si voleu assistir f\u00edsicament o unir-vos a l\u2019esdeveniment a dist\u00e0ncia.<\/p>\n<p>Us convidem a visitar el\u00a0<a href=\"https:\/\/ecorysevents.eventsair.com\/voices-of-apprentices-in-european-year-of-youth-2022\">lloc web oficial<\/a>\u00a0per m\u00e9s informaci\u00f3.<\/p>\n","protected":false},"excerpt":{"rendered":"<p>L\u2019Alian\u00e7a Europea per a l\u2019Aprenentatge (EAfA), en col\u00b7laboraci\u00f3 amb la Direcci\u00f3 General de Formaci\u00f3 Professional de la Generalitat de Catalunya, la Fundaci\u00f3 Bertelsmann i la Xarxa Europea d\u2019Aprenents (EAN), organitzen l\u2019esdeveniment\u00a0\u201cThe voices of apprentices in the European Year of Youth 2022\u201d.<\/p>\n<p>La confer\u00e8ncia, amb una duraci\u00f3 de dos dies, reuneix agents d\u2019arreu d\u2019Europa per parlar dels rols i la perspectiva dels aprenents i per compartir experi\u00e8ncies de primera m\u00e0.Tamb\u00e9 inclou dues visites presencials a l\u2019Escola del Treball de Barcelona i l\u2019Institut Bonanova, una bona oportunitat per a fomentar els intercanvis i promoure el treball en xarxa.<\/p>\n","protected":false},"author":1,"featured_media":13788,"comment_status":"closed","ping_status":"closed","sticky":false,"template":"","format":"standard","meta":{"_bbp_topic_count":0,"_bbp_reply_count":0,"_bbp_total_topic_count":0,"_bbp_total_reply_count":0,"_bbp_voice_count":0,"_bbp_anonymous_reply_count":0,"_bbp_topic_count_hidden":0,"_bbp_reply_count_hidden":0,"_bbp_forum_subforum_count":0,"site-sidebar-layout":"default","site-content-layout":"","ast-site-content-layout":"","site-content-style":"default","site-sidebar-style":"default","ast-global-header-display":"","ast-banner-title-visibility":"","ast-main-header-display":"","ast-hfb-above-header-display":"","ast-hfb-below-header-display":"","ast-hfb-mobile-header-display":"","site-post-title":"","ast-breadcrumbs-content":"","ast-featured-img":"","footer-sml-layout":"","theme-transparent-header-meta":"","adv-header-id-meta":"","stick-header-meta":"","header-above-stick-meta":"","header-main-stick-meta":"","header-below-stick-meta":"","astra-migrate-meta-layouts":"default","ast-page-background-enabled":"default","ast-page-background-meta":{"desktop":{"background-color":"var(--ast-global-color-4)","background-image":"","background-repeat":"repeat","background-position":"center center","background-size":"auto","background-attachment":"scroll","background-type":"","background-media":"","overlay-type":"","overlay-color":"","overlay-opacity":"","overlay-gradient":""},"tablet":{"background-color":"","background-image":"","background-repeat":"repeat","background-position":"center center","background-size":"auto","background-attachment":"scroll","background-type":"","background-media":"","overlay-type":"","overlay-color":"","overlay-opacity":"","overlay-gradient":""},"mobile":{"background-color":"","background-image":"","background-repeat":"repeat","background-position":"center center","background-size":"auto","background-attachment":"scroll","background-type":"","background-media":"","overlay-type":"","overlay-color":"","overlay-opacity":"","overlay-gradient":""}},"ast-content-background-meta":{"desktop":{"background-color":"var(--ast-global-color-5)","background-image":"","background-repeat":"repeat","background-position":"center center","background-size":"auto","background-attachment":"scroll","background-type":"","background-media":"","overlay-type":"","overlay-color":"","overlay-opacity":"","overlay-gradient":""},"tablet":{"background-color":"var(--ast-global-color-5)","background-image":"","background-repeat":"repeat","background-position":"center center","background-size":"auto","background-attachment":"scroll","background-type":"","background-media":"","overlay-type":"","overlay-color":"","overlay-opacity":"","overlay-gradient":""},"mobile":{"background-color":"var(--ast-global-color-5)","background-image":"","background-repeat":"repeat","background-position":"center center","background-size":"auto","background-attachment":"scroll","background-type":"","background-media":"","overlay-type":"","overlay-color":"","overlay-opacity":"","overlay-gradient":""}},"footnotes":""},"categories":[1,29,531],"tags":[],"class_list":["post-13787","post","type-post","status-publish","format-standard","has-post-thumbnail","hentry","category-general","category-portada","category-telegram"],"post_mailing_queue_ids":[],"_links":{"self":[{"href":"https:\/\/serveiseducatius.xtec.cat\/vallesoccidental6\/wp-json\/wp\/v2\/posts\/13787","targetHints":{"allow":["GET"]}}],"collection":[{"href":"https:\/\/serveiseducatius.xtec.cat\/vallesoccidental6\/wp-json\/wp\/v2\/posts"}],"about":[{"href":"https:\/\/serveiseducatius.xtec.cat\/vallesoccidental6\/wp-json\/wp\/v2\/types\/post"}],"author":[{"embeddable":true,"href":"https:\/\/serveiseducatius.xtec.cat\/vallesoccidental6\/wp-json\/wp\/v2\/users\/1"}],"replies":[{"embeddable":true,"href":"https:\/\/serveiseducatius.xtec.cat\/vallesoccidental6\/wp-json\/wp\/v2\/comments?post=13787"}],"version-history":[{"count":1,"href":"https:\/\/serveiseducatius.xtec.cat\/vallesoccidental6\/wp-json\/wp\/v2\/posts\/13787\/revisions"}],"predecessor-version":[{"id":13789,"href":"https:\/\/serveiseducatius.xtec.cat\/vallesoccidental6\/wp-json\/wp\/v2\/posts\/13787\/revisions\/13789"}],"wp:featuredmedia":[{"embeddable":true,"href":"https:\/\/serveiseducatius.xtec.cat\/vallesoccidental6\/wp-json\/wp\/v2\/media\/13788"}],"wp:attachment":[{"href":"https:\/\/serveiseducatius.xtec.cat\/vallesoccidental6\/wp-json\/wp\/v2\/media?parent=13787"}],"wp:term":[{"taxonomy":"category","embeddable":true,"href":"https:\/\/serveiseducatius.xtec.cat\/vallesoccidental6\/wp-json\/wp\/v2\/categories?post=13787"},{"taxonomy":"post_tag","embeddable":true,"href":"https:\/\/serveiseducatius.xtec.cat\/vallesoccidental6\/wp-json\/wp\/v2\/tags?post=13787"}],"curies":[{"name":"wp","href":"https:\/\/api.w.org\/{rel}","templated":true}]}}