{"id":13781,"date":"2022-02-22T13:53:53","date_gmt":"2022-02-22T12:53:53","guid":{"rendered":"https:\/\/serveiseducatius.xtec.cat\/vallesoccidental6\/?p=13781"},"modified":"2022-02-22T13:53:53","modified_gmt":"2022-02-22T12:53:53","slug":"15a-edicio-del-concurs-joves-i-mobilitat","status":"publish","type":"post","link":"https:\/\/serveiseducatius.xtec.cat\/vallesoccidental6\/general\/15a-edicio-del-concurs-joves-i-mobilitat\/","title":{"rendered":"15a edici\u00f3 del concurs Joves i Mobilitat"},"content":{"rendered":"<p>El RACC convoca aquest premi per a centres educatius, on premiaran el millor projecte educatiu en mobilitat segura i sostenible.<\/p>\n<p>L\u2019objectiu d\u2019aquest guard\u00f3 de Joves i Mobilitat \u00e9s destacar alguna acci\u00f3, projecte o activitat desenvolupada pels centres escolars a l\u2019\u00e0mbit de la mobilitat i la seguretat vi\u00e0ria.<\/p>\n<p>La idea central d\u2019aquesta nova categoria del concurs \u00e9s posar en valor i donar rellev\u00e0ncia i notorietat a les activitats que ja es realitzen regularment durant el curs escolar.<\/p>\n<p><strong><img loading=\"lazy\" decoding=\"async\" class=\" wp-image-13782 alignright\" src=\"https:\/\/serveiseducatius.xtec.cat\/vallesoccidental6\/wp-content\/uploads\/usu1109\/2022\/02\/unnamed-2.png\" alt=\"\" width=\"462\" height=\"250\" srcset=\"https:\/\/serveiseducatius.xtec.cat\/vallesoccidental6\/wp-content\/uploads\/usu1109\/2022\/02\/unnamed-2.png 600w, https:\/\/serveiseducatius.xtec.cat\/vallesoccidental6\/wp-content\/uploads\/usu1109\/2022\/02\/unnamed-2-300x163.png 300w\" sizes=\"auto, (max-width: 462px) 100vw, 462px\" \/>Qu\u00e8 cal fer?<\/strong><\/p>\n<p>Per avaluar l\u2019activitat duta a terme en un centre, caldr\u00e0 que es registri a\u00a0<a href=\"https:\/\/r.comunicacion-nicnacweb.com\/mk\/cl\/f\/PDVvIfC1p9UCwZ1Bxa4tNZtg60mQcl6VjTT65vHgYJbB_BDtz8DrWthRjCNuMkud_Uim-PnUFWKZMeyjREQ757UULcobmrJoErAVm_0J75RMYp8FTSWjgncSNFoz1vmm6fpdDytbkNJio66rfb-1gtngOsoCt3dkfXFRPyDp-berDbpcZtBLkCnl9-5n0N3P0yEIB7U6FvTgEjnZJJU6\" target=\"_blank\" rel=\"noopener\" data-saferedirecturl=\"https:\/\/www.google.com\/url?q=https:\/\/r.comunicacion-nicnacweb.com\/mk\/cl\/f\/PDVvIfC1p9UCwZ1Bxa4tNZtg60mQcl6VjTT65vHgYJbB_BDtz8DrWthRjCNuMkud_Uim-PnUFWKZMeyjREQ757UULcobmrJoErAVm_0J75RMYp8FTSWjgncSNFoz1vmm6fpdDytbkNJio66rfb-1gtngOsoCt3dkfXFRPyDp-berDbpcZtBLkCnl9-5n0N3P0yEIB7U6FvTgEjnZJJU6&amp;source=gmail&amp;ust=1645601288616000&amp;usg=AOvVaw3Js1cXeyLQ8_FeGLPhsJIj\">www.jovesimobilitat.cat<\/a>\u00a0una mem\u00f2ria del projecte desenvolupat durant aquest curs, amb el suport fotogr\u00e0fic i\/o audiovisual de la mateixa.<\/p>\n<p>La informaci\u00f3 que ha de contenir aquesta mem\u00f2ria, aix\u00ed com els criteris d\u2019avaluaci\u00f3 i els recursos disponibles es poden trobar a\u00a0<a href=\"https:\/\/r.comunicacion-nicnacweb.com\/mk\/cl\/f\/6fsbYkbX4-1rp2J-upCu0qtby26ecwmkIy3IhHxopsW2VbJtLX168G8Q2TU0LTNZ--zbC8u6IJMz9oK8UuUfxkcHVPnFvT43yJAZR29j35CB_KbqeH7W1hnrQqF6u_eNwH7mnB8DiYyMlrdKEFl6WU_G6g1b6KFQHwVNSPSGK6khfK1F8BnUu6BouvOko5DWhqZQ5s-bgR7d9JSnPSZI\" target=\"_blank\" rel=\"noopener\" data-saferedirecturl=\"https:\/\/www.google.com\/url?q=https:\/\/r.comunicacion-nicnacweb.com\/mk\/cl\/f\/6fsbYkbX4-1rp2J-upCu0qtby26ecwmkIy3IhHxopsW2VbJtLX168G8Q2TU0LTNZ--zbC8u6IJMz9oK8UuUfxkcHVPnFvT43yJAZR29j35CB_KbqeH7W1hnrQqF6u_eNwH7mnB8DiYyMlrdKEFl6WU_G6g1b6KFQHwVNSPSGK6khfK1F8BnUu6BouvOko5DWhqZQ5s-bgR7d9JSnPSZI&amp;source=gmail&amp;ust=1645601288616000&amp;usg=AOvVaw30JhJ9N3Bbd-C7CFPwY39j\">www.jovesimobilitat.cat<\/a><\/p>\n<p><strong>Premis:<\/strong><\/p>\n<ul>\n<li>Diploma acreditatiu<\/li>\n<li>Pack de material escolar d&#8217;Abacus valorat en 200\u20ac.<\/li>\n<\/ul>\n<p><strong>Calendari:<\/strong><\/p>\n<p>La data l\u00edmit per presentar les mem\u00f2ries \u00e9s el 30 d\u2019abril de 2022.<\/p>\n<p>M\u00e9s informaci\u00f3 a: <a href=\"https:\/\/www.jovesimobilitat.cat\/categories\/\">https:\/\/www.jovesimobilitat.cat\/categories\/<\/a><\/p>\n","protected":false},"excerpt":{"rendered":"<p>El RACC convoca aquest premi per a centres educatius, on premiaran el millor projecte educatiu en mobilitat segura i sostenible.<\/p>\n<p>L\u2019objectiu d\u2019aquest guard\u00f3 de Joves i Mobilitat \u00e9s destacar alguna acci\u00f3, projecte o activitat desenvolupada pels centres escolars a l\u2019\u00e0mbit de la mobilitat i la seguretat vi\u00e0ria.<\/p>\n<p>La idea central d\u2019aquesta nova categoria del concurs \u00e9s posar en valor i donar rellev\u00e0ncia i notorietat a les activitats que ja es realitzen regularment durant el curs escolar.<\/p>\n","protected":false},"author":1,"featured_media":13782,"comment_status":"closed","ping_status":"closed","sticky":false,"template":"","format":"standard","meta":{"_bbp_topic_count":0,"_bbp_reply_count":0,"_bbp_total_topic_count":0,"_bbp_total_reply_count":0,"_bbp_voice_count":0,"_bbp_anonymous_reply_count":0,"_bbp_topic_count_hidden":0,"_bbp_reply_count_hidden":0,"_bbp_forum_subforum_count":0,"site-sidebar-layout":"default","site-content-layout":"","ast-site-content-layout":"","site-content-style":"default","site-sidebar-style":"default","ast-global-header-display":"","ast-banner-title-visibility":"","ast-main-header-display":"","ast-hfb-above-header-display":"","ast-hfb-below-header-display":"","ast-hfb-mobile-header-display":"","site-post-title":"","ast-breadcrumbs-content":"","ast-featured-img":"","footer-sml-layout":"","theme-transparent-header-meta":"","adv-header-id-meta":"","stick-header-meta":"","header-above-stick-meta":"","header-main-stick-meta":"","header-below-stick-meta":"","astra-migrate-meta-layouts":"default","ast-page-background-enabled":"default","ast-page-background-meta":{"desktop":{"background-color":"var(--ast-global-color-4)","background-image":"","background-repeat":"repeat","background-position":"center center","background-size":"auto","background-attachment":"scroll","background-type":"","background-media":"","overlay-type":"","overlay-color":"","overlay-opacity":"","overlay-gradient":""},"tablet":{"background-color":"","background-image":"","background-repeat":"repeat","background-position":"center center","background-size":"auto","background-attachment":"scroll","background-type":"","background-media":"","overlay-type":"","overlay-color":"","overlay-opacity":"","overlay-gradient":""},"mobile":{"background-color":"","background-image":"","background-repeat":"repeat","background-position":"center center","background-size":"auto","background-attachment":"scroll","background-type":"","background-media":"","overlay-type":"","overlay-color":"","overlay-opacity":"","overlay-gradient":""}},"ast-content-background-meta":{"desktop":{"background-color":"var(--ast-global-color-5)","background-image":"","background-repeat":"repeat","background-position":"center center","background-size":"auto","background-attachment":"scroll","background-type":"","background-media":"","overlay-type":"","overlay-color":"","overlay-opacity":"","overlay-gradient":""},"tablet":{"background-color":"var(--ast-global-color-5)","background-image":"","background-repeat":"repeat","background-position":"center center","background-size":"auto","background-attachment":"scroll","background-type":"","background-media":"","overlay-type":"","overlay-color":"","overlay-opacity":"","overlay-gradient":""},"mobile":{"background-color":"var(--ast-global-color-5)","background-image":"","background-repeat":"repeat","background-position":"center center","background-size":"auto","background-attachment":"scroll","background-type":"","background-media":"","overlay-type":"","overlay-color":"","overlay-opacity":"","overlay-gradient":""}},"footnotes":""},"categories":[1,29,531],"tags":[],"class_list":["post-13781","post","type-post","status-publish","format-standard","has-post-thumbnail","hentry","category-general","category-portada","category-telegram"],"post_mailing_queue_ids":[],"_links":{"self":[{"href":"https:\/\/serveiseducatius.xtec.cat\/vallesoccidental6\/wp-json\/wp\/v2\/posts\/13781","targetHints":{"allow":["GET"]}}],"collection":[{"href":"https:\/\/serveiseducatius.xtec.cat\/vallesoccidental6\/wp-json\/wp\/v2\/posts"}],"about":[{"href":"https:\/\/serveiseducatius.xtec.cat\/vallesoccidental6\/wp-json\/wp\/v2\/types\/post"}],"author":[{"embeddable":true,"href":"https:\/\/serveiseducatius.xtec.cat\/vallesoccidental6\/wp-json\/wp\/v2\/users\/1"}],"replies":[{"embeddable":true,"href":"https:\/\/serveiseducatius.xtec.cat\/vallesoccidental6\/wp-json\/wp\/v2\/comments?post=13781"}],"version-history":[{"count":1,"href":"https:\/\/serveiseducatius.xtec.cat\/vallesoccidental6\/wp-json\/wp\/v2\/posts\/13781\/revisions"}],"predecessor-version":[{"id":13783,"href":"https:\/\/serveiseducatius.xtec.cat\/vallesoccidental6\/wp-json\/wp\/v2\/posts\/13781\/revisions\/13783"}],"wp:featuredmedia":[{"embeddable":true,"href":"https:\/\/serveiseducatius.xtec.cat\/vallesoccidental6\/wp-json\/wp\/v2\/media\/13782"}],"wp:attachment":[{"href":"https:\/\/serveiseducatius.xtec.cat\/vallesoccidental6\/wp-json\/wp\/v2\/media?parent=13781"}],"wp:term":[{"taxonomy":"category","embeddable":true,"href":"https:\/\/serveiseducatius.xtec.cat\/vallesoccidental6\/wp-json\/wp\/v2\/categories?post=13781"},{"taxonomy":"post_tag","embeddable":true,"href":"https:\/\/serveiseducatius.xtec.cat\/vallesoccidental6\/wp-json\/wp\/v2\/tags?post=13781"}],"curies":[{"name":"wp","href":"https:\/\/api.w.org\/{rel}","templated":true}]}}